{"id":172542,"date":"2025-02-12T06:00:34","date_gmt":"2025-02-12T09:00:34","guid":{"rendered":"https:\/\/www.blogdothame.blog.br\/v1\/?p=172542"},"modified":"2025-02-11T17:48:39","modified_gmt":"2025-02-11T20:48:39","slug":"ibram-cbpm-e-sinjorba-lancam-premio-de-jornalismo-com-foco-em-mineracao-e-sustentabilidade","status":"publish","type":"post","link":"https:\/\/www.blogdothame.blog.br\/v1\/2025\/02\/12\/ibram-cbpm-e-sinjorba-lancam-premio-de-jornalismo-com-foco-em-mineracao-e-sustentabilidade\/","title":{"rendered":"IBRAM, CBPM e Sinjorba lan\u00e7am pr\u00eamio de Jornalismo com foco em minera\u00e7\u00e3o e sustentabilidade"},"content":{"rendered":"<div id=\"attachment_172543\" style=\"width: 470px\" class=\"wp-caption aligncenter\"><img aria-describedby=\"caption-attachment-172543\" loading=\"lazy\" class=\" wp-image-172543\" src=\"https:\/\/www.blogdothame.blog.br\/v1\/wp-content\/uploads\/2025\/02\/sinj.jpeg\" alt=\"\" width=\"460\" height=\"290\" srcset=\"https:\/\/www.blogdothame.blog.br\/v1\/wp-content\/uploads\/2025\/02\/sinj.jpeg 600w, https:\/\/www.blogdothame.blog.br\/v1\/wp-content\/uploads\/2025\/02\/sinj-300x189.jpeg 300w\" sizes=\"(max-width: 460px) 100vw, 460px\" \/><p id=\"caption-attachment-172543\" class=\"wp-caption-text\">Henrique Carballal (presidente da CBPM) e Moacy Neves (presidente do Sinjorba), ladeados por Lu\u00eds Ot\u00e1vio Borges e Manoel Barretto, diretores da Companhia.<\/p><\/div>\n<p>O Sindicato dos Jornalistas da Bahia (Sinjorba) firmou entendimentos com a Companhia Baiana de Pesquisa Mineral (CBPM) e o Instituto Brasileiro de Minera\u00e7\u00e3o (IBRAM) para realizar em 2025 o \u201cPr\u00eamio IBRAM\/CBPM\/Sinjorba de Jornalismo: Minera\u00e7\u00e3o e Sustentabilidade\u201d. A premia\u00e7\u00e3o ocorrer\u00e1 em outubro, durante a realiza\u00e7\u00e3o, em Salvador, da Expo &amp; Congresso Brasileiro de Minera\u00e7\u00e3o (EXPOSIBRAM).<\/p>\n<p>Ser\u00e3o premiadas tr\u00eas produ\u00e7\u00f5es jornal\u00edsticas em ve\u00edculos de comunica\u00e7\u00e3o da Bahia, nas categorias \u201cTexto\u201d (publica\u00e7\u00f5es em jornais, revistas, sites e blogs) e \u201c\u00c1udio\/V\u00eddeo\u201d (emissoras de r\u00e1dio, TV e podcasts), al\u00e9m de uma premia\u00e7\u00e3o para uma produ\u00e7\u00e3o nacional que trate do tema minera\u00e7\u00e3o e sustentabilidade no territ\u00f3rio baiano. No total, ser\u00e3o sete produ\u00e7\u00f5es premiadas. O objetivo \u00e9 estimular e reconhecer o trabalho de jornalistas e radialistas na cobertura do setor de minera\u00e7\u00e3o no estado, na perspectiva sustent\u00e1vel e social.<\/p>\n<p>As inscri\u00e7\u00f5es estar\u00e3o abertas entre 1\u00ba e 30 de maio e considerar\u00e1 trabalhos jornal\u00edsticos veiculados\/publicados entre 1\u00ba de outubro de 2024 e 30 de abril de 2025, que tenham rela\u00e7\u00e3o direta com o tema.\u00a0 Ser\u00e1 limitada a inscri\u00e7\u00e3o de um trabalho por participante, de forma a garantir que mais trabalhos e iniciativas sejam visibilizados e premiados. As reportagens dever\u00e3o ser enviadas at\u00e9 o dia 15 de junho de 2025.<\/p>\n<p><!--more--><\/p>\n<p>Para julgar os trabalhos, ser\u00e1 indicada uma comiss\u00e3o com cinco integrantes, sendo um professor universit\u00e1rio da \u00e1rea de minera\u00e7\u00e3o, um professor de Jornalismo, um t\u00e9cnico da CBPM e dois jornalistas, um da \u00e1rea de texto e outro da \u00e1rea de \u00e1udio\/v\u00eddeo. O resultado ser\u00e1 divulgado at\u00e9 15 de setembro e a premia\u00e7\u00e3o feita durante a EXPOSIBRAM, em fins de outubro. Em breve ser\u00e3o divulgados o regulamento e os canais de inscri\u00e7\u00e3o.<\/p>\n<p>A ideia de criar o \u201cPr\u00eamio IBRAM\/CBPM\/Sinjorba de Jornalismo: Minera\u00e7\u00e3o e Sustentabilidade\u201d surgiu de uma conversa entre o presidente da CBPM, Henrique Carballal e o presidente do Sinjorba, Moacy Neves. Os entendimentos finais ocorreram em uma reuni\u00e3o no dia 28 de janeiro passado, da qual participaram outros dois diretores da Companhia, Lu\u00eds Ot\u00e1vio Borges (diretor administrativo e financeiro) e Manoel Barretto (diretor t\u00e9cnico).<\/p>\n<p>(Foto Beatriz Araujo)<\/p>\n","protected":false},"excerpt":{"rendered":"<p>O Sindicato dos Jornalistas da Bahia (Sinjorba) firmou entendimentos com a Companhia Baiana de Pesquisa Mineral (CBPM) e o Instituto Brasileiro de Minera\u00e7\u00e3o (IBRAM) para realizar em 2025 o \u201cPr\u00eamio IBRAM\/CBPM\/Sinjorba de Jornalismo: Minera\u00e7\u00e3o e Sustentabilidade\u201d. A premia\u00e7\u00e3o ocorrer\u00e1 em outubro, durante a realiza\u00e7\u00e3o, em Salvador, da Expo &amp; Congresso Brasileiro de Minera\u00e7\u00e3o (EXPOSIBRAM). Ser\u00e3o [&hellip;]<\/p>\n","protected":false},"author":2,"featured_media":172543,"comment_status":"open","ping_status":"open","sticky":false,"template":"","format":"standard","meta":{"_links_to":"","_links_to_target":""},"categories":[33434],"tags":[39296,34338,24659,39297],"_links":{"self":[{"href":"https:\/\/www.blogdothame.blog.br\/v1\/wp-json\/wp\/v2\/posts\/172542"}],"collection":[{"href":"https:\/\/www.blogdothame.blog.br\/v1\/wp-json\/wp\/v2\/posts"}],"about":[{"href":"https:\/\/www.blogdothame.blog.br\/v1\/wp-json\/wp\/v2\/types\/post"}],"author":[{"embeddable":true,"href":"https:\/\/www.blogdothame.blog.br\/v1\/wp-json\/wp\/v2\/users\/2"}],"replies":[{"embeddable":true,"href":"https:\/\/www.blogdothame.blog.br\/v1\/wp-json\/wp\/v2\/comments?post=172542"}],"version-history":[{"count":1,"href":"https:\/\/www.blogdothame.blog.br\/v1\/wp-json\/wp\/v2\/posts\/172542\/revisions"}],"predecessor-version":[{"id":172544,"href":"https:\/\/www.blogdothame.blog.br\/v1\/wp-json\/wp\/v2\/posts\/172542\/revisions\/172544"}],"wp:featuredmedia":[{"embeddable":true,"href":"https:\/\/www.blogdothame.blog.br\/v1\/wp-json\/wp\/v2\/media\/172543"}],"wp:attachment":[{"href":"https:\/\/www.blogdothame.blog.br\/v1\/wp-json\/wp\/v2\/media?parent=172542"}],"wp:term":[{"taxonomy":"category","embeddable":true,"href":"https:\/\/www.blogdothame.blog.br\/v1\/wp-json\/wp\/v2\/categories?post=172542"},{"taxonomy":"post_tag","embeddable":true,"href":"https:\/\/www.blogdothame.blog.br\/v1\/wp-json\/wp\/v2\/tags?post=172542"}],"curies":[{"name":"wp","href":"https:\/\/api.w.org\/{rel}","templated":true}]}}