{"id":172361,"date":"2025-02-06T06:49:49","date_gmt":"2025-02-06T09:49:49","guid":{"rendered":"https:\/\/www.blogdothame.blog.br\/v1\/?p=172361"},"modified":"2025-02-05T08:54:08","modified_gmt":"2025-02-05T11:54:08","slug":"concurso-do-crmv-ba-tem-salarios-de-ate-r-8-00000","status":"publish","type":"post","link":"https:\/\/www.blogdothame.blog.br\/v1\/2025\/02\/06\/concurso-do-crmv-ba-tem-salarios-de-ate-r-8-00000\/","title":{"rendered":"Concurso do CRMV\/BA tem sal\u00e1rios de at\u00e9 R$ 8.000,00"},"content":{"rendered":"<p><img loading=\"lazy\" class=\"alignleft  wp-image-172362\" src=\"https:\/\/www.blogdothame.blog.br\/v1\/wp-content\/uploads\/2025\/02\/edital-crmv.jpg\" alt=\"\" width=\"286\" height=\"358\" srcset=\"https:\/\/www.blogdothame.blog.br\/v1\/wp-content\/uploads\/2025\/02\/edital-crmv.jpg 320w, https:\/\/www.blogdothame.blog.br\/v1\/wp-content\/uploads\/2025\/02\/edital-crmv-240x300.jpg 240w\" sizes=\"(max-width: 286px) 100vw, 286px\" \/>Foi publicado na \u00faltima segunda-feira, 03\/02\/2025, o\u00a0Edital\u00a0para o Concurso 2025 do Conselho Regional de Medicina Veterin\u00e1ria do Estado da Bahia (CRMV\/BA). A previs\u00e3o \u00e9 selecionar \u00a0m\u00e9dico-veterin\u00e1rio \u00a0fiscal, assistentes administrativos, assistentes fiscais, advogado e contador. S\u00e3o quatro vagas imediatas e 30 para cadastro reserva.<\/p>\n<p>&nbsp;<\/p>\n<p>As inscri\u00e7\u00f5es poder\u00e3o ser feitas at\u00e9 o dia 12 de mar\u00e7o de 2025, quarta-feira. Vale lembrar que o \u00faltimo concurso foi realizado h\u00e1 quase sete anos, em 2018.<\/p>\n<p>&nbsp;<\/p>\n<p>Com sal\u00e1rios iniciais chegando a \u00a0at\u00e9 R$ 8.000,00, o Regional baiano tem objetivo de atender \u00e0 crescente procura de servi\u00e7os por parte de profissionais e empresas ligadas \u00e0 Medicina Veterin\u00e1ria e \u00e0 Zootecnia, al\u00e9m da sociedade em geral.<\/p>\n<p><!--more--><\/p>\n<p>Ison\u00f4mico<\/p>\n<p>&nbsp;<\/p>\n<p>Antevendo o interesse, o presidente do tri\u00eanio 2025-2028, L\u00facio Leopoldo convidou: \u201cvenham fazer parte da estrutura organizacional do CRMV\/BA via concurso, que \u00e9 um modo democr\u00e1tico e ison\u00f4mico de ingresso no setor p\u00fablico. Participando diretamente do Sistema CFMV-CRMVs, os aprovados v\u00e3o atender \u00e0 sociedade\u201d.<\/p>\n<p>.<\/p>\n<p>Finalizando suas duas gest\u00f5es como presidente (2019-2022 e 2022-2025), Altair Santana fala da satisfa\u00e7\u00e3o pela publica\u00e7\u00e3o do edital: \u201cap\u00f3s licita\u00e7\u00e3o, a banca realizadora foi contratada e foram muitas rodadas de negocia\u00e7\u00e3o para o documento ser o mais fiel poss\u00edvel \u00e0s atuais demandas da Autarquia. Isso nos deixa com a sensa\u00e7\u00e3o de mais uma realiza\u00e7\u00e3o da nossa gest\u00e3o, mais uma entrega importante para o nosso querido Conselho\u201d.<\/p>\n<p>&nbsp;<\/p>\n<p>Benef\u00edcios<\/p>\n<p>&nbsp;<\/p>\n<p>Sendo presidente da comiss\u00e3o do CRMV\/BA que acompanhou todas as etapas para cria\u00e7\u00e3o do concurso, a secret\u00e1ria-geral do \u00a0Regional, Maria Tereza Mascarenhas, pontua que \u201c\u00e9 mais uma entrega desta gest\u00e3o [\u2026] este edital foi feito por uma comiss\u00e3o a qual estivemos \u00e0 frente e o conte\u00fado a ser cobrado nas provas ser\u00e1 o mesmo que \u00e9 utilizado nas atividades do Conselho. Nosso edital tem um peso grande das legisla\u00e7\u00f5es referentes ao Conselho. Tamb\u00e9m conv\u00eam assinalar que ter\u00e1 a avalia\u00e7\u00e3o de curr\u00edculo para o n\u00edvel superior levando em conta, entre outras coisas, a experi\u00eancia profissional. Com tudo isso, esperamos que venham os melhores profissionais para se juntar ao time que temos aqui, que \u00e9 de excel\u00eancia\u201d.<\/p>\n<p>Tendo prazo de validade de dois anos, a sele\u00e7\u00e3o pode ser prorrogada por igual per\u00edodo, de acordo com as necessidades da institui\u00e7\u00e3o. As provas v\u00e3o ser realizadas em Salvador no dia 06 de abril de 2025.<\/p>\n<p>Al\u00e9m dos vencimentos b\u00e1sicos de cada vaga, que est\u00e3o detalhados no edital, \u00a0os aprovados ter\u00e3o como benef\u00edcios: \u00a0Plano de Sa\u00fade, Aux\u00edlio Alimenta\u00e7\u00e3o, Plano de Cargos e Sal\u00e1rios e ser\u00e3o regidos pela CLT.<\/p>\n","protected":false},"excerpt":{"rendered":"<p>Foi publicado na \u00faltima segunda-feira, 03\/02\/2025, o\u00a0Edital\u00a0para o Concurso 2025 do Conselho Regional de Medicina Veterin\u00e1ria do Estado da Bahia (CRMV\/BA). A previs\u00e3o \u00e9 selecionar \u00a0m\u00e9dico-veterin\u00e1rio \u00a0fiscal, assistentes administrativos, assistentes fiscais, advogado e contador. S\u00e3o quatro vagas imediatas e 30 para cadastro reserva. &nbsp; As inscri\u00e7\u00f5es poder\u00e3o ser feitas at\u00e9 o dia 12 de mar\u00e7o [&hellip;]<\/p>\n","protected":false},"author":2,"featured_media":172362,"comment_status":"open","ping_status":"open","sticky":false,"template":"","format":"standard","meta":{"_links_to":"","_links_to_target":""},"categories":[33436],"tags":[12544,37268],"_links":{"self":[{"href":"https:\/\/www.blogdothame.blog.br\/v1\/wp-json\/wp\/v2\/posts\/172361"}],"collection":[{"href":"https:\/\/www.blogdothame.blog.br\/v1\/wp-json\/wp\/v2\/posts"}],"about":[{"href":"https:\/\/www.blogdothame.blog.br\/v1\/wp-json\/wp\/v2\/types\/post"}],"author":[{"embeddable":true,"href":"https:\/\/www.blogdothame.blog.br\/v1\/wp-json\/wp\/v2\/users\/2"}],"replies":[{"embeddable":true,"href":"https:\/\/www.blogdothame.blog.br\/v1\/wp-json\/wp\/v2\/comments?post=172361"}],"version-history":[{"count":1,"href":"https:\/\/www.blogdothame.blog.br\/v1\/wp-json\/wp\/v2\/posts\/172361\/revisions"}],"predecessor-version":[{"id":172363,"href":"https:\/\/www.blogdothame.blog.br\/v1\/wp-json\/wp\/v2\/posts\/172361\/revisions\/172363"}],"wp:featuredmedia":[{"embeddable":true,"href":"https:\/\/www.blogdothame.blog.br\/v1\/wp-json\/wp\/v2\/media\/172362"}],"wp:attachment":[{"href":"https:\/\/www.blogdothame.blog.br\/v1\/wp-json\/wp\/v2\/media?parent=172361"}],"wp:term":[{"taxonomy":"category","embeddable":true,"href":"https:\/\/www.blogdothame.blog.br\/v1\/wp-json\/wp\/v2\/categories?post=172361"},{"taxonomy":"post_tag","embeddable":true,"href":"https:\/\/www.blogdothame.blog.br\/v1\/wp-json\/wp\/v2\/tags?post=172361"}],"curies":[{"name":"wp","href":"https:\/\/api.w.org\/{rel}","templated":true}]}}