{"id":17226,"date":"2013-02-27T08:39:59","date_gmt":"2013-02-27T11:39:59","guid":{"rendered":"http:\/\/www.blogdothame.blog.br\/v1\/?p=17226"},"modified":"2013-02-27T08:40:24","modified_gmt":"2013-02-27T11:40:24","slug":"bento-xvi-diz-que-renuncia-exigiu-coragem-e-pede-oracoes-para-seu-sucessor","status":"publish","type":"post","link":"https:\/\/www.blogdothame.blog.br\/v1\/2013\/02\/27\/bento-xvi-diz-que-renuncia-exigiu-coragem-e-pede-oracoes-para-seu-sucessor\/","title":{"rendered":"Bento XVI diz que renuncia exigiu coragem e pede ora\u00e7\u00f5es para seu sucessor"},"content":{"rendered":"<div id=\"attachment_17227\" style=\"width: 277px\" class=\"wp-caption aligncenter\"><a href=\"http:\/\/www.blogdothame.blog.br\/v1\/wp-content\/uploads\/2013\/02\/papa-2.jpg\"><img aria-describedby=\"caption-attachment-17227\" loading=\"lazy\" class=\"size-full wp-image-17227\" title=\"papa  2\" src=\"http:\/\/www.blogdothame.blog.br\/v1\/wp-content\/uploads\/2013\/02\/papa-2.jpg\" alt=\"\" width=\"267\" height=\"189\" \/><\/a><p id=\"caption-attachment-17227\" class=\"wp-caption-text\">Bento XVI se despede: a coragem de escancarar as feridas de uma igreja que precisa se purificar<\/p><\/div>\n<p>(Renata Giraldi\/<em>Ag\u00eancia Brasil) <\/em>\u00a0Na sua \u00faltima audi\u00eancia geral como papa, Bento XVI, de 85 anos, justificou hoje (27) a decis\u00e3o de renunciar, alegando que suas \u201cfor\u00e7as tinham diminu\u00eddo\u201d, nos \u00faltimos meses. Tamb\u00e9m disse que um papa nunca \u201cest\u00e1 sozinho\u201d e agradeceu a cada um que o apoiou, nos oito anos de pontificado. Segundo Bento XVI, sua decis\u00e3o foi consciente e baseada na coragem de tomar \u201cdecis\u00f5es dif\u00edceis\u201d. O papa pediu ainda que sejam feitas ora\u00e7\u00f5es para seu sucessor e os cardeais que participar\u00e3o do conclave, quando ser\u00e1 escolhido o pr\u00f3ximo pont\u00edfice.<\/p>\n<div id=\"attachment_17228\" style=\"width: 303px\" class=\"wp-caption alignright\"><a href=\"http:\/\/www.blogdothame.blog.br\/v1\/wp-content\/uploads\/2013\/02\/papa-1.jpg\"><img aria-describedby=\"caption-attachment-17228\" loading=\"lazy\" class=\"size-full wp-image-17228\" title=\"papa  1\" src=\"http:\/\/www.blogdothame.blog.br\/v1\/wp-content\/uploads\/2013\/02\/papa-1.jpg\" alt=\"\" width=\"293\" height=\"172\" \/><\/a><p id=\"caption-attachment-17228\" class=\"wp-caption-text\">milhares de pessoas no ultimo ato do quase ex-Papa<\/p><\/div>\n<p>\u201cDei esse passo em plena consci\u00eancia da sua gravidade e novidade\u201d, ressaltou o papa, sendo aplaudido, inclusive de p\u00e9, por cardeais e bispos, al\u00e9m do p\u00fablico de cerca de 200 mil pessoas, segundo o Vaticano. \u201cTer coragem de fazer escolhas dif\u00edceis \u00e9 ter sempre dentro de si o bem da Igreja\u201d, acrescentou. O papa deixar\u00e1 o pontificado amanh\u00e3 (28).<\/p>\n<p>A celebra\u00e7\u00e3o foi acompanhada por fi\u00e9is de v\u00e1rios pa\u00edses, inclusive brasileiros que seguravam bandeiras do Brasil. A Pra\u00e7a S\u00e3o Pedro foi cercada por um forte esquema de seguran\u00e7a. Na primeira parte da cerim\u00f4nia, houve em uma sauda\u00e7\u00e3o em v\u00e1rios idiomas, inclusive portugu\u00eas de Portugal: \u201cDamos gra\u00e7as a Deus orando continuamente\u201d.<\/p>\n<p>Bento XVI foi aplaudido ao pedir ora\u00e7\u00f5es durante o conclave, quando ser\u00e1 escolhido o pr\u00f3ximo papa, e pelo seu sucessor. \u201cOrem pelos cardeais e pelo sucessor de Pedro [aquele que ocupa o pontificado \u00e9 chamado de papa e sucessor do ap\u00f3stolo Pedro]\u201d, disse. \u201cOs cardeais [reunidos no conclave] ter\u00e3o uma tarefa relevante.\u201d<\/p>\n<p><!--more--><\/p>\n<p>Ao mencionar as atribui\u00e7\u00f5es do pontificado, Bento XVI destacou que a Igreja Cat\u00f3lica Apost\u00f3lica Romana n\u00e3o est\u00e1 representada apenas em uma pessoa, no papa, mas pertence a Deus. \u201cSempre soube que o barco da Igreja n\u00e3o \u00e9 meu, n\u00e3o \u00e9 nosso, \u00e9 Dele [de Deus]\u201d, disse.<\/p>\n<p>O papa lembrou que, quando foi eleito, em 19 de abril de 2005, sentiu \u201cum peso sobre os ombros\u201d, mas pediu luz a Deus. \u201cAceitei e sempre tive a certeza de que Ele me acompanhou. [Na ocasi\u00e3o], disse: &#8216;Senhor, por que me pedes isso? \u00c9 um peso grande sobre os meus ombros, aceitarei apesar de todas as minha fraquezas&#8217;\u201d, disse Bento XVI, na celebra\u00e7\u00e3o.<\/p>\n<p>Ao analisar a vida no pontificado, Bento XVI disse que um papa nunca est\u00e1 sozinho. \u201cO papa pertence a todos\u201d, ressaltou. \u201cUm papa n\u00e3o est\u00e1 sozinho no barco de Pedro, mesmo que seja sua primeira responsabilidade. Eu nunca me senti sozinho.\u201d<\/p>\n<p>Bento XVI lembrou que um cardeal, ao ser escolhido papa, perde sua privacidade e disse que, ao renunciar, ele n\u00e3o voltar\u00e1 \u00e0 vida que mantinha antes do pontificado. \u201cQuando se est\u00e1 empenhado \u00e9 para sempre o Minist\u00e9rio Petrino [o pontificado]. Quem assume o Minist\u00e9rio Petrino perde a privacidade\u201d, disse. \u201cRecebe-se a vida quando perde-se a vida.\u201d<\/p>\n<p>Ao final, o papa agradeceu a todos que o acompanharam nos \u00faltimos oito anos. Ele citou a Igreja Cat\u00f3lica Apost\u00f3lica Romana, os fi\u00e9is, a equipe de diplomatas do Vaticano, os respons\u00e1veis pela comunica\u00e7\u00e3o e os an\u00f4nimos.<\/p>\n","protected":false},"excerpt":{"rendered":"<p>(Renata Giraldi\/Ag\u00eancia Brasil) \u00a0Na sua \u00faltima audi\u00eancia geral como papa, Bento XVI, de 85 anos, justificou hoje (27) a decis\u00e3o de renunciar, alegando que suas \u201cfor\u00e7as tinham diminu\u00eddo\u201d, nos \u00faltimos meses. Tamb\u00e9m disse que um papa nunca \u201cest\u00e1 sozinho\u201d e agradeceu a cada um que o apoiou, nos oito anos de pontificado. Segundo Bento XVI, [&hellip;]<\/p>\n","protected":false},"author":2,"featured_media":0,"comment_status":"open","ping_status":"open","sticky":false,"template":"","format":"standard","meta":{"_links_to":"","_links_to_target":""},"categories":[1],"tags":[6128,1696,3060,5965,3059],"_links":{"self":[{"href":"https:\/\/www.blogdothame.blog.br\/v1\/wp-json\/wp\/v2\/posts\/17226"}],"collection":[{"href":"https:\/\/www.blogdothame.blog.br\/v1\/wp-json\/wp\/v2\/posts"}],"about":[{"href":"https:\/\/www.blogdothame.blog.br\/v1\/wp-json\/wp\/v2\/types\/post"}],"author":[{"embeddable":true,"href":"https:\/\/www.blogdothame.blog.br\/v1\/wp-json\/wp\/v2\/users\/2"}],"replies":[{"embeddable":true,"href":"https:\/\/www.blogdothame.blog.br\/v1\/wp-json\/wp\/v2\/comments?post=17226"}],"version-history":[{"count":2,"href":"https:\/\/www.blogdothame.blog.br\/v1\/wp-json\/wp\/v2\/posts\/17226\/revisions"}],"predecessor-version":[{"id":17230,"href":"https:\/\/www.blogdothame.blog.br\/v1\/wp-json\/wp\/v2\/posts\/17226\/revisions\/17230"}],"wp:attachment":[{"href":"https:\/\/www.blogdothame.blog.br\/v1\/wp-json\/wp\/v2\/media?parent=17226"}],"wp:term":[{"taxonomy":"category","embeddable":true,"href":"https:\/\/www.blogdothame.blog.br\/v1\/wp-json\/wp\/v2\/categories?post=17226"},{"taxonomy":"post_tag","embeddable":true,"href":"https:\/\/www.blogdothame.blog.br\/v1\/wp-json\/wp\/v2\/tags?post=17226"}],"curies":[{"name":"wp","href":"https:\/\/api.w.org\/{rel}","templated":true}]}}