{"id":171809,"date":"2025-01-21T14:37:07","date_gmt":"2025-01-21T17:37:07","guid":{"rendered":"https:\/\/www.blogdothame.blog.br\/v1\/?p=171809"},"modified":"2025-01-21T14:37:07","modified_gmt":"2025-01-21T17:37:07","slug":"racismo-de-todas-as-formas","status":"publish","type":"post","link":"https:\/\/www.blogdothame.blog.br\/v1\/2025\/01\/21\/racismo-de-todas-as-formas\/","title":{"rendered":"Racismo de todas as formas"},"content":{"rendered":"<p style=\"text-align: right;\"><strong><img loading=\"lazy\" class=\"aligncenter  wp-image-171810\" src=\"https:\/\/www.blogdothame.blog.br\/v1\/wp-content\/uploads\/2025\/01\/PHOTO-2025-01-21-12-56-51.jpg\" alt=\"\" width=\"365\" height=\"365\" srcset=\"https:\/\/www.blogdothame.blog.br\/v1\/wp-content\/uploads\/2025\/01\/PHOTO-2025-01-21-12-56-51.jpg 550w, https:\/\/www.blogdothame.blog.br\/v1\/wp-content\/uploads\/2025\/01\/PHOTO-2025-01-21-12-56-51-300x300.jpg 300w, https:\/\/www.blogdothame.blog.br\/v1\/wp-content\/uploads\/2025\/01\/PHOTO-2025-01-21-12-56-51-150x150.jpg 150w\" sizes=\"(max-width: 365px) 100vw, 365px\" \/>Carlos Santana<\/strong><\/p>\n<p>O racismo no Brasil \u00e9 mais do que um problema social, \u00e9 uma HERAN\u00c7A que segue viva, marginalizando milh\u00f5es. Apesar de avan\u00e7os aparentes, estamos em 2025 e ainda testemunhamos um pa\u00eds onde a popula\u00e7\u00e3o negra enfrenta viol\u00eancia, desigualdade e exclus\u00e3o em todos os n\u00edveis. Casos como o de Jo\u00e3o Alberto, brutalmente assassinado em um supermercado, e o de Miguel Ot\u00e1vio, uma crian\u00e7a que perdeu a vida sob neglig\u00eancia, escancaram a CRUELDADE de uma sociedade que insiste em fechar os olhos para a realidade. ISSO \u00c9 NORMAL? Dados do Atlas da Viol\u00eancia apontam que 77% das v\u00edtimas de homic\u00eddio no Brasil s\u00e3o negras. Mulheres negras, como Dona S\u00f4nia, seguem sendo escravizadas por quem deveria garantir justi\u00e7a. E o Congresso, que deveria refletir a diversidade do povo, \u00e9 dominado por representantes brancos.<\/p>\n<p>COMO PODEMOS FALAR EM DEMOCRACIA? A exclus\u00e3o racial vai al\u00e9m da viol\u00eancia f\u00edsica. Ela est\u00e1 nas escolas, onde crian\u00e7as negras s\u00e3o alvos de bullying e piadas cru\u00e9is; nos empregos, onde s\u00e3o preteridas por sua cor; e at\u00e9 nos vestibulares, onde fraudes nas cotas raciais roubam oportunidades de quem realmente precisa. E se fosse com voc\u00ea? Imagine seu filho sendo chamado de &#8220;macaco&#8221; ou &#8220;escravo&#8221;. Imagine perder um emprego porque sua pele n\u00e3o agrada aos padr\u00f5es. O que voc\u00ea faria? Para a popula\u00e7\u00e3o negra, essa dor \u00e9 di\u00e1ria. A JUSTI\u00c7A, que deveria ser um ref\u00fagio, muitas vezes \u00e9 a PRIS\u00c3O que legitima a opress\u00e3o.<\/p>\n<p>O Brasil s\u00f3 avan\u00e7ar\u00e1 quando pararmos de normalizar o inaceit\u00e1vel. \u00c9 PRECISO AGIR. \u00c9 preciso pressionar para que o Estado cumpra sua Constitui\u00e7\u00e3o, garantindo IGUALDADE para todos. A luta pela justi\u00e7a racial n\u00e3o \u00e9 apenas da popula\u00e7\u00e3o negra. \u00c9 DE TODOS N\u00d3S. A hist\u00f3ria desse pa\u00eds foi constru\u00edda pelas m\u00e3os de homens e mulheres negras, desde as planta\u00e7\u00f5es at\u00e9 os grandes centros urbanos. A d\u00edvida hist\u00f3rica que temos com essas pessoas n\u00e3o pode ser ignorada. O tempo de mudan\u00e7as \u00e9 AGORA. O QUE VOC\u00ca EST\u00c1 FAZENDO PARA ACABAR COM ESSA REALIDADE?<\/p>\n<p>&#8212;-<\/p>\n<p>Carlos Santana \u00e9 Diretor de Combate ao Racismo da ABES, Coordena\u00e7\u00e3o Secundarista do Kizomba, formado em Servi\u00e7os Jur\u00eddicos pelo CETEP M\u00e9dio Sudoeste-Itoror\u00f3<\/p>\n","protected":false},"excerpt":{"rendered":"<p>Carlos Santana O racismo no Brasil \u00e9 mais do que um problema social, \u00e9 uma HERAN\u00c7A que segue viva, marginalizando milh\u00f5es. Apesar de avan\u00e7os aparentes, estamos em 2025 e ainda testemunhamos um pa\u00eds onde a popula\u00e7\u00e3o negra enfrenta viol\u00eancia, desigualdade e exclus\u00e3o em todos os n\u00edveis. Casos como o de Jo\u00e3o Alberto, brutalmente assassinado em [&hellip;]<\/p>\n","protected":false},"author":2,"featured_media":171810,"comment_status":"open","ping_status":"open","sticky":false,"template":"","format":"standard","meta":{"_links_to":"","_links_to_target":""},"categories":[33434],"tags":[39184,7729],"_links":{"self":[{"href":"https:\/\/www.blogdothame.blog.br\/v1\/wp-json\/wp\/v2\/posts\/171809"}],"collection":[{"href":"https:\/\/www.blogdothame.blog.br\/v1\/wp-json\/wp\/v2\/posts"}],"about":[{"href":"https:\/\/www.blogdothame.blog.br\/v1\/wp-json\/wp\/v2\/types\/post"}],"author":[{"embeddable":true,"href":"https:\/\/www.blogdothame.blog.br\/v1\/wp-json\/wp\/v2\/users\/2"}],"replies":[{"embeddable":true,"href":"https:\/\/www.blogdothame.blog.br\/v1\/wp-json\/wp\/v2\/comments?post=171809"}],"version-history":[{"count":1,"href":"https:\/\/www.blogdothame.blog.br\/v1\/wp-json\/wp\/v2\/posts\/171809\/revisions"}],"predecessor-version":[{"id":171811,"href":"https:\/\/www.blogdothame.blog.br\/v1\/wp-json\/wp\/v2\/posts\/171809\/revisions\/171811"}],"wp:featuredmedia":[{"embeddable":true,"href":"https:\/\/www.blogdothame.blog.br\/v1\/wp-json\/wp\/v2\/media\/171810"}],"wp:attachment":[{"href":"https:\/\/www.blogdothame.blog.br\/v1\/wp-json\/wp\/v2\/media?parent=171809"}],"wp:term":[{"taxonomy":"category","embeddable":true,"href":"https:\/\/www.blogdothame.blog.br\/v1\/wp-json\/wp\/v2\/categories?post=171809"},{"taxonomy":"post_tag","embeddable":true,"href":"https:\/\/www.blogdothame.blog.br\/v1\/wp-json\/wp\/v2\/tags?post=171809"}],"curies":[{"name":"wp","href":"https:\/\/api.w.org\/{rel}","templated":true}]}}