{"id":170066,"date":"2024-11-26T13:13:42","date_gmt":"2024-11-26T16:13:42","guid":{"rendered":"https:\/\/www.blogdothame.blog.br\/v1\/?p=170066"},"modified":"2024-11-26T12:10:49","modified_gmt":"2024-11-26T15:10:49","slug":"vem-ver-as-marias-de-ca-pok-ribeiro-leva-literatura-e-arte-para-escolas-publicas-de-pernambuco-e-da-bahia","status":"publish","type":"post","link":"https:\/\/www.blogdothame.blog.br\/v1\/2024\/11\/26\/vem-ver-as-marias-de-ca-pok-ribeiro-leva-literatura-e-arte-para-escolas-publicas-de-pernambuco-e-da-bahia\/","title":{"rendered":"Vem ver as \u201cMarias de c\u00e1\u201d! P\u00f3k Ribeiro leva literatura e arte para escolas p\u00fablicas de  Pernambuco e da Bahia"},"content":{"rendered":"<p><img loading=\"lazy\" class=\"aligncenter wp-image-170067\" src=\"https:\/\/www.blogdothame.blog.br\/v1\/wp-content\/uploads\/2024\/11\/PHOTO-2024-11-26-11-55-35.jpg\" alt=\"\" width=\"453\" height=\"301\" srcset=\"https:\/\/www.blogdothame.blog.br\/v1\/wp-content\/uploads\/2024\/11\/PHOTO-2024-11-26-11-55-35.jpg 600w, https:\/\/www.blogdothame.blog.br\/v1\/wp-content\/uploads\/2024\/11\/PHOTO-2024-11-26-11-55-35-300x200.jpg 300w\" sizes=\"(max-width: 453px) 100vw, 453px\" \/>Entre os dias 29 de novembro e 13 de dezembro, alunos da rede p\u00fablica da zona rural e perif\u00e9rica das cidades de Petrolina (PE), Juazeiro (BA) e Uau\u00e1 (BA) ir\u00e3o viver uma imers\u00e3o no universo liter\u00e1rio do livro \u201cOs dedos de Maria\u201d, da escritora e professora, P\u00f3k Ribeiro, atrav\u00e9s do projeto de circula\u00e7\u00e3o liter\u00e1ria &#8220;Marias de c\u00e1&#8221;. Com incentivo do edital n\u00ba 05\/2024 -Circula\u00e7\u00f5es Liter\u00e1rias da Bahia da Funda\u00e7\u00e3o Cultural da Bahia (FUNCEB) e da Secretaria de Cultura da Bahia (SECULT), o projeto comemora os dois anos de lan\u00e7amento do terceiro livro de P\u00f3k Ribeiro, com a distribui\u00e7\u00e3o gratuita de exemplares e performances executadas pela pr\u00f3pria escritora nas escolas selecionadas.<\/p>\n<p><img loading=\"lazy\" class=\"alignleft wp-image-170068\" src=\"https:\/\/www.blogdothame.blog.br\/v1\/wp-content\/uploads\/2024\/11\/PHOTO-2024-11-26-11-55-55.jpg\" alt=\"\" width=\"257\" height=\"364\" srcset=\"https:\/\/www.blogdothame.blog.br\/v1\/wp-content\/uploads\/2024\/11\/PHOTO-2024-11-26-11-55-55.jpg 388w, https:\/\/www.blogdothame.blog.br\/v1\/wp-content\/uploads\/2024\/11\/PHOTO-2024-11-26-11-55-55-212x300.jpg 212w\" sizes=\"(max-width: 257px) 100vw, 257px\" \/>Ao todo ir\u00e3o acontecer apresenta\u00e7\u00f5es, em quatro institui\u00e7\u00f5es diferentes. No dia 29 de novembro a Escola Poeta Carlos Drummond de Andrade, no Projeto Senador Nilo Coelho, em Petrolina, receber\u00e1 a primeira apresenta\u00e7\u00e3o, no dia 04 de dezembro o projeto chega ao Instituto Federal da Bahia (IFBA), em Juazeiro e nos dias 12 e 13 de dezembro as apresenta\u00e7\u00f5es ser\u00e3o na cidade de Uau\u00e1, no CETEP Sert\u00e3o do S\u00e3o Francisco II, no bairro Ant\u00f4nio Conselheiro e na Escola Municipal Pe. Greg\u00f3rio, localizada na Fazenda Santana.<\/p>\n<p>Atuando h\u00e1 mais de 10 anos como professora da rede p\u00fablica e sendo defensora fervorosa do car\u00e1ter transformador da educa\u00e7\u00e3o, P\u00f3k n\u00e3o poderia escolher outro cen\u00e1rio, sen\u00e3o institui\u00e7\u00f5es de ensino para receberem as apresenta\u00e7\u00f5es. \u201cCreio na escola como esse espa\u00e7o de germina\u00e7\u00e3o permanente onde os estudantes t\u00eam suas habilidades despertadas e o olhar cr\u00edtico sobre o mundo descortinado. Assim, partilhar com os e as estudantes, no espa\u00e7o escolar, cria\u00e7\u00f5es art\u00edsticas e liter\u00e1rias que possam agu\u00e7ar tamb\u00e9m suas pot\u00eancias criativas e o modo como atuam e veem as rela\u00e7\u00f5es sociais, sobretudo as de g\u00eanero \u00e9 muito importante para o desenvolvimento cr\u00edtico\u201d, destaca a escritora.<\/p>\n<p><!--more--><\/p>\n<p>O livro &#8220;Os dedos de Maria&#8221; \u00e9 uma celebra\u00e7\u00e3o da diversidade feminina e um tributo \u00e0s mulheres que influenciam a autora e comp\u00f5e as diversas camadas da sociedade. Dessa forma, o projeto de circula\u00e7\u00e3o do livro vai contar com participa\u00e7\u00f5es especiais buscando, al\u00e9m de divulgar a obra, valorizar outras mulheres artistas, escritoras e pesquisadoras, especialmente aquelas ligadas \u00e0s comunidades onde as a\u00e7\u00f5es acontecem.<\/p>\n<p>Nomes como Ana J\u00falia, poeta e escritora; D\u00e9bora de Uau\u00e1, cantora e compositora; Mariana Guimar\u00e3es, poeta e comunicadora; Patr\u00edcia Oliveira, mulher afroind\u00edgena e sertaneja, pesquisadora e Rafa Lins, artista e escritora comp\u00f5em o time de convidadas. Mulheres com trajet\u00f3rias art\u00edsticas e culturais significativas, que usam suas vozes para fortalecer o empoderamento feminino e a valoriza\u00e7\u00e3o das ra\u00edzes culturais. Juntas, elas formam um grupo de &#8220;Marias&#8221; que se inspiram e se fortalecem mutuamente, criando um espa\u00e7o de di\u00e1logo e troca de experi\u00eancias.<\/p>\n<p>Mais informa\u00e7\u00f5es sobre o projeto \u201cMarias de c\u00e1\u201d podem ser encontradas atrav\u00e9s do perfil do projeto no Instagram, @projetomariasdecaa e tamb\u00e9m pelo perfil da escritora e coordenadora do projeto P\u00f3k Ribeiro, @pokribeiro.<\/p>\n<p>Sobre a escritora:<\/p>\n<p>P\u00f3k Ribeiro \u00e9 poeta, escritora, pesquisadora e professora baiana. Com uma vasta obra po\u00e9tica publicada, que inclui t\u00edtulos como &#8220;Pedilua&#8221; (2017), &#8220;Endom\u00e9trio&#8221; (2019), &#8220;Os dedos de Maria&#8221; (2022) e o recente &#8220;Minha rim\u00e3&#8221; (2024).<\/p>\n<p>Al\u00e9m de sua produ\u00e7\u00e3o individual, a autora \u00e9 atuante em coletivos de mulheres poetas do semi\u00e1rido, colaborando em projetos como &#8220;Liter\u00c1ridas&#8221; (2021) e &#8220;\u00damidas&#8221; (2022) e membro-coordenadora do Coletivo Vozes-Mulheres: al\u00e9m das margens. \u00c9 Mestra em Educa\u00e7\u00e3o, Cultura e Territ\u00f3rios Semi\u00e1ridos pelo Programa de P\u00f3s-gradua\u00e7\u00e3o em Educa\u00e7\u00e3o, Cultura e Territ\u00f3rios Semi\u00e1ridos da UNEB e Doutoranda em Letras: Linguagens e Representa\u00e7\u00f5es pelo Programa de P\u00f3s-Gradua\u00e7\u00e3o em Letras: Linguagens e Representa\u00e7\u00f5es da UESC.<\/p>\n<p>Texto: Andr\u00e9 Amorim<\/p>\n<p>Foto: Heitor Rodrigues<\/p>\n","protected":false},"excerpt":{"rendered":"<p>Entre os dias 29 de novembro e 13 de dezembro, alunos da rede p\u00fablica da zona rural e perif\u00e9rica das cidades de Petrolina (PE), Juazeiro (BA) e Uau\u00e1 (BA) ir\u00e3o viver uma imers\u00e3o no universo liter\u00e1rio do livro \u201cOs dedos de Maria\u201d, da escritora e professora, P\u00f3k Ribeiro, atrav\u00e9s do projeto de circula\u00e7\u00e3o liter\u00e1ria &#8220;Marias [&hellip;]<\/p>\n","protected":false},"author":2,"featured_media":170067,"comment_status":"open","ping_status":"open","sticky":false,"template":"","format":"standard","meta":{"_links_to":"","_links_to_target":""},"categories":[33433],"tags":[38883,51,1177,29348,38882],"_links":{"self":[{"href":"https:\/\/www.blogdothame.blog.br\/v1\/wp-json\/wp\/v2\/posts\/170066"}],"collection":[{"href":"https:\/\/www.blogdothame.blog.br\/v1\/wp-json\/wp\/v2\/posts"}],"about":[{"href":"https:\/\/www.blogdothame.blog.br\/v1\/wp-json\/wp\/v2\/types\/post"}],"author":[{"embeddable":true,"href":"https:\/\/www.blogdothame.blog.br\/v1\/wp-json\/wp\/v2\/users\/2"}],"replies":[{"embeddable":true,"href":"https:\/\/www.blogdothame.blog.br\/v1\/wp-json\/wp\/v2\/comments?post=170066"}],"version-history":[{"count":1,"href":"https:\/\/www.blogdothame.blog.br\/v1\/wp-json\/wp\/v2\/posts\/170066\/revisions"}],"predecessor-version":[{"id":170069,"href":"https:\/\/www.blogdothame.blog.br\/v1\/wp-json\/wp\/v2\/posts\/170066\/revisions\/170069"}],"wp:featuredmedia":[{"embeddable":true,"href":"https:\/\/www.blogdothame.blog.br\/v1\/wp-json\/wp\/v2\/media\/170067"}],"wp:attachment":[{"href":"https:\/\/www.blogdothame.blog.br\/v1\/wp-json\/wp\/v2\/media?parent=170066"}],"wp:term":[{"taxonomy":"category","embeddable":true,"href":"https:\/\/www.blogdothame.blog.br\/v1\/wp-json\/wp\/v2\/categories?post=170066"},{"taxonomy":"post_tag","embeddable":true,"href":"https:\/\/www.blogdothame.blog.br\/v1\/wp-json\/wp\/v2\/tags?post=170066"}],"curies":[{"name":"wp","href":"https:\/\/api.w.org\/{rel}","templated":true}]}}