{"id":169897,"date":"2024-11-21T10:13:34","date_gmt":"2024-11-21T13:13:34","guid":{"rendered":"https:\/\/www.blogdothame.blog.br\/v1\/?p=169897"},"modified":"2024-11-21T08:58:30","modified_gmt":"2024-11-21T11:58:30","slug":"feira-cultural-terra-da-gabriela-agita-ilheus-com-artesanato-musica-e-atracoes-culturais","status":"publish","type":"post","link":"https:\/\/www.blogdothame.blog.br\/v1\/2024\/11\/21\/feira-cultural-terra-da-gabriela-agita-ilheus-com-artesanato-musica-e-atracoes-culturais\/","title":{"rendered":"Feira Cultural Terra da Gabriela agita  Ilh\u00e9us com Artesanato, M\u00fasica e Atra\u00e7\u00f5es Culturais"},"content":{"rendered":"<p><img loading=\"lazy\" class=\"aligncenter wp-image-169898\" src=\"https:\/\/www.blogdothame.blog.br\/v1\/wp-content\/uploads\/2024\/11\/PHOTO-2024-11-20-10-29-25.jpg\" alt=\"\" width=\"363\" height=\"272\" srcset=\"https:\/\/www.blogdothame.blog.br\/v1\/wp-content\/uploads\/2024\/11\/PHOTO-2024-11-20-10-29-25.jpg 512w, https:\/\/www.blogdothame.blog.br\/v1\/wp-content\/uploads\/2024\/11\/PHOTO-2024-11-20-10-29-25-300x225.jpg 300w\" sizes=\"(max-width: 363px) 100vw, 363px\" \/>A Feira Cultural Terra da Gabriela tem dado vida e dinamismo \u00e0 avenida Soares Lopes, em Ilh\u00e9us, se tornando uma excelente op\u00e7\u00e3o de compra e de lazer para moradores e turistas. Organizada pela Associa\u00e7\u00e3o Terra da Gabriela, o evento oferece uma rica exposi\u00e7\u00e3o de artesanato regional e produtos t\u00edpicos da gastronomia da regi\u00e3o sul da Bahia, al\u00e9m de fomentar a economia criativa local.<\/p>\n<p>Quem esteve presente neste \u00faltimo fim de semana teve a oportunidade de apreciar apresenta\u00e7\u00f5es musicais ao vivo, incluindo o show do cantor Fran Matos, que encantou o p\u00fablico com um repert\u00f3rio variado de MPB, tamb\u00e9m uma exibi\u00e7\u00e3o de capoeira de um grupo cultural local, al\u00e9m do Espa\u00e7o kids com a animadora Sintia Gorete.<\/p>\n<p><img loading=\"lazy\" class=\"aligncenter wp-image-169899\" src=\"https:\/\/www.blogdothame.blog.br\/v1\/wp-content\/uploads\/2024\/11\/PHOTO-2024-11-20-10-29-25-1.jpg\" alt=\"\" width=\"375\" height=\"281\" srcset=\"https:\/\/www.blogdothame.blog.br\/v1\/wp-content\/uploads\/2024\/11\/PHOTO-2024-11-20-10-29-25-1.jpg 600w, https:\/\/www.blogdothame.blog.br\/v1\/wp-content\/uploads\/2024\/11\/PHOTO-2024-11-20-10-29-25-1-300x225.jpg 300w\" sizes=\"(max-width: 375px) 100vw, 375px\" \/><\/p>\n<p>\u201cA cada edi\u00e7\u00e3o, trazemos novidades para agitar o espa\u00e7o e oferecer uma op\u00e7\u00e3o de lazer para as fam\u00edlias e para aqueles que buscam bons produtos e divers\u00e3o\u201d, pontua a artes\u00e3 Isl\u00e2ndia Penedo, presidente da Associa\u00e7\u00e3o Terra da Gabriela.<\/p>\n<p><!--more--><br \/>\nA edi\u00e7\u00e3o deste final de semana foi uma das melhores, atraindo um grande p\u00fablico e gerando boas vendas para os expositores. \u201cOs artes\u00e3os convidados e nossos associados conseguiram \u00f3timas vendas\u201d, celebrou Isl\u00e2ndia Penedo.<\/p>\n<p>A artes\u00e3 Natali Teixeira e seu marido Gabriel Magalh\u00e3es, do Ateli\u00ea Riponga que produz bijuterias comemorou o resultado. \u201cAo se aproximar o ver\u00e3o o movimento tem aumentado. Vendemos praticamente todas as pe\u00e7as nesta edi\u00e7\u00e3o. Para as pr\u00f3ximas feiras, precisaremos produzir mais\u201d, revelou a artes\u00e3 Nat\u00e1lia, comemorando a repercuss\u00e3o positiva do evento.<\/p>\n<p>A pr\u00f3xima edi\u00e7\u00e3o da Feira Cultural Terra da Gabriela ser\u00e1 em dezembro. O evento j\u00e1 est\u00e1 presente no calend\u00e1rio de eventos culturais do munic\u00edpio.<\/p>\n<p>\u201cRealizar a feira tem sido poss\u00edvel gra\u00e7as ao apoio que temos recebido de associa\u00e7\u00f5es irm\u00e3s e do Sebrae, que v\u00eam nos apoiando desde a nossa primeira edi\u00e7\u00e3o\u201d, relata Cleir da Silva Santana, vice-presidente da associa\u00e7\u00e3o.<\/p>\n<p>A Feira Cultural Terra da Gabriela est\u00e1 aberta \u00e0 participa\u00e7\u00e3o de artes\u00e3os convidados. Para mais informa\u00e7\u00f5es, sobre a participa\u00e7\u00e3o os interessados podem entrar em contato pelo Instagram da associa\u00e7\u00e3o: @terradagabriela<\/p>\n<p>&nbsp;<\/p>\n","protected":false},"excerpt":{"rendered":"<p>A Feira Cultural Terra da Gabriela tem dado vida e dinamismo \u00e0 avenida Soares Lopes, em Ilh\u00e9us, se tornando uma excelente op\u00e7\u00e3o de compra e de lazer para moradores e turistas. Organizada pela Associa\u00e7\u00e3o Terra da Gabriela, o evento oferece uma rica exposi\u00e7\u00e3o de artesanato regional e produtos t\u00edpicos da gastronomia da regi\u00e3o sul da [&hellip;]<\/p>\n","protected":false},"author":2,"featured_media":169898,"comment_status":"open","ping_status":"open","sticky":false,"template":"","format":"standard","meta":{"_links_to":"","_links_to_target":""},"categories":[33435],"tags":[38851,38222,218],"_links":{"self":[{"href":"https:\/\/www.blogdothame.blog.br\/v1\/wp-json\/wp\/v2\/posts\/169897"}],"collection":[{"href":"https:\/\/www.blogdothame.blog.br\/v1\/wp-json\/wp\/v2\/posts"}],"about":[{"href":"https:\/\/www.blogdothame.blog.br\/v1\/wp-json\/wp\/v2\/types\/post"}],"author":[{"embeddable":true,"href":"https:\/\/www.blogdothame.blog.br\/v1\/wp-json\/wp\/v2\/users\/2"}],"replies":[{"embeddable":true,"href":"https:\/\/www.blogdothame.blog.br\/v1\/wp-json\/wp\/v2\/comments?post=169897"}],"version-history":[{"count":1,"href":"https:\/\/www.blogdothame.blog.br\/v1\/wp-json\/wp\/v2\/posts\/169897\/revisions"}],"predecessor-version":[{"id":169900,"href":"https:\/\/www.blogdothame.blog.br\/v1\/wp-json\/wp\/v2\/posts\/169897\/revisions\/169900"}],"wp:featuredmedia":[{"embeddable":true,"href":"https:\/\/www.blogdothame.blog.br\/v1\/wp-json\/wp\/v2\/media\/169898"}],"wp:attachment":[{"href":"https:\/\/www.blogdothame.blog.br\/v1\/wp-json\/wp\/v2\/media?parent=169897"}],"wp:term":[{"taxonomy":"category","embeddable":true,"href":"https:\/\/www.blogdothame.blog.br\/v1\/wp-json\/wp\/v2\/categories?post=169897"},{"taxonomy":"post_tag","embeddable":true,"href":"https:\/\/www.blogdothame.blog.br\/v1\/wp-json\/wp\/v2\/tags?post=169897"}],"curies":[{"name":"wp","href":"https:\/\/api.w.org\/{rel}","templated":true}]}}