{"id":169878,"date":"2024-11-21T08:01:21","date_gmt":"2024-11-21T11:01:21","guid":{"rendered":"https:\/\/www.blogdothame.blog.br\/v1\/?p=169878"},"modified":"2024-11-20T08:06:47","modified_gmt":"2024-11-20T11:06:47","slug":"hospital-de-base-de-itabuna-inaugura-canto-da-leitura-nas-enfermarias","status":"publish","type":"post","link":"https:\/\/www.blogdothame.blog.br\/v1\/2024\/11\/21\/hospital-de-base-de-itabuna-inaugura-canto-da-leitura-nas-enfermarias\/","title":{"rendered":"Hospital de Base de Itabuna inaugura \u201cCanto da Leitura\u201d nas enfermarias"},"content":{"rendered":"<div id=\"attachment_169879\" style=\"width: 420px\" class=\"wp-caption aligncenter\"><img aria-describedby=\"caption-attachment-169879\" loading=\"lazy\" class=\" wp-image-169879\" src=\"https:\/\/www.blogdothame.blog.br\/v1\/wp-content\/uploads\/2024\/11\/PHOTO-2024-11-19-18-06-28-2.jpg\" alt=\"\" width=\"410\" height=\"307\" srcset=\"https:\/\/www.blogdothame.blog.br\/v1\/wp-content\/uploads\/2024\/11\/PHOTO-2024-11-19-18-06-28-2.jpg 600w, https:\/\/www.blogdothame.blog.br\/v1\/wp-content\/uploads\/2024\/11\/PHOTO-2024-11-19-18-06-28-2-300x225.jpg 300w\" sizes=\"(max-width: 410px) 100vw, 410px\" \/><p id=\"caption-attachment-169879\" class=\"wp-caption-text\">Acompanhantes de pacientes, Rayane e Carol<br \/>aprovaram o Canto da Leitura no Hospital de Base de Itabuna.<\/p><\/div>\n<p>O Hospital de Base Lu\u00eds Eduardo Magalh\u00e3es (HBLEM ), institui\u00e7\u00e3o administrada pela Funda\u00e7\u00e3o de Aten\u00e7\u00e3o \u00e0 Sa\u00fade de Itabuna (FASI) , inaugurou nesta ter\u00e7a-feira, dia 19, o \u201cCanto da Leitura\u201d.<\/p>\n<p>Idealizado pelas integrantes do N\u00facleo de Humaniza\u00e7\u00e3o, Fernanda Barbosa, Dayana Santana, Emily Fuscaldi e Elis\u00e2ngela Cata Preta, o projeto contempla as tr\u00eas enfermarias da unidade hospitalar, onde foram instaladas prateleiras, contendo livros dos mais variados temas.<\/p>\n<div id=\"attachment_169881\" style=\"width: 400px\" class=\"wp-caption aligncenter\"><img aria-describedby=\"caption-attachment-169881\" loading=\"lazy\" class=\" wp-image-169881\" src=\"https:\/\/www.blogdothame.blog.br\/v1\/wp-content\/uploads\/2024\/11\/PHOTO-2024-11-19-18-06-28-1.jpg\" alt=\"\" width=\"390\" height=\"259\" srcset=\"https:\/\/www.blogdothame.blog.br\/v1\/wp-content\/uploads\/2024\/11\/PHOTO-2024-11-19-18-06-28-1.jpg 572w, https:\/\/www.blogdothame.blog.br\/v1\/wp-content\/uploads\/2024\/11\/PHOTO-2024-11-19-18-06-28-1-300x199.jpg 300w\" sizes=\"(max-width: 390px) 100vw, 390px\" \/><p id=\"caption-attachment-169881\" class=\"wp-caption-text\">Diretor-presidente da FASI, Marcone Amaral, visitou o Cantinho da Leitura e apreciou a novidade<\/p><\/div>\n<p>De acordo com Elis\u00e2ngela Cata Preta, coordenadora do N\u00facleo, o projeto obedece a todas as orienta\u00e7\u00f5es da Pol\u00edtica Nacional de Humaniza\u00e7\u00e3o. O objetivo \u00e9 proporcionar melhora da percep\u00e7\u00e3o dos pacientes a respeito da hospitaliza\u00e7\u00e3o.<\/p>\n<p>\u201cO projeto vai promover bem-estar, a melhora cognitiva e na organiza\u00e7\u00e3o das emo\u00e7\u00f5es, o que faz com que o tratamento seja mais bem percebido pelo paciente\u201d, explicou.<\/p>\n<p><!--more--><\/p>\n<p>Segundo ela, o Canto da Leitura visa oferecer um efeito terap\u00eautico tanto para os pacientes e seus familiares, quanto para a equipe da assist\u00eancia que trabalha diretamente com eles.<\/p>\n<p>\u201cA leitura \u00e9 fundamental porque melhora as nossas emo\u00e7\u00f5es e faz com que a gente lide melhor com os momentos dif\u00edceis da vida. Sem contar que \u00e9 ben\u00e9fica para a recupera\u00e7\u00e3o dos pacientes\u201d, acrescentou.<\/p>\n<div id=\"attachment_169882\" style=\"width: 392px\" class=\"wp-caption aligncenter\"><img aria-describedby=\"caption-attachment-169882\" loading=\"lazy\" class=\" wp-image-169882\" src=\"https:\/\/www.blogdothame.blog.br\/v1\/wp-content\/uploads\/2024\/11\/PHOTO-2024-11-19-18-06-28-1-1.jpg\" alt=\"\" width=\"382\" height=\"295\" srcset=\"https:\/\/www.blogdothame.blog.br\/v1\/wp-content\/uploads\/2024\/11\/PHOTO-2024-11-19-18-06-28-1-1.jpg 600w, https:\/\/www.blogdothame.blog.br\/v1\/wp-content\/uploads\/2024\/11\/PHOTO-2024-11-19-18-06-28-1-1-300x232.jpg 300w\" sizes=\"(max-width: 382px) 100vw, 382px\" \/><p id=\"caption-attachment-169882\" class=\"wp-caption-text\">Emily, Elis\u00e2ngela, Fernanda e Dayana ao lado de Marcone Amaral, diretor-presidente da FASI<\/p><\/div>\n<p>Rayane, que \u00e9 acompanhante de um paciente, aprovou o projeto. \u201cAchei interessante, porque isso incentiva a leitura e ajuda a distrair a mente. Com esse cantinho, a gente pode espairecer\u201d, declarou.<\/p>\n<p>O diretor-presidente da FASI, Marcone Amaral, participou da inaugura\u00e7\u00e3o do projeto Canto da Leitura. Ele comentou que \u201cessa \u00e9 mais uma das a\u00e7\u00f5es que o HBLEM vem promovendo no sentido de tornar a experi\u00eancia da assist\u00eancia \u00e0 sa\u00fade ainda mais humanizada\u201d, finalizou.<\/p>\n<p>(Fotos Ascom HBI)<\/p>\n<p>&nbsp;<\/p>\n","protected":false},"excerpt":{"rendered":"<p>O Hospital de Base Lu\u00eds Eduardo Magalh\u00e3es (HBLEM ), institui\u00e7\u00e3o administrada pela Funda\u00e7\u00e3o de Aten\u00e7\u00e3o \u00e0 Sa\u00fade de Itabuna (FASI) , inaugurou nesta ter\u00e7a-feira, dia 19, o \u201cCanto da Leitura\u201d. Idealizado pelas integrantes do N\u00facleo de Humaniza\u00e7\u00e3o, Fernanda Barbosa, Dayana Santana, Emily Fuscaldi e Elis\u00e2ngela Cata Preta, o projeto contempla as tr\u00eas enfermarias da unidade [&hellip;]<\/p>\n","protected":false},"author":2,"featured_media":169879,"comment_status":"open","ping_status":"open","sticky":false,"template":"","format":"standard","meta":{"_links_to":"","_links_to_target":""},"categories":[33435],"tags":[7496,38845],"_links":{"self":[{"href":"https:\/\/www.blogdothame.blog.br\/v1\/wp-json\/wp\/v2\/posts\/169878"}],"collection":[{"href":"https:\/\/www.blogdothame.blog.br\/v1\/wp-json\/wp\/v2\/posts"}],"about":[{"href":"https:\/\/www.blogdothame.blog.br\/v1\/wp-json\/wp\/v2\/types\/post"}],"author":[{"embeddable":true,"href":"https:\/\/www.blogdothame.blog.br\/v1\/wp-json\/wp\/v2\/users\/2"}],"replies":[{"embeddable":true,"href":"https:\/\/www.blogdothame.blog.br\/v1\/wp-json\/wp\/v2\/comments?post=169878"}],"version-history":[{"count":1,"href":"https:\/\/www.blogdothame.blog.br\/v1\/wp-json\/wp\/v2\/posts\/169878\/revisions"}],"predecessor-version":[{"id":169883,"href":"https:\/\/www.blogdothame.blog.br\/v1\/wp-json\/wp\/v2\/posts\/169878\/revisions\/169883"}],"wp:featuredmedia":[{"embeddable":true,"href":"https:\/\/www.blogdothame.blog.br\/v1\/wp-json\/wp\/v2\/media\/169879"}],"wp:attachment":[{"href":"https:\/\/www.blogdothame.blog.br\/v1\/wp-json\/wp\/v2\/media?parent=169878"}],"wp:term":[{"taxonomy":"category","embeddable":true,"href":"https:\/\/www.blogdothame.blog.br\/v1\/wp-json\/wp\/v2\/categories?post=169878"},{"taxonomy":"post_tag","embeddable":true,"href":"https:\/\/www.blogdothame.blog.br\/v1\/wp-json\/wp\/v2\/tags?post=169878"}],"curies":[{"name":"wp","href":"https:\/\/api.w.org\/{rel}","templated":true}]}}