{"id":169625,"date":"2024-11-14T08:51:47","date_gmt":"2024-11-14T11:51:47","guid":{"rendered":"https:\/\/www.blogdothame.blog.br\/v1\/?p=169625"},"modified":"2024-11-14T09:03:16","modified_gmt":"2024-11-14T12:03:16","slug":"festa-literaria-de-ilheus-tem-primeiro-dia-repleto-de-debates-artes-e-diversao","status":"publish","type":"post","link":"https:\/\/www.blogdothame.blog.br\/v1\/2024\/11\/14\/festa-literaria-de-ilheus-tem-primeiro-dia-repleto-de-debates-artes-e-diversao\/","title":{"rendered":"Festa Liter\u00e1ria de Ilh\u00e9us tem primeiro dia repleto de debates, artes e divers\u00e3o"},"content":{"rendered":"<p>&nbsp;<\/p>\n<p><img loading=\"lazy\" class=\"aligncenter wp-image-169626\" src=\"https:\/\/www.blogdothame.blog.br\/v1\/wp-content\/uploads\/2024\/11\/PHOTO-2024-11-14-08-26-50.jpg\" alt=\"\" width=\"447\" height=\"297\" srcset=\"https:\/\/www.blogdothame.blog.br\/v1\/wp-content\/uploads\/2024\/11\/PHOTO-2024-11-14-08-26-50.jpg 600w, https:\/\/www.blogdothame.blog.br\/v1\/wp-content\/uploads\/2024\/11\/PHOTO-2024-11-14-08-26-50-300x200.jpg 300w\" sizes=\"(max-width: 447px) 100vw, 447px\" \/>A 7\u00aa edi\u00e7\u00e3o da Festa Liter\u00e1ria de Ilh\u00e9us come\u00e7ou nesta quarta-feira (13) e segue at\u00e9 sexta (15), no Centro de Conven\u00e7\u00f5es. Na abertura das atividades, a jornalista Vanessa Dantas, coordenadora-geral do evento, reconheceu o papel essencial da Universidade Estadual de Santa Cruz (Uesc) e da Academia de Letras de Ilh\u00e9us (ALI) na consolida\u00e7\u00e3o da FLI ao longo das seis edi\u00e7\u00f5es anteriores. \u201cAgora, a nossa coordena\u00e7\u00e3o chega para somar junto com eles\u201d, assegurou.<\/p>\n<p><img loading=\"lazy\" class=\"aligncenter wp-image-169627\" src=\"https:\/\/www.blogdothame.blog.br\/v1\/wp-content\/uploads\/2024\/11\/PHOTO-2024-11-14-08-26-30.jpg\" alt=\"\" width=\"345\" height=\"229\" srcset=\"https:\/\/www.blogdothame.blog.br\/v1\/wp-content\/uploads\/2024\/11\/PHOTO-2024-11-14-08-26-30.jpg 600w, https:\/\/www.blogdothame.blog.br\/v1\/wp-content\/uploads\/2024\/11\/PHOTO-2024-11-14-08-26-30-300x200.jpg 300w\" sizes=\"(max-width: 345px) 100vw, 345px\" \/><\/p>\n<p>Para o presidente da Funda\u00e7\u00e3o Pedro Calmon, Vladimir Pinheiro, a Festa Liter\u00e1ria de Ilh\u00e9us \u00e9 fundada em um princ\u00edpio fundamental \u00e0s pol\u00edticas culturais do Governo da Bahia, que \u00e9 a democratiza\u00e7\u00e3o da literatura em contato com outras express\u00f5es art\u00edsticas e diretamente envolvida com a educa\u00e7\u00e3o das crian\u00e7as e juventudes baianas.<\/p>\n<p>\u201c\u00c9 a possibilidade de trazer para os nossos jovens, aos nossos estudantes, mas para a sociedade de uma forma geral, a perspectiva de sonho, de utopia, de uma cultura de paz\u201d, acrescentou Vladimir, que representou o governador Jer\u00f4nimo Rodrigues na abertura da FLI.<\/p>\n<p><img loading=\"lazy\" class=\"aligncenter wp-image-169630\" src=\"https:\/\/www.blogdothame.blog.br\/v1\/wp-content\/uploads\/2024\/11\/Palhacos-conduzem-visitantes-pelos-palcos-da-FLI-1.jpg\" alt=\"\" width=\"368\" height=\"245\" srcset=\"https:\/\/www.blogdothame.blog.br\/v1\/wp-content\/uploads\/2024\/11\/Palhacos-conduzem-visitantes-pelos-palcos-da-FLI-1.jpg 480w, https:\/\/www.blogdothame.blog.br\/v1\/wp-content\/uploads\/2024\/11\/Palhacos-conduzem-visitantes-pelos-palcos-da-FLI-1-300x200.jpg 300w\" sizes=\"(max-width: 368px) 100vw, 368px\" \/><\/p>\n<p>L\u00edder do Governo do Estado na Assembleia Legislativa da Bahia, o deputado estadual Rosemberg Pinto recordou a import\u00e2ncia de Ilh\u00e9us para a forma\u00e7\u00e3o da sociedade baiana e j\u00e1 vislumbra a FLI com destaque no circuito nacional das feiras liter\u00e1rias.<\/p>\n<p><!--more--><\/p>\n<p>\u201cFaltava um evento liter\u00e1rio do tamanho que Ilh\u00e9us merece. Tenho convic\u00e7\u00e3o de que essa Festa Liter\u00e1ria se transformar\u00e1 numa das maiores do Brasil, incluindo o potencial tur\u00edstico da cidade. Estou muito feliz com a compreens\u00e3o do governador Jer\u00f4nimo Rodrigues em entender a import\u00e2ncia da valoriza\u00e7\u00e3o da FLI\u201d, disse o parlamentar.<\/p>\n<p>LEGADO<\/p>\n<p>Reitora da Uesc por duas vezes, ex-secret\u00e1ria da Educa\u00e7\u00e3o da Bahia e ex-candidata a prefeita, a professora Ad\u00e9lia Pinheiro deixou sua marca na constru\u00e7\u00e3o hist\u00f3rica da Festa Liter\u00e1ria de Ilh\u00e9us e falou da experi\u00eancia de vivenciar a s\u00e9tima e maior edi\u00e7\u00e3o da FLI. \u201cO sentimento \u00e9 de orgulho e grande alegria em ver estudante, professor, o p\u00fablico interagindo com diferentes formatos de leitura, literatura e arte\u201d.<\/p>\n<p><img loading=\"lazy\" class=\"aligncenter wp-image-169628\" src=\"https:\/\/www.blogdothame.blog.br\/v1\/wp-content\/uploads\/2024\/11\/PHOTO-2024-11-14-08-26-29.jpg\" alt=\"\" width=\"361\" height=\"240\" srcset=\"https:\/\/www.blogdothame.blog.br\/v1\/wp-content\/uploads\/2024\/11\/PHOTO-2024-11-14-08-26-29.jpg 600w, https:\/\/www.blogdothame.blog.br\/v1\/wp-content\/uploads\/2024\/11\/PHOTO-2024-11-14-08-26-29-300x200.jpg 300w\" sizes=\"(max-width: 361px) 100vw, 361px\" \/><\/p>\n<p>Segundo Ad\u00e9lia, a Festa \u00e9 um encontro enriquecedor. \u201cO que nos une aqui \u00e9 a possibilidade de enriquecer o olhar sobre o mundo, para o mundo e para a vida de cada um. Venha voc\u00ea tamb\u00e9m!\u201d, convidou.<\/p>\n<p>Tamb\u00e9m participaram da cerim\u00f4nia de lan\u00e7amento da 7\u00aa FLI o reitor da Uesc, Alessandro Fernandes; os vereadores Cl\u00e1udio Magalh\u00e3es e Enilda Mendon\u00e7a; o vereador eleito Maur\u00edcio Galv\u00e3o; a diretora do N\u00facleo Territorial de Educa\u00e7\u00e3o do Litoral Sul, Larissa Costa; e o vice-prefeito eleito de Itabuna, J\u00fanior Brand\u00e3o.<\/p>\n<p><img loading=\"lazy\" class=\"aligncenter wp-image-169629\" src=\"https:\/\/www.blogdothame.blog.br\/v1\/wp-content\/uploads\/2024\/11\/PHOTO-2024-11-14-08-26-29-1.jpg\" alt=\"\" width=\"357\" height=\"238\" srcset=\"https:\/\/www.blogdothame.blog.br\/v1\/wp-content\/uploads\/2024\/11\/PHOTO-2024-11-14-08-26-29-1.jpg 600w, https:\/\/www.blogdothame.blog.br\/v1\/wp-content\/uploads\/2024\/11\/PHOTO-2024-11-14-08-26-29-1-300x200.jpg 300w\" sizes=\"(max-width: 357px) 100vw, 357px\" \/><\/p>\n<p>DUAS VEZES KRENAK<\/p>\n<p>O fil\u00f3sofo e ambientalista Ailton Krenak \u00e9 o convidado mais esperado desta quinta-feira (14), quando ele participar\u00e1 de duas atividades na FLI, a primeira, \u00e0s 9h, na Flizinha, e a segunda, \u00e0s 18h, no Espa\u00e7o Jorge Amado. Para conferir a programa\u00e7\u00e3o completa, basta acessar o perfil da Festa no Instagram: fli_oficial.<\/p>\n<p>Com total acessibilidade, todas as atra\u00e7\u00f5es t\u00eam tradu\u00e7\u00e3o simult\u00e2nea para a L\u00edngua Brasileira de Sinais (Libras) e s\u00e3o introduzidas por audiodescri\u00e7\u00e3o. Os espa\u00e7os tamb\u00e9m foram preparados para acolher pessoas com dificuldade de locomo\u00e7\u00e3o.<\/p>\n<p>A 7\u00aa Edi\u00e7\u00e3o da FLI &#8211; Festa Liter\u00e1ria de Ilh\u00e9us \u00e9 uma realiza\u00e7\u00e3o da Sar\u00e7a Comunica\u00e7\u00e3o, tem a LDM como editora Oficial do evento, parceria com a Assembleia Legislativa da Bahia (ALBA) e conta com o apoio da Universidade Estadual de Santa Cruz (UESC), do Governo do Estado da Bahia, atrav\u00e9s da Bahia Liter\u00e1ria, a\u00e7\u00e3o da Funda\u00e7\u00e3o Pedro Calmon\/Secretaria de Cultura, da Secretaria de Educa\u00e7\u00e3o e da Secretaria de Turismo.<\/p>\n<p>&nbsp;<\/p>\n<p>&nbsp;<\/p>\n<p>&nbsp;<\/p>\n<p>(Fotos Bruno Gonzaga e Daniel Ribeiro)<\/p>\n","protected":false},"excerpt":{"rendered":"<p>&nbsp; A 7\u00aa edi\u00e7\u00e3o da Festa Liter\u00e1ria de Ilh\u00e9us come\u00e7ou nesta quarta-feira (13) e segue at\u00e9 sexta (15), no Centro de Conven\u00e7\u00f5es. Na abertura das atividades, a jornalista Vanessa Dantas, coordenadora-geral do evento, reconheceu o papel essencial da Universidade Estadual de Santa Cruz (Uesc) e da Academia de Letras de Ilh\u00e9us (ALI) na consolida\u00e7\u00e3o da [&hellip;]<\/p>\n","protected":false},"author":2,"featured_media":169626,"comment_status":"open","ping_status":"open","sticky":false,"template":"","format":"standard","meta":{"_links_to":"","_links_to_target":""},"categories":[33433],"tags":[21288],"_links":{"self":[{"href":"https:\/\/www.blogdothame.blog.br\/v1\/wp-json\/wp\/v2\/posts\/169625"}],"collection":[{"href":"https:\/\/www.blogdothame.blog.br\/v1\/wp-json\/wp\/v2\/posts"}],"about":[{"href":"https:\/\/www.blogdothame.blog.br\/v1\/wp-json\/wp\/v2\/types\/post"}],"author":[{"embeddable":true,"href":"https:\/\/www.blogdothame.blog.br\/v1\/wp-json\/wp\/v2\/users\/2"}],"replies":[{"embeddable":true,"href":"https:\/\/www.blogdothame.blog.br\/v1\/wp-json\/wp\/v2\/comments?post=169625"}],"version-history":[{"count":1,"href":"https:\/\/www.blogdothame.blog.br\/v1\/wp-json\/wp\/v2\/posts\/169625\/revisions"}],"predecessor-version":[{"id":169631,"href":"https:\/\/www.blogdothame.blog.br\/v1\/wp-json\/wp\/v2\/posts\/169625\/revisions\/169631"}],"wp:featuredmedia":[{"embeddable":true,"href":"https:\/\/www.blogdothame.blog.br\/v1\/wp-json\/wp\/v2\/media\/169626"}],"wp:attachment":[{"href":"https:\/\/www.blogdothame.blog.br\/v1\/wp-json\/wp\/v2\/media?parent=169625"}],"wp:term":[{"taxonomy":"category","embeddable":true,"href":"https:\/\/www.blogdothame.blog.br\/v1\/wp-json\/wp\/v2\/categories?post=169625"},{"taxonomy":"post_tag","embeddable":true,"href":"https:\/\/www.blogdothame.blog.br\/v1\/wp-json\/wp\/v2\/tags?post=169625"}],"curies":[{"name":"wp","href":"https:\/\/api.w.org\/{rel}","templated":true}]}}