{"id":169492,"date":"2024-11-12T08:36:56","date_gmt":"2024-11-12T11:36:56","guid":{"rendered":"https:\/\/www.blogdothame.blog.br\/v1\/?p=169492"},"modified":"2024-11-11T14:41:43","modified_gmt":"2024-11-11T17:41:43","slug":"169492","status":"publish","type":"post","link":"https:\/\/www.blogdothame.blog.br\/v1\/2024\/11\/12\/169492\/","title":{"rendered":"Hospital Materno-Infantil faz escuta com representantes da etnia Patax\u00f3 h\u00e3-h\u00e3-h\u00e3e"},"content":{"rendered":"<p><img loading=\"lazy\" class=\"aligncenter wp-image-169493\" src=\"https:\/\/www.blogdothame.blog.br\/v1\/wp-content\/uploads\/2024\/11\/PHOTO-2024-11-11-11-53-25.jpg\" alt=\"\" width=\"406\" height=\"304\" srcset=\"https:\/\/www.blogdothame.blog.br\/v1\/wp-content\/uploads\/2024\/11\/PHOTO-2024-11-11-11-53-25.jpg 600w, https:\/\/www.blogdothame.blog.br\/v1\/wp-content\/uploads\/2024\/11\/PHOTO-2024-11-11-11-53-25-300x225.jpg 300w\" sizes=\"(max-width: 406px) 100vw, 406px\" \/>Lideran\u00e7as ind\u00edgenas da etnia Patax\u00f3 h\u00e3-h\u00e3-h\u00e3e e servidores da Secretaria de Sa\u00fade Ind\u00edgena (SESAI) \u2013 Polo Pau Brasil, estiveram reunidos com a diretora-geral do Hospital Materno-Infantil Dr. Joaquim Sampaio, para a realiza\u00e7\u00e3o de uma escuta sobre demandas e oferta de servi\u00e7o de qualidade para a comunidade ind\u00edgena da regi\u00e3o. O encontro aconteceu na C\u00e2mara Municipal de Pau Brasil, dez dias ap\u00f3s a visita que o coordenador do polo Base do DSEI &#8211; Pau Brasil, Iago Santos, e o representante do Conselho Municipal Indigenista do munic\u00edpio, Ant\u00f4nio Ribeiro, visitarem a unidade, que \u00e9 o \u00fanico hospital na Bahia habilitado pelo Minist\u00e9rio da Sa\u00fade para atendimento especializado aos Povos Origin\u00e1rios.<\/p>\n<p><img loading=\"lazy\" class=\"aligncenter wp-image-169494\" src=\"https:\/\/www.blogdothame.blog.br\/v1\/wp-content\/uploads\/2024\/11\/PHOTO-2024-11-11-11-53-24.jpg\" alt=\"\" width=\"335\" height=\"251\" srcset=\"https:\/\/www.blogdothame.blog.br\/v1\/wp-content\/uploads\/2024\/11\/PHOTO-2024-11-11-11-53-24.jpg 600w, https:\/\/www.blogdothame.blog.br\/v1\/wp-content\/uploads\/2024\/11\/PHOTO-2024-11-11-11-53-24-300x225.jpg 300w\" sizes=\"(max-width: 335px) 100vw, 335px\" \/><\/p>\n<p>No encontro em Pau Brasil, a diretora-geral destacou o fato de que a refer\u00eancia deste servi\u00e7o come\u00e7ou em Ilh\u00e9us, mas j\u00e1 foi ampliado, passando a atender sul e extremo sul da Bahia. Credenciado no ano passado pelo governo federal com apoio da Secretaria Estadual da Sa\u00fade e da Funda\u00e7\u00e3o Estatal Sa\u00fade da Fam\u00edlia (FESF SUS), entidade gestora do hospital, o HMIJS est\u00e1 pr\u00f3ximo a receber o segundo monitoramento do Minist\u00e9rio da Sa\u00fade e dentre as propostas que constam no Plano de Aten\u00e7\u00e3o Especializada aos Povos Origin\u00e1rios (IAE-PI) encontra-se a necessidade de estreitar la\u00e7os com as comunidades ind\u00edgenas para aproxim\u00e1-las dos servi\u00e7os ofertados.<img loading=\"lazy\" class=\"aligncenter wp-image-169495\" src=\"https:\/\/www.blogdothame.blog.br\/v1\/wp-content\/uploads\/2024\/11\/PHOTO-2024-11-11-11-53-23.jpg\" alt=\"\" width=\"449\" height=\"337\" srcset=\"https:\/\/www.blogdothame.blog.br\/v1\/wp-content\/uploads\/2024\/11\/PHOTO-2024-11-11-11-53-23.jpg 600w, https:\/\/www.blogdothame.blog.br\/v1\/wp-content\/uploads\/2024\/11\/PHOTO-2024-11-11-11-53-23-300x225.jpg 300w\" sizes=\"(max-width: 449px) 100vw, 449px\" \/><\/p>\n<p>Acolhimento e humaniza\u00e7\u00e3o<\/p>\n<p><!--more--><\/p>\n<p>Outras diretrizes que norteiam o programa est\u00e3o em execu\u00e7\u00e3o, a exemplo da melhoria no acesso das popula\u00e7\u00f5es ind\u00edgenas ao servi\u00e7o especializado; adequa\u00e7\u00e3o da ambi\u00eancia de acordo com as especificidades culturais; e ajuste de dietas hospitalares considerando os h\u00e1bitos alimentares de cada etnia. A iniciativa conta ainda com o acolhimento e humaniza\u00e7\u00e3o das pr\u00e1ticas e processos de trabalho dos profissionais em rela\u00e7\u00e3o aos ind\u00edgenas e demais usu\u00e1rios do SUS, considerando a vulnerabilidade sociocultural e epidemiol\u00f3gica de alguns grupos.<\/p>\n<p>Tamb\u00e9m est\u00e3o previstos o estabelecimento de fluxo de comunica\u00e7\u00e3o entre o servi\u00e7o especializado e a Equipe Multidisciplinar de Sa\u00fade Ind\u00edgena, por meio das Casas de Sa\u00fade Ind\u00edgena (CASAI) e a qualifica\u00e7\u00e3o dos profissionais que atuam nos estabelecimentos que prestam assist\u00eancia aos povos ind\u00edgenas quanto a temas como interculturalidade.<\/p>\n<p>Visita \u00e0s aldeias<\/p>\n<p>Al\u00e9m de apresentar n\u00fameros estat\u00edsticos do hospital, que agora em dezembro completa tr\u00eas anos de funcionamento, com 8.875 partos, sendo 338 ind\u00edgenas, Domilene Borges falou sobre a import\u00e2ncia de conhecer as aldeias da regi\u00e3o de Pau Brasil, Camac\u00e3 e Itaju do Col\u00f4nia &#8211; que, juntas, t\u00eam uma popula\u00e7\u00e3o estimada em 5 mil habitantes &#8211; para conhecer as suas singularidades e as demandas das comunidades. \u201cJ\u00e1 fazemos isso com a popula\u00e7\u00e3o Tupinamb\u00e1, em Ilh\u00e9us\u201d, afirmou. O resultado deste encontro ir\u00e1 compor um relat\u00f3rio contendo a necessidade de amplia\u00e7\u00e3o do servi\u00e7o, iniciativa que est\u00e1 prevista para acontecer j\u00e1 em 2025. Durante o encontro, o Hospital Materno-Infantil foi presenteado com um quadro, representando o agradecimento da comunidade ind\u00edgena ao servi\u00e7o que \u00e9 prestado.<\/p>\n<p>Refer\u00eancia<\/p>\n<p>O Hospital Materno Infantil Dr. Joaquim Sampaio conta com 105 leitos, destinados \u00e0 obstetr\u00edcia, \u00e0 gesta\u00e7\u00e3o de alto risco, pediatria cl\u00ednica, UTI pedi\u00e1trica, UTI neonatal e centro de parto normal, integrados \u00e0 Rede Cegonha e aten\u00e7\u00e3o \u00e0s urg\u00eancias e emerg\u00eancias, com funcionamento 24 horas e acesso por demanda espont\u00e2nea e referenciada de parte significativa da regi\u00e3o sul da Bahia. O investimento do estado foi de aproximadamente R$ 40 milh\u00f5es, entre obras e equipamentos. A Bahia conta com uma popula\u00e7\u00e3o ind\u00edgena estimada em 34 mil e 800 pessoas, distribu\u00eddas em oito polos-base e 139 aldeias por todo o estado.<\/p>\n","protected":false},"excerpt":{"rendered":"<p>Lideran\u00e7as ind\u00edgenas da etnia Patax\u00f3 h\u00e3-h\u00e3-h\u00e3e e servidores da Secretaria de Sa\u00fade Ind\u00edgena (SESAI) \u2013 Polo Pau Brasil, estiveram reunidos com a diretora-geral do Hospital Materno-Infantil Dr. Joaquim Sampaio, para a realiza\u00e7\u00e3o de uma escuta sobre demandas e oferta de servi\u00e7o de qualidade para a comunidade ind\u00edgena da regi\u00e3o. O encontro aconteceu na C\u00e2mara Municipal [&hellip;]<\/p>\n","protected":false},"author":2,"featured_media":169493,"comment_status":"open","ping_status":"open","sticky":false,"template":"","format":"standard","meta":{"_links_to":"","_links_to_target":""},"categories":[33434],"tags":[34992,24776,218,9070,1634],"_links":{"self":[{"href":"https:\/\/www.blogdothame.blog.br\/v1\/wp-json\/wp\/v2\/posts\/169492"}],"collection":[{"href":"https:\/\/www.blogdothame.blog.br\/v1\/wp-json\/wp\/v2\/posts"}],"about":[{"href":"https:\/\/www.blogdothame.blog.br\/v1\/wp-json\/wp\/v2\/types\/post"}],"author":[{"embeddable":true,"href":"https:\/\/www.blogdothame.blog.br\/v1\/wp-json\/wp\/v2\/users\/2"}],"replies":[{"embeddable":true,"href":"https:\/\/www.blogdothame.blog.br\/v1\/wp-json\/wp\/v2\/comments?post=169492"}],"version-history":[{"count":3,"href":"https:\/\/www.blogdothame.blog.br\/v1\/wp-json\/wp\/v2\/posts\/169492\/revisions"}],"predecessor-version":[{"id":169498,"href":"https:\/\/www.blogdothame.blog.br\/v1\/wp-json\/wp\/v2\/posts\/169492\/revisions\/169498"}],"wp:featuredmedia":[{"embeddable":true,"href":"https:\/\/www.blogdothame.blog.br\/v1\/wp-json\/wp\/v2\/media\/169493"}],"wp:attachment":[{"href":"https:\/\/www.blogdothame.blog.br\/v1\/wp-json\/wp\/v2\/media?parent=169492"}],"wp:term":[{"taxonomy":"category","embeddable":true,"href":"https:\/\/www.blogdothame.blog.br\/v1\/wp-json\/wp\/v2\/categories?post=169492"},{"taxonomy":"post_tag","embeddable":true,"href":"https:\/\/www.blogdothame.blog.br\/v1\/wp-json\/wp\/v2\/tags?post=169492"}],"curies":[{"name":"wp","href":"https:\/\/api.w.org\/{rel}","templated":true}]}}