{"id":169330,"date":"2024-11-06T15:30:31","date_gmt":"2024-11-06T18:30:31","guid":{"rendered":"https:\/\/www.blogdothame.blog.br\/v1\/?p=169330"},"modified":"2024-11-06T09:05:09","modified_gmt":"2024-11-06T12:05:09","slug":"partiu-estagio-governo-do-estado-convoca-3-255-estudantes","status":"publish","type":"post","link":"https:\/\/www.blogdothame.blog.br\/v1\/2024\/11\/06\/partiu-estagio-governo-do-estado-convoca-3-255-estudantes\/","title":{"rendered":"Partiu Est\u00e1gio: Governo do Estado convoca 3.255 estudantes"},"content":{"rendered":"<p><img loading=\"lazy\" class=\"aligncenter wp-image-169331\" src=\"https:\/\/www.blogdothame.blog.br\/v1\/wp-content\/uploads\/2024\/11\/PHOTO-2024-11-06-08-17-07-1.jpg\" alt=\"\" width=\"409\" height=\"230\" srcset=\"https:\/\/www.blogdothame.blog.br\/v1\/wp-content\/uploads\/2024\/11\/PHOTO-2024-11-06-08-17-07-1.jpg 600w, https:\/\/www.blogdothame.blog.br\/v1\/wp-content\/uploads\/2024\/11\/PHOTO-2024-11-06-08-17-07-1-300x169.jpg 300w\" sizes=\"(max-width: 409px) 100vw, 409px\" \/><\/p>\n<p>O governador Jer\u00f4nimo Rodrigues anunciou nas redes sociais que 3.255 estudantes de Salvador, Regi\u00e3o Metropolitana e interior da Bahia foram convocados para o Partiu Est\u00e1gio, nesta quarta-feira (6). Esta \u00e9 a primeira convoca\u00e7\u00e3o feita com base no Edital de Abertura N\u00ba 002\/2024 (Saeb\/SRH\/DRH), o segundo lan\u00e7ado em 2024. A entrega de documentos dever\u00e1 ocorrer entre os dias 11 e 26 de novembro.<\/p>\n<p>Programa de iniciativa do governo estadual, o Partiu Est\u00e1gio oferece possibilidade de est\u00e1gio a estudantes matriculados em institui\u00e7\u00f5es de ensino superior que possuem sede na Bahia. Podem participar os universit\u00e1rios que j\u00e1 conclu\u00edram 50% ou mais da carga hor\u00e1ria do curso de gradua\u00e7\u00e3o. \u201cS\u00e3o 3.255 oportunidades para quem busca iniciar a trajet\u00f3ria profissional\u201d, publicou o governador.<\/p>\n<p>Os candidatos inscritos no Cadastro \u00danico para Programas Sociais do Governo Federal (Cad\u00danico) t\u00eam prioridade na sele\u00e7\u00e3o, bem como os estudantes que cursaram todo o ensino m\u00e9dio em escola p\u00fablica ou estudaram com bolsa integral na rede privada. O Partiu Est\u00e1gio prev\u00ea, ainda, 10% das vagas reservadas para estudantes com defici\u00eancia, conforme estabelece a Lei federal n\u00ba 11.788, de 25 de setembro de 2008.<\/p>\n<p>Vagas e cursos<\/p>\n<p><!--more--><\/p>\n<p>Em Salvador est\u00e3o sendo chamados 1.738 estudantes, sendo a cidade com mais vagas disponibilizadas neste edital. Em seguida tem-se Feira de Santana, com 258 convoca\u00e7\u00f5es, e Vit\u00f3ria da Conquista com 153.<\/p>\n<p>J\u00e1 quanto aos cursos de gradua\u00e7\u00e3o dos convocados, a maioria est\u00e1 fazendo faculdade de Administra\u00e7\u00e3o, Direito e Pedagogia, mas h\u00e1 tamb\u00e9m oportunidades para outras \u00e1reas. Os chamamentos ser\u00e3o realizados pela Secretaria da Educa\u00e7\u00e3o (SEC), Secretaria da Sa\u00fade (Sesab), Pol\u00edcia Civil, entre outros \u00f3rg\u00e3os do Estado.<\/p>\n<p>*Documentos*<\/p>\n<p>Os universit\u00e1rios convocados dever\u00e3o entregar, entre os dias 11 e 26 de novembro, os seguintes documentos:<\/p>\n<p>\u2022 Comprovante de resid\u00eancia;<br \/>\n\u2022 Original e c\u00f3pia da Carteira de Identidade;<br \/>\n\u2022 Original e c\u00f3pia do Cadastro de Pessoa F\u00edsica &#8211; CPF;<br \/>\n\u2022 Original e c\u00f3pia de Carteira de Identidade do representante legal, ou do Termo de Guarda expedida por autoridade judicial, se for o caso;<br \/>\n\u2022 Declara\u00e7\u00e3o da Institui\u00e7\u00e3o de Ensino informando o semestre letivo, o turno de estudo, o curso de forma\u00e7\u00e3o e sua natureza (presencial, semipresencial ou EAD);<br \/>\n\u2022 Comprovante de matr\u00edcula e frequ\u00eancia na Institui\u00e7\u00e3o de Ensino para cursos presenciais e semipresenciais;<br \/>\n\u2022 Comprovante de matr\u00edcula para cursos em EAD;<br \/>\n\u2022 Declara\u00e7\u00e3o pr\u00f3pria de que n\u00e3o exerce atividade remunerada em \u00f3rg\u00e3o p\u00fablico;<br \/>\n\u2022 Declara\u00e7\u00e3o fornecida pela Institui\u00e7\u00e3o de Ensino informando o percentual cursado pelo aluno;<br \/>\n\u2022 Original e c\u00f3pia do T\u00edtulo de Eleitor, se for o caso;<br \/>\n\u2022 Original e c\u00f3pia do Certificado de Reservista, se for o caso;<br \/>\n\u2022 Comprova\u00e7\u00e3o de inscri\u00e7\u00e3o no CAD\u00daNICO, se for o caso;<br \/>\n\u2022 Hist\u00f3rico escolar do Ensino M\u00e9dio;<br \/>\n\u2022 Declara\u00e7\u00e3o da escola em que cursou o ensino m\u00e9dio, como bolsista integral, se for o caso.<\/p>\n<p>Em caso de d\u00favida ou solicita\u00e7\u00e3o de informa\u00e7\u00e3o sobre a apresenta\u00e7\u00e3o e a entrega da documenta\u00e7\u00e3o, o estudante dever\u00e1 entrar em contato com o \u00f3rg\u00e3o para o qual foi selecionado. Aqueles que n\u00e3o se apresentarem dentro do per\u00edodo indicado poder\u00e3o perder direito \u00e0 vaga.<\/p>\n<p>Foto: Matheus Landim\/GOVBA<\/p>\n","protected":false},"excerpt":{"rendered":"<p>O governador Jer\u00f4nimo Rodrigues anunciou nas redes sociais que 3.255 estudantes de Salvador, Regi\u00e3o Metropolitana e interior da Bahia foram convocados para o Partiu Est\u00e1gio, nesta quarta-feira (6). Esta \u00e9 a primeira convoca\u00e7\u00e3o feita com base no Edital de Abertura N\u00ba 002\/2024 (Saeb\/SRH\/DRH), o segundo lan\u00e7ado em 2024. A entrega de documentos dever\u00e1 ocorrer entre [&hellip;]<\/p>\n","protected":false},"author":2,"featured_media":169331,"comment_status":"open","ping_status":"open","sticky":false,"template":"","format":"standard","meta":{"_links_to":"","_links_to_target":""},"categories":[33435],"tags":[4578,19510],"_links":{"self":[{"href":"https:\/\/www.blogdothame.blog.br\/v1\/wp-json\/wp\/v2\/posts\/169330"}],"collection":[{"href":"https:\/\/www.blogdothame.blog.br\/v1\/wp-json\/wp\/v2\/posts"}],"about":[{"href":"https:\/\/www.blogdothame.blog.br\/v1\/wp-json\/wp\/v2\/types\/post"}],"author":[{"embeddable":true,"href":"https:\/\/www.blogdothame.blog.br\/v1\/wp-json\/wp\/v2\/users\/2"}],"replies":[{"embeddable":true,"href":"https:\/\/www.blogdothame.blog.br\/v1\/wp-json\/wp\/v2\/comments?post=169330"}],"version-history":[{"count":1,"href":"https:\/\/www.blogdothame.blog.br\/v1\/wp-json\/wp\/v2\/posts\/169330\/revisions"}],"predecessor-version":[{"id":169332,"href":"https:\/\/www.blogdothame.blog.br\/v1\/wp-json\/wp\/v2\/posts\/169330\/revisions\/169332"}],"wp:featuredmedia":[{"embeddable":true,"href":"https:\/\/www.blogdothame.blog.br\/v1\/wp-json\/wp\/v2\/media\/169331"}],"wp:attachment":[{"href":"https:\/\/www.blogdothame.blog.br\/v1\/wp-json\/wp\/v2\/media?parent=169330"}],"wp:term":[{"taxonomy":"category","embeddable":true,"href":"https:\/\/www.blogdothame.blog.br\/v1\/wp-json\/wp\/v2\/categories?post=169330"},{"taxonomy":"post_tag","embeddable":true,"href":"https:\/\/www.blogdothame.blog.br\/v1\/wp-json\/wp\/v2\/tags?post=169330"}],"curies":[{"name":"wp","href":"https:\/\/api.w.org\/{rel}","templated":true}]}}