{"id":168926,"date":"2024-10-25T07:39:18","date_gmt":"2024-10-25T10:39:18","guid":{"rendered":"https:\/\/www.blogdothame.blog.br\/v1\/?p=168926"},"modified":"2024-10-24T14:41:50","modified_gmt":"2024-10-24T17:41:50","slug":"1o-encontro-nacional-de-mulheres-jornalistas-reune-especialistas-para-discutir-igualdade-de-genero-no-jornalismo-2","status":"publish","type":"post","link":"https:\/\/www.blogdothame.blog.br\/v1\/2024\/10\/25\/1o-encontro-nacional-de-mulheres-jornalistas-reune-especialistas-para-discutir-igualdade-de-genero-no-jornalismo-2\/","title":{"rendered":"1\u00ba Encontro Nacional de Mulheres Jornalistas re\u00fane especialistas para discutir igualdade de g\u00eanero no jornalismo"},"content":{"rendered":"<p><img loading=\"lazy\" class=\"aligncenter  wp-image-168927\" src=\"https:\/\/www.blogdothame.blog.br\/v1\/wp-content\/uploads\/2024\/10\/sinj-mulh.jpg\" alt=\"\" width=\"472\" height=\"261\" srcset=\"https:\/\/www.blogdothame.blog.br\/v1\/wp-content\/uploads\/2024\/10\/sinj-mulh.jpg 600w, https:\/\/www.blogdothame.blog.br\/v1\/wp-content\/uploads\/2024\/10\/sinj-mulh-300x166.jpg 300w\" sizes=\"(max-width: 472px) 100vw, 472px\" \/>A Federa\u00e7\u00e3o Nacional dos Jornalistas (FENAJ), por meio de sua Comiss\u00e3o Nacional de Mulheres Jornalistas, realiza, no dia 9 de novembro de 2024, o\u00a01\u00ba Encontro Nacional de Mulheres Jornalistas. O evento, promovido pela Secretaria de G\u00eanero, Ra\u00e7a e Etnia da FENAJ, ser\u00e1 realizado em formato h\u00edbrido: presencialmente no Sindicato dos Jornalistas de S\u00e3o Paulo e online pela plataforma Zoom. O encontro conta com o apoio da Federa\u00e7\u00e3o Internacional dos Jornalistas (FIJ) e da Union to Union (UTU).<\/p>\n<p>O principal objetivo do evento \u00e9 debater as condi\u00e7\u00f5es de trabalho das mulheres no jornalismo e fortalecer a luta por um ambiente profissional mais equitativo e seguro. A programa\u00e7\u00e3o do encontro traz uma s\u00e9rie de pain\u00e9is que abordam as quest\u00f5es de g\u00eanero, ra\u00e7a e classe no exerc\u00edcio do jornalismo, al\u00e9m de discutir o enfrentamento \u00e0 viol\u00eancia de g\u00eanero no meio jornal\u00edstico.<\/p>\n<p>A abertura do encontro ser\u00e1 \u00e0s 8h30, com sauda\u00e7\u00f5es de representantes das entidades organizadoras e apoiadoras. Em seguida, o evento ser\u00e1 dividido em tr\u00eas pain\u00e9is que reunir\u00e3o especialistas nacionais e internacionais para debater temas centrais para as mulheres jornalistas.<\/p>\n<p><!--more--><\/p>\n<p>A presidenta da FENAJ, Samira de Castro, refor\u00e7a a import\u00e2ncia do encontro: \u201cEste evento \u00e9 uma plataforma essencial para discutirmos os desafios enfrentados pelas mulheres no jornalismo e buscarmos solu\u00e7\u00f5es para construir um ambiente de trabalho mais justo e seguro para todas as profissionais. A expectativa \u00e9 de uma grande participa\u00e7\u00e3o, para que juntas possamos promover mudan\u00e7as concretas na nossa profiss\u00e3o\u201d, destaca.<\/p>\n<p>Programa\u00e7\u00e3o completa<br \/>\nPainel 1 \u2013 Ser mulher jornalista no Brasil e na Am\u00e9rica Latina: o que dizem as pesquisas<br \/>\nHor\u00e1rio: 9h \u00e0s 10h30<br \/>\nPalestrantes:<br \/>\n\u2013 Zuliana Lainez (FIJ) \u2013 \u201cSitua\u00e7\u00e3o das mulheres trabalhadoras da imprensa na Am\u00e9rica Latina e Caribe \u2013 2023\u201d<br \/>\n\u2013 Samira de Castro (FENAJ) \u2013 \u201cEmprego formal dos Jornalistas no Brasil \u2013 2023\u201d<br \/>\n\u2013 Let\u00edcia Fagundes (Instituto Mulheres Jornalistas) \u2013 Participa\u00e7\u00e3o online<br \/>\nMedia\u00e7\u00e3o:Valdice Gomes (FENAJ)<\/p>\n<p>&nbsp;<\/p>\n<p>Painel 2 \u2013 Viol\u00eancia de g\u00eanero no exerc\u00edcio do jornalismo<br \/>\nHor\u00e1rio: 10h30 \u00e0s 12h<br \/>\nPalestrantes:<br \/>\n\u2013 K\u00e1tia Brembatti(Abraji) \u2013 Monitor de Viol\u00eancia de G\u00eanero da Abraji<br \/>\n\u2013 Charlene Nagae (Instituto Tornavoz) \u2013 Ass\u00e9dio judicial contra jornalistas<br \/>\n\u2013 Schirlei Alves (Sindicato dos Jornalistas de SC) \u2013 Caso ass\u00e9dio judicial e condena\u00e7\u00e3o penal<br \/>\nMedia\u00e7\u00e3o: Helena S\u00e1ria (FENAJ)<\/p>\n<p>&nbsp;<\/p>\n<p>&nbsp;<\/p>\n<p>&nbsp;<\/p>\n<p>Painel 3 \u2013 Por um jornalismo com perspectiva de g\u00eanero, ra\u00e7a e classe<br \/>\nHor\u00e1rio: 13h30 \u00e0s 15h<br \/>\nPalestrantes:<br \/>\n\u2013 B\u00e1rbara Lib\u00f3rio (Diretora de conte\u00fado de AzMina)<br \/>\n\u2013 Luciana Barreto (TV Brasil \u2013 Autora do livro Discursos de \u00f3dio contra negros nas redes sociais)<br \/>\n\u2013 Ariene Susui (Rede de Comunicadores Ind\u00edgenas de Roraima Wakywaa) \u2013 Participa\u00e7\u00e3o online<br \/>\n\u2013 Martihene Oliveira (Coletivo Sargento Perifa \u2013 PE) \u2013 Participa\u00e7\u00e3o online<br \/>\nMedia\u00e7\u00e3o: Bianca Santana<\/p>\n<p>&nbsp;<\/p>\n<p>Ap\u00f3s o \u00faltimo painel, os participantes ter\u00e3o uma pausa para um coffee break, seguido da Reuni\u00e3o da Comiss\u00e3o Nacional de Mulheres Jornalistas da FENAJ, que se estender\u00e1 at\u00e9 o encerramento do evento, previsto para \u00e0s 17h30.<\/p>\n<p>Inscri\u00e7\u00f5es abertas<br \/>\nAs inscri\u00e7\u00f5es para o encontro ainda est\u00e3o abertas, contando com 30 vagas presenciais dispon\u00edveis. No formato online, n\u00e3o h\u00e1 limite de participantes. Os valores de inscri\u00e7\u00e3o s\u00e3o de R$ 40,00 para estudantes e jornalistas sindicalizadas, e R$ 80,00 para jornalistas n\u00e3o sindicalizadas e demais profissionais. Todos os participantes receber\u00e3o um certificado digital ao final do evento.<\/p>\n<p>Fa\u00e7a sua inscri\u00e7\u00e3o aqui\u00a0e n\u00e3o perca essa oportunidade de participar dessa importante discuss\u00e3o sobre igualdade e justi\u00e7a no jornalismo.<\/p>\n","protected":false},"excerpt":{"rendered":"<p>A Federa\u00e7\u00e3o Nacional dos Jornalistas (FENAJ), por meio de sua Comiss\u00e3o Nacional de Mulheres Jornalistas, realiza, no dia 9 de novembro de 2024, o\u00a01\u00ba Encontro Nacional de Mulheres Jornalistas. O evento, promovido pela Secretaria de G\u00eanero, Ra\u00e7a e Etnia da FENAJ, ser\u00e1 realizado em formato h\u00edbrido: presencialmente no Sindicato dos Jornalistas de S\u00e3o Paulo e [&hellip;]<\/p>\n","protected":false},"author":2,"featured_media":168927,"comment_status":"open","ping_status":"open","sticky":false,"template":"","format":"standard","meta":{"_links_to":"","_links_to_target":""},"categories":[1],"tags":[38410,12238],"_links":{"self":[{"href":"https:\/\/www.blogdothame.blog.br\/v1\/wp-json\/wp\/v2\/posts\/168926"}],"collection":[{"href":"https:\/\/www.blogdothame.blog.br\/v1\/wp-json\/wp\/v2\/posts"}],"about":[{"href":"https:\/\/www.blogdothame.blog.br\/v1\/wp-json\/wp\/v2\/types\/post"}],"author":[{"embeddable":true,"href":"https:\/\/www.blogdothame.blog.br\/v1\/wp-json\/wp\/v2\/users\/2"}],"replies":[{"embeddable":true,"href":"https:\/\/www.blogdothame.blog.br\/v1\/wp-json\/wp\/v2\/comments?post=168926"}],"version-history":[{"count":1,"href":"https:\/\/www.blogdothame.blog.br\/v1\/wp-json\/wp\/v2\/posts\/168926\/revisions"}],"predecessor-version":[{"id":168928,"href":"https:\/\/www.blogdothame.blog.br\/v1\/wp-json\/wp\/v2\/posts\/168926\/revisions\/168928"}],"wp:featuredmedia":[{"embeddable":true,"href":"https:\/\/www.blogdothame.blog.br\/v1\/wp-json\/wp\/v2\/media\/168927"}],"wp:attachment":[{"href":"https:\/\/www.blogdothame.blog.br\/v1\/wp-json\/wp\/v2\/media?parent=168926"}],"wp:term":[{"taxonomy":"category","embeddable":true,"href":"https:\/\/www.blogdothame.blog.br\/v1\/wp-json\/wp\/v2\/categories?post=168926"},{"taxonomy":"post_tag","embeddable":true,"href":"https:\/\/www.blogdothame.blog.br\/v1\/wp-json\/wp\/v2\/tags?post=168926"}],"curies":[{"name":"wp","href":"https:\/\/api.w.org\/{rel}","templated":true}]}}