{"id":168715,"date":"2024-10-18T07:01:38","date_gmt":"2024-10-18T10:01:38","guid":{"rendered":"https:\/\/www.blogdothame.blog.br\/v1\/?p=168715"},"modified":"2024-10-18T11:05:02","modified_gmt":"2024-10-18T14:05:02","slug":"unexmed-itabuna-realiza-cerimonia-do-jaleco-e-marca-a-entrada-oficial-dos-alunos-na-medicina","status":"publish","type":"post","link":"https:\/\/www.blogdothame.blog.br\/v1\/2024\/10\/18\/unexmed-itabuna-realiza-cerimonia-do-jaleco-e-marca-a-entrada-oficial-dos-alunos-na-medicina\/","title":{"rendered":"UnexMED Itabuna realiza Cerim\u00f4nia do Jaleco e marca a entrada oficial dos alunos na Medicina"},"content":{"rendered":"<p><img loading=\"lazy\" class=\"aligncenter  wp-image-168716\" src=\"https:\/\/www.blogdothame.blog.br\/v1\/wp-content\/uploads\/2024\/10\/unnamed-1-1.jpg\" alt=\"\" width=\"499\" height=\"268\" srcset=\"https:\/\/www.blogdothame.blog.br\/v1\/wp-content\/uploads\/2024\/10\/unnamed-1-1.jpg 560w, https:\/\/www.blogdothame.blog.br\/v1\/wp-content\/uploads\/2024\/10\/unnamed-1-1-300x161.jpg 300w\" sizes=\"(max-width: 499px) 100vw, 499px\" \/>A UnexMED Itabuna promoveu a emocionante Cerim\u00f4nia do Jaleco, evento que representa a entrada oficial dos alunos do primeiro ano no universo da Medicina. Realizado no Centro de Eventos Terceira Via Hall, o encontro reuniu professores, equipe acad\u00eamica, familiares, amigos e autoridades da Sa\u00fade, al\u00e9m da coordena\u00e7\u00e3o da UnexMED, para celebrar o compromisso dos estudantes com a \u00e9tica e a dedica\u00e7\u00e3o \u00e0 pr\u00e1tica m\u00e9dica.<br \/>\nO ponto alto da cerim\u00f4nia foi a entrega dos jalecos brancos, s\u00edmbolo da responsabilidade que os futuros m\u00e9dicos assumem ao ingressar nessa jornada. Dr. Eric Ettinger Jr, coordenador do curso de Medicina da Unex Itabuna, discursou sobre o comprometimento da institui\u00e7\u00e3o com a forma\u00e7\u00e3o de excel\u00eancia dos alunos, refor\u00e7ando que &#8220;o meu compromisso, o compromisso do professor Lino, como l\u00edder maior deste curso, \u00e9 que voc\u00eas\u00a0sejam\u00a0bem\u00a0preparados. Daqui a seis anos, voc\u00eas poder\u00e3o dizer com orgulho: &#8216;Sou um m\u00e9dico formado na Unex&#8217;, e isso far\u00e1 uma grande diferen\u00e7a.&#8221;<br \/>\nPara os estudantes, o momento foi de emo\u00e7\u00e3o e expectativa. Dayla Melo, aluna do primeiro semestre, destacou a import\u00e2ncia desse marco.\u00a0&#8220;Esse momento marca o in\u00edcio de uma longa trajet\u00f3ria que \u00e9 a Medicina e,\u00a0sem d\u00favidas,\u00a0est\u00e1 sendo muito emocionante e especial para mim.&#8221;<\/p>\n<p><!--more--><br \/>\nA Cerim\u00f4nia do Jaleco da UnexMED Itabuna refor\u00e7a o compromisso da institui\u00e7\u00e3o em formar m\u00e9dicos altamente qualificados, prontos para enfrentar os desafios da profiss\u00e3o com \u00e9tica, responsabilidade e respeito \u00e0 vida.<\/p>\n","protected":false},"excerpt":{"rendered":"<p>A UnexMED Itabuna promoveu a emocionante Cerim\u00f4nia do Jaleco, evento que representa a entrada oficial dos alunos do primeiro ano no universo da Medicina. Realizado no Centro de Eventos Terceira Via Hall, o encontro reuniu professores, equipe acad\u00eamica, familiares, amigos e autoridades da Sa\u00fade, al\u00e9m da coordena\u00e7\u00e3o da UnexMED, para celebrar o compromisso dos estudantes [&hellip;]<\/p>\n","protected":false},"author":2,"featured_media":168716,"comment_status":"open","ping_status":"open","sticky":false,"template":"","format":"standard","meta":{"_links_to":"","_links_to_target":""},"categories":[33436],"tags":[36263,38577],"_links":{"self":[{"href":"https:\/\/www.blogdothame.blog.br\/v1\/wp-json\/wp\/v2\/posts\/168715"}],"collection":[{"href":"https:\/\/www.blogdothame.blog.br\/v1\/wp-json\/wp\/v2\/posts"}],"about":[{"href":"https:\/\/www.blogdothame.blog.br\/v1\/wp-json\/wp\/v2\/types\/post"}],"author":[{"embeddable":true,"href":"https:\/\/www.blogdothame.blog.br\/v1\/wp-json\/wp\/v2\/users\/2"}],"replies":[{"embeddable":true,"href":"https:\/\/www.blogdothame.blog.br\/v1\/wp-json\/wp\/v2\/comments?post=168715"}],"version-history":[{"count":1,"href":"https:\/\/www.blogdothame.blog.br\/v1\/wp-json\/wp\/v2\/posts\/168715\/revisions"}],"predecessor-version":[{"id":168717,"href":"https:\/\/www.blogdothame.blog.br\/v1\/wp-json\/wp\/v2\/posts\/168715\/revisions\/168717"}],"wp:featuredmedia":[{"embeddable":true,"href":"https:\/\/www.blogdothame.blog.br\/v1\/wp-json\/wp\/v2\/media\/168716"}],"wp:attachment":[{"href":"https:\/\/www.blogdothame.blog.br\/v1\/wp-json\/wp\/v2\/media?parent=168715"}],"wp:term":[{"taxonomy":"category","embeddable":true,"href":"https:\/\/www.blogdothame.blog.br\/v1\/wp-json\/wp\/v2\/categories?post=168715"},{"taxonomy":"post_tag","embeddable":true,"href":"https:\/\/www.blogdothame.blog.br\/v1\/wp-json\/wp\/v2\/tags?post=168715"}],"curies":[{"name":"wp","href":"https:\/\/api.w.org\/{rel}","templated":true}]}}