{"id":167361,"date":"2024-09-12T09:30:02","date_gmt":"2024-09-12T12:30:02","guid":{"rendered":"https:\/\/www.blogdothame.blog.br\/v1\/?p=167361"},"modified":"2024-09-12T08:50:17","modified_gmt":"2024-09-12T11:50:17","slug":"ufsb-faz-doacoes-dos-capelos-da-campanha-respeita-o-meu-capelo","status":"publish","type":"post","link":"https:\/\/www.blogdothame.blog.br\/v1\/2024\/09\/12\/ufsb-faz-doacoes-dos-capelos-da-campanha-respeita-o-meu-capelo\/","title":{"rendered":"UFSB faz doa\u00e7\u00f5es dos capelos da campanha \u201cRespeita o meu capelo!\u201d"},"content":{"rendered":"<p><img loading=\"lazy\" class=\"aligncenter wp-image-167362\" src=\"https:\/\/www.blogdothame.blog.br\/v1\/wp-content\/uploads\/2024\/09\/UESC.jpg\" alt=\"\" width=\"408\" height=\"198\" srcset=\"https:\/\/www.blogdothame.blog.br\/v1\/wp-content\/uploads\/2024\/09\/UESC.jpg 600w, https:\/\/www.blogdothame.blog.br\/v1\/wp-content\/uploads\/2024\/09\/UESC-300x146.jpg 300w\" sizes=\"(max-width: 408px) 100vw, 408px\" \/><\/p>\n<p>Em abril, a Universidade Federal do Sul da Bahia participou da campanha organizada por uma ag\u00eancia de publicidade que debatia a aus\u00eancia de valoriza\u00e7\u00e3o da diversidade no uso das becas de formatura. Por meio de depoimentos de diversos estudantes negros,\u00a0a campanha\u00a0problematiza a uniformidade dos capelos comuns nas formaturas que n\u00e3o s\u00e3o adaptados aos variados penteados usados por pessoas negras, promovendo dessa forma uma exclus\u00e3o do direito de celebra\u00e7\u00e3o com t\u00e3o importante s\u00edmbolo do fim da jornada universit\u00e1ria. A reitora Joana Guimar\u00e3es, enquanto primeira mulher negra eleita reitora de uma universidade federal, foi convidada a dar um depoimento sobre sua trajet\u00f3ria universit\u00e1ria.<\/p>\n<p>&nbsp;<\/p>\n<p><img loading=\"lazy\" class=\"aligncenter size-full wp-image-167363\" src=\"https:\/\/www.blogdothame.blog.br\/v1\/wp-content\/uploads\/2024\/09\/UNEB.jpg\" alt=\"\" width=\"437\" height=\"252\" srcset=\"https:\/\/www.blogdothame.blog.br\/v1\/wp-content\/uploads\/2024\/09\/UNEB.jpg 437w, https:\/\/www.blogdothame.blog.br\/v1\/wp-content\/uploads\/2024\/09\/UNEB-300x173.jpg 300w\" sizes=\"(max-width: 437px) 100vw, 437px\" \/><br \/>\nComo complemento \u00e0 campanha, a marca financiadora contratou a produ\u00e7\u00e3o de mil capelos criados por uma marca baiana de moda, doando a UFSB um total de 500 destes, de quatro modelos diferentes.\u00a0Por orienta\u00e7\u00e3o da reitora, a Pr\u00f3-reitoria de A\u00e7\u00f5es Afirmativas realizou contato com todas as IES baianas, e o Campus dos Mal\u00eas da Unilab, ofertando cotas destes capelos para que pudessem ser usados por seus estudantes, caso desejassem.<\/p>\n<p>&nbsp;<\/p>\n<p><!--more--><br \/>\nDurante a participa\u00e7\u00e3o da reitora Joana Guimar\u00e3es na\u00a0Confer\u00eancia da Di\u00e1spora Africana nas Am\u00e9ricas, realizado entre os dias 28 e 30 de agosto na UFBA, foram feitas as doa\u00e7\u00f5es \u00e0 UFBA, \u00e0 UFRB e \u00e0 UNEB. Nesta \u00faltima, a reitora Joana Guimar\u00e3es foi recebida pela reitora\u00a0Adriana Marmori e sua equipe, oportunidade na qual foram estreitados outros la\u00e7os no campo das pol\u00edticas de a\u00e7\u00f5es afirmativas.<\/p>\n<p>&nbsp;<\/p>\n<p>Nesta semana, a PROAF tamb\u00e9m fez a entrega dos capelos na UESC e j\u00e1 tem agendadas as entregas na UNILAB e na UFOB para as pr\u00f3ximas semanas.\u00a0A parte dos capelos que ficou com a UFSB devem come\u00e7ar a ser disponibilizados j\u00e1 nas pr\u00f3ximas cerim\u00f4nias de formatura previstas para o fim do semestre 2024.1.<\/p>\n<p>&nbsp;<\/p>\n<p>&nbsp;<\/p>\n<p><iframe loading=\"lazy\" title=\"Vult apresenta: RESPEITA MEU CAPELO!\" src=\"https:\/\/www.youtube.com\/embed\/COgElaImUfw\" width=\"560\" height=\"315\" frameborder=\"0\" allowfullscreen=\"allowfullscreen\"><\/iframe><\/p>\n","protected":false},"excerpt":{"rendered":"<p>Em abril, a Universidade Federal do Sul da Bahia participou da campanha organizada por uma ag\u00eancia de publicidade que debatia a aus\u00eancia de valoriza\u00e7\u00e3o da diversidade no uso das becas de formatura. Por meio de depoimentos de diversos estudantes negros,\u00a0a campanha\u00a0problematiza a uniformidade dos capelos comuns nas formaturas que n\u00e3o s\u00e3o adaptados aos variados penteados [&hellip;]<\/p>\n","protected":false},"author":2,"featured_media":167363,"comment_status":"open","ping_status":"open","sticky":false,"template":"","format":"standard","meta":{"_links_to":"","_links_to_target":""},"categories":[1],"tags":[38407,38406,22091,25,736,2459,10406,2498],"_links":{"self":[{"href":"https:\/\/www.blogdothame.blog.br\/v1\/wp-json\/wp\/v2\/posts\/167361"}],"collection":[{"href":"https:\/\/www.blogdothame.blog.br\/v1\/wp-json\/wp\/v2\/posts"}],"about":[{"href":"https:\/\/www.blogdothame.blog.br\/v1\/wp-json\/wp\/v2\/types\/post"}],"author":[{"embeddable":true,"href":"https:\/\/www.blogdothame.blog.br\/v1\/wp-json\/wp\/v2\/users\/2"}],"replies":[{"embeddable":true,"href":"https:\/\/www.blogdothame.blog.br\/v1\/wp-json\/wp\/v2\/comments?post=167361"}],"version-history":[{"count":5,"href":"https:\/\/www.blogdothame.blog.br\/v1\/wp-json\/wp\/v2\/posts\/167361\/revisions"}],"predecessor-version":[{"id":167403,"href":"https:\/\/www.blogdothame.blog.br\/v1\/wp-json\/wp\/v2\/posts\/167361\/revisions\/167403"}],"wp:featuredmedia":[{"embeddable":true,"href":"https:\/\/www.blogdothame.blog.br\/v1\/wp-json\/wp\/v2\/media\/167363"}],"wp:attachment":[{"href":"https:\/\/www.blogdothame.blog.br\/v1\/wp-json\/wp\/v2\/media?parent=167361"}],"wp:term":[{"taxonomy":"category","embeddable":true,"href":"https:\/\/www.blogdothame.blog.br\/v1\/wp-json\/wp\/v2\/categories?post=167361"},{"taxonomy":"post_tag","embeddable":true,"href":"https:\/\/www.blogdothame.blog.br\/v1\/wp-json\/wp\/v2\/tags?post=167361"}],"curies":[{"name":"wp","href":"https:\/\/api.w.org\/{rel}","templated":true}]}}