{"id":16716,"date":"2013-02-08T09:19:54","date_gmt":"2013-02-08T12:19:54","guid":{"rendered":"http:\/\/www.blogdothame.blog.br\/v1\/?p=16716"},"modified":"2013-02-08T09:19:54","modified_gmt":"2013-02-08T12:19:54","slug":"dilma-passa-o-carnaval-na-bahia-mas-nao-vai-atras-do-trio-eletrico","status":"publish","type":"post","link":"https:\/\/www.blogdothame.blog.br\/v1\/2013\/02\/08\/dilma-passa-o-carnaval-na-bahia-mas-nao-vai-atras-do-trio-eletrico\/","title":{"rendered":"Dilma passa o carnaval na Bahia, mas n\u00e3o vai atr\u00e1s do trio el\u00e9trico"},"content":{"rendered":"<div id=\"attachment_16717\" style=\"width: 310px\" class=\"wp-caption aligncenter\"><a href=\"http:\/\/www.blogdothame.blog.br\/v1\/wp-content\/uploads\/2013\/02\/dilma.jpg\"><img aria-describedby=\"caption-attachment-16717\" loading=\"lazy\" class=\"size-full wp-image-16717\" title=\"dilma\" src=\"http:\/\/www.blogdothame.blog.br\/v1\/wp-content\/uploads\/2013\/02\/dilma.jpg\" alt=\"\" width=\"300\" height=\"250\" \/><\/a><p id=\"caption-attachment-16717\" class=\"wp-caption-text\">Dilma tira a faixa pra descansar, mas n\u00e3o cai na folia<\/p><\/div>\n<p>A presidente Dilma Rousseff passar\u00e1 os feriados de carnaval na Bahia, descansando na Base Naval de Aratu, em companhia de familiares. Dilma deve embarcar hoje para Salvador, mas n\u00e3o participar\u00e1 de qualquer festejo carnavalesco na capital baiana, como chegou a ser especulado.<\/p>\n<p>A confirma\u00e7\u00e3o da ida da presidente Dilma para Salvador e a informa\u00e7\u00e3o de que ela \u201cn\u00e3o participar\u00e1 de atividades festivas\u201d est\u00e3o publicadas no Blog do Planalto. No ano passado, Dilma tamb\u00e9m passou o carnaval na base de Aratu descansando, assim como esteve l\u00e1 nas festas de fim de ano.<\/p>\n","protected":false},"excerpt":{"rendered":"<p>A presidente Dilma Rousseff passar\u00e1 os feriados de carnaval na Bahia, descansando na Base Naval de Aratu, em companhia de familiares. Dilma deve embarcar hoje para Salvador, mas n\u00e3o participar\u00e1 de qualquer festejo carnavalesco na capital baiana, como chegou a ser especulado. A confirma\u00e7\u00e3o da ida da presidente Dilma para Salvador e a informa\u00e7\u00e3o de [&hellip;]<\/p>\n","protected":false},"author":2,"featured_media":0,"comment_status":"open","ping_status":"open","sticky":false,"template":"","format":"standard","meta":{"_links_to":"","_links_to_target":""},"categories":[1],"tags":[2040,361],"_links":{"self":[{"href":"https:\/\/www.blogdothame.blog.br\/v1\/wp-json\/wp\/v2\/posts\/16716"}],"collection":[{"href":"https:\/\/www.blogdothame.blog.br\/v1\/wp-json\/wp\/v2\/posts"}],"about":[{"href":"https:\/\/www.blogdothame.blog.br\/v1\/wp-json\/wp\/v2\/types\/post"}],"author":[{"embeddable":true,"href":"https:\/\/www.blogdothame.blog.br\/v1\/wp-json\/wp\/v2\/users\/2"}],"replies":[{"embeddable":true,"href":"https:\/\/www.blogdothame.blog.br\/v1\/wp-json\/wp\/v2\/comments?post=16716"}],"version-history":[{"count":1,"href":"https:\/\/www.blogdothame.blog.br\/v1\/wp-json\/wp\/v2\/posts\/16716\/revisions"}],"predecessor-version":[{"id":16718,"href":"https:\/\/www.blogdothame.blog.br\/v1\/wp-json\/wp\/v2\/posts\/16716\/revisions\/16718"}],"wp:attachment":[{"href":"https:\/\/www.blogdothame.blog.br\/v1\/wp-json\/wp\/v2\/media?parent=16716"}],"wp:term":[{"taxonomy":"category","embeddable":true,"href":"https:\/\/www.blogdothame.blog.br\/v1\/wp-json\/wp\/v2\/categories?post=16716"},{"taxonomy":"post_tag","embeddable":true,"href":"https:\/\/www.blogdothame.blog.br\/v1\/wp-json\/wp\/v2\/tags?post=16716"}],"curies":[{"name":"wp","href":"https:\/\/api.w.org\/{rel}","templated":true}]}}