{"id":167137,"date":"2024-09-05T16:00:33","date_gmt":"2024-09-05T19:00:33","guid":{"rendered":"https:\/\/www.blogdothame.blog.br\/v1\/?p=167137"},"modified":"2024-09-05T15:45:08","modified_gmt":"2024-09-05T18:45:08","slug":"mais-futuro-beneficio-com-valor-reajustado-comeca-a-ser-depositado","status":"publish","type":"post","link":"https:\/\/www.blogdothame.blog.br\/v1\/2024\/09\/05\/mais-futuro-beneficio-com-valor-reajustado-comeca-a-ser-depositado\/","title":{"rendered":"Mais Futuro: benef\u00edcio com valor reajustado come\u00e7a a ser depositado"},"content":{"rendered":"<p><img loading=\"lazy\" class=\"aligncenter size-full wp-image-162034\" src=\"https:\/\/www.blogdothame.blog.br\/v1\/wp-content\/uploads\/2024\/04\/uesc.jpg\" alt=\"\" width=\"497\" height=\"221\" srcset=\"https:\/\/www.blogdothame.blog.br\/v1\/wp-content\/uploads\/2024\/04\/uesc.jpg 497w, https:\/\/www.blogdothame.blog.br\/v1\/wp-content\/uploads\/2024\/04\/uesc-300x133.jpg 300w\" sizes=\"(max-width: 497px) 100vw, 497px\" \/>O Governo do Estado, por meio da Secretaria da Educa\u00e7\u00e3o do Estado (SEC), inicia, nesta quinta-feira (5), o pagamento da parcela correspondente ao m\u00eas de agosto do Mais Futuro, com valores reajustados para R$ 400 e R$ 800, equivalendo, respectivamente, aos perfis B\u00e1sico e Moradia. O reajuste atende \u00e0 solicita\u00e7\u00e3o dos estudantes e beneficiar\u00e1, aproximadamente, 9.500 alunos matriculados nas universidades p\u00fablicas estaduais da Bahia (Uesb, Uesc, Uefs e Uneb), representando um investimento mensal de cerca de R$ 5 milh\u00f5es, o maior aporte financeiro desde a cria\u00e7\u00e3o do programa.<\/p>\n<p>Jos\u00e9 Carlos Sodr\u00e9, membro titular do Comit\u00ea Executivo do Mais Futuro, destaca a import\u00e2ncia dessa pol\u00edtica p\u00fablica para elevar o n\u00edvel de aprendizagem e a forma\u00e7\u00e3o de novos profissionais na Bahia. \u201cCom este programa de assist\u00eancia estudantil, o Governo do Estado reafirma seu compromisso com os estudantes das universidades p\u00fablicas estaduais, contribuindo para a perman\u00eancia e a forma\u00e7\u00e3o dos estudantes das classes populares e menos favorecidos economicamente no ensino superior\u201d, afirma.<\/p>\n<p><!--more--><\/p>\n<p>Neste ano, o Programa Mais Futuro j\u00e1 beneficiou 12.563 universit\u00e1rios. O Governo Estadual estima investir R$ 56 milh\u00f5es para auxiliar os estudantes at\u00e9 o final de 2024. Para ser beneficiado com o aux\u00edlio b\u00e1sico, no valor de R$ 400, \u00e9 necess\u00e1rio ser estudante regularmente matriculado em curso de gradua\u00e7\u00e3o presencial nas universidades p\u00fablicas estaduais, desde que n\u00e3o tenha conclu\u00eddo qualquer outro curso de n\u00edvel superior; que comprove a situa\u00e7\u00e3o de vulnerabilidade socioecon\u00f4mica; e resida em munic\u00edpio localizado a menos de 100 quil\u00f4metros de dist\u00e2ncia do campus onde frequenta o curso superior. J\u00e1 o aux\u00edlio moradia, no valor de R$ 800, beneficia estudantes com o mesmo perfil, mas que residem a uma dist\u00e2ncia superior a 100 quil\u00f4metros do campus.<\/p>\n<p>Inscri\u00e7\u00f5es abertas &#8211; Novos estudantes interessados em participar do Mais Futuro podem se inscrever at\u00e9 o dia 18 de setembro, atrav\u00e9s do Portal da Educa\u00e7\u00e3o (www.educacao.ba.gov.br).<\/p>\n","protected":false},"excerpt":{"rendered":"<p>O Governo do Estado, por meio da Secretaria da Educa\u00e7\u00e3o do Estado (SEC), inicia, nesta quinta-feira (5), o pagamento da parcela correspondente ao m\u00eas de agosto do Mais Futuro, com valores reajustados para R$ 400 e R$ 800, equivalendo, respectivamente, aos perfis B\u00e1sico e Moradia. O reajuste atende \u00e0 solicita\u00e7\u00e3o dos estudantes e beneficiar\u00e1, aproximadamente, [&hellip;]<\/p>\n","protected":false},"author":2,"featured_media":162034,"comment_status":"open","ping_status":"open","sticky":false,"template":"","format":"standard","meta":{"_links_to":"","_links_to_target":""},"categories":[33435],"tags":[16,17869],"_links":{"self":[{"href":"https:\/\/www.blogdothame.blog.br\/v1\/wp-json\/wp\/v2\/posts\/167137"}],"collection":[{"href":"https:\/\/www.blogdothame.blog.br\/v1\/wp-json\/wp\/v2\/posts"}],"about":[{"href":"https:\/\/www.blogdothame.blog.br\/v1\/wp-json\/wp\/v2\/types\/post"}],"author":[{"embeddable":true,"href":"https:\/\/www.blogdothame.blog.br\/v1\/wp-json\/wp\/v2\/users\/2"}],"replies":[{"embeddable":true,"href":"https:\/\/www.blogdothame.blog.br\/v1\/wp-json\/wp\/v2\/comments?post=167137"}],"version-history":[{"count":1,"href":"https:\/\/www.blogdothame.blog.br\/v1\/wp-json\/wp\/v2\/posts\/167137\/revisions"}],"predecessor-version":[{"id":167138,"href":"https:\/\/www.blogdothame.blog.br\/v1\/wp-json\/wp\/v2\/posts\/167137\/revisions\/167138"}],"wp:featuredmedia":[{"embeddable":true,"href":"https:\/\/www.blogdothame.blog.br\/v1\/wp-json\/wp\/v2\/media\/162034"}],"wp:attachment":[{"href":"https:\/\/www.blogdothame.blog.br\/v1\/wp-json\/wp\/v2\/media?parent=167137"}],"wp:term":[{"taxonomy":"category","embeddable":true,"href":"https:\/\/www.blogdothame.blog.br\/v1\/wp-json\/wp\/v2\/categories?post=167137"},{"taxonomy":"post_tag","embeddable":true,"href":"https:\/\/www.blogdothame.blog.br\/v1\/wp-json\/wp\/v2\/tags?post=167137"}],"curies":[{"name":"wp","href":"https:\/\/api.w.org\/{rel}","templated":true}]}}