{"id":167129,"date":"2024-09-05T15:30:18","date_gmt":"2024-09-05T18:30:18","guid":{"rendered":"https:\/\/www.blogdothame.blog.br\/v1\/?p=167129"},"modified":"2024-09-05T15:45:40","modified_gmt":"2024-09-05T18:45:40","slug":"hospital-de-base-de-itabuna-promover-ciclo-de-palestras-da-campanha-setembro-amarelo","status":"publish","type":"post","link":"https:\/\/www.blogdothame.blog.br\/v1\/2024\/09\/05\/hospital-de-base-de-itabuna-promover-ciclo-de-palestras-da-campanha-setembro-amarelo\/","title":{"rendered":"Hospital de Base de Itabuna promove ciclo de palestras da Campanha Setembro Amarelo"},"content":{"rendered":"<p><img loading=\"lazy\" class=\"aligncenter wp-image-167130\" src=\"https:\/\/www.blogdothame.blog.br\/v1\/wp-content\/uploads\/2024\/09\/PHOTO-2024-09-05-11-08-33.jpg\" alt=\"\" width=\"393\" height=\"393\" srcset=\"https:\/\/www.blogdothame.blog.br\/v1\/wp-content\/uploads\/2024\/09\/PHOTO-2024-09-05-11-08-33.jpg 432w, https:\/\/www.blogdothame.blog.br\/v1\/wp-content\/uploads\/2024\/09\/PHOTO-2024-09-05-11-08-33-300x300.jpg 300w, https:\/\/www.blogdothame.blog.br\/v1\/wp-content\/uploads\/2024\/09\/PHOTO-2024-09-05-11-08-33-150x150.jpg 150w\" sizes=\"(max-width: 393px) 100vw, 393px\" \/>Institui\u00e7\u00e3o administrada pela Funda\u00e7\u00e3o de Aten\u00e7\u00e3o \u00e0 Sa\u00fade de Itabuna (FASI), o Hospital de Base Lu\u00eds Eduardo Magalh\u00e3es vai promover na ter\u00e7a-feira, dia 10, data em que se celebra o Dia Mundial de Preven\u00e7\u00e3o ao Suic\u00eddio, um ciclo de palestras da Campanha Setembro Amarelo.<br \/>\nEste ano, a campanha nacional segue o mesmo tema de 2023: \u201cSe precisar, pe\u00e7a ajuda!\u201d. Na unidade hospitalar, o Setembro Amarelo, m\u00eas de valoriza\u00e7\u00e3o da vida, vai trabalhar palestras\u00a0focadas na promo\u00e7\u00e3o da sa\u00fade mental dos colaboradores.<\/p>\n<p>A programa\u00e7\u00e3o ser\u00e1 aberta dia 10, \u00e0s 8h, no audit\u00f3rio do Hospital de Base com uma abordagem geral sobre o tema da campanha, seguida de palestras sobre Sa\u00fade Mental, Ansiedade, S\u00edndrome de Burnout, Intelig\u00eancia Emocional no Trabalho, Lideran\u00e7a Consciente e seu Impacto na Sa\u00fade Mental e Risoterapia.<\/p>\n<p>SETEMBRO AMARELO<\/p>\n<p>Desde 2013 incorporado ao calend\u00e1rio nacional, o Setembro Amarelo trabalha a maior campanha antiestigma do mundo e levanta a bandeira de preven\u00e7\u00e3o ao suic\u00eddio. No Brasil, muitas a\u00e7\u00f5es educativas de preven\u00e7\u00e3o acontecem durante o ano todo.<\/p>\n<p><!--more--><\/p>\n<p>O suic\u00eddio \u00e9 um importante problema de sa\u00fade p\u00fablica que impacta a sociedade como um todo. Segundo dados da Organiza\u00e7\u00e3o Mundial de Sa\u00fade (OMS), todos os anos, mais pessoas morrem como resultado de suic\u00eddio do que HIV, mal\u00e1ria ou c\u00e2ncer de mama ou guerras e homic\u00eddios.<\/p>\n<p>Em caso de sentir-se isolado ou necessitando de apoio psicol\u00f3gico busque ajuda na unidade de sa\u00fade mais pr\u00f3xima ou procure um profissional de psiquiatria ou psicologia.<\/p>\n","protected":false},"excerpt":{"rendered":"<p>Institui\u00e7\u00e3o administrada pela Funda\u00e7\u00e3o de Aten\u00e7\u00e3o \u00e0 Sa\u00fade de Itabuna (FASI), o Hospital de Base Lu\u00eds Eduardo Magalh\u00e3es vai promover na ter\u00e7a-feira, dia 10, data em que se celebra o Dia Mundial de Preven\u00e7\u00e3o ao Suic\u00eddio, um ciclo de palestras da Campanha Setembro Amarelo. Este ano, a campanha nacional segue o mesmo tema de 2023: [&hellip;]<\/p>\n","protected":false},"author":2,"featured_media":167130,"comment_status":"open","ping_status":"open","sticky":false,"template":"","format":"standard","meta":{"_links_to":"","_links_to_target":""},"categories":[33435],"tags":[7496,19714],"_links":{"self":[{"href":"https:\/\/www.blogdothame.blog.br\/v1\/wp-json\/wp\/v2\/posts\/167129"}],"collection":[{"href":"https:\/\/www.blogdothame.blog.br\/v1\/wp-json\/wp\/v2\/posts"}],"about":[{"href":"https:\/\/www.blogdothame.blog.br\/v1\/wp-json\/wp\/v2\/types\/post"}],"author":[{"embeddable":true,"href":"https:\/\/www.blogdothame.blog.br\/v1\/wp-json\/wp\/v2\/users\/2"}],"replies":[{"embeddable":true,"href":"https:\/\/www.blogdothame.blog.br\/v1\/wp-json\/wp\/v2\/comments?post=167129"}],"version-history":[{"count":2,"href":"https:\/\/www.blogdothame.blog.br\/v1\/wp-json\/wp\/v2\/posts\/167129\/revisions"}],"predecessor-version":[{"id":167139,"href":"https:\/\/www.blogdothame.blog.br\/v1\/wp-json\/wp\/v2\/posts\/167129\/revisions\/167139"}],"wp:featuredmedia":[{"embeddable":true,"href":"https:\/\/www.blogdothame.blog.br\/v1\/wp-json\/wp\/v2\/media\/167130"}],"wp:attachment":[{"href":"https:\/\/www.blogdothame.blog.br\/v1\/wp-json\/wp\/v2\/media?parent=167129"}],"wp:term":[{"taxonomy":"category","embeddable":true,"href":"https:\/\/www.blogdothame.blog.br\/v1\/wp-json\/wp\/v2\/categories?post=167129"},{"taxonomy":"post_tag","embeddable":true,"href":"https:\/\/www.blogdothame.blog.br\/v1\/wp-json\/wp\/v2\/tags?post=167129"}],"curies":[{"name":"wp","href":"https:\/\/api.w.org\/{rel}","templated":true}]}}