{"id":166928,"date":"2024-08-30T06:30:00","date_gmt":"2024-08-30T09:30:00","guid":{"rendered":"https:\/\/www.blogdothame.blog.br\/v1\/?p=166928"},"modified":"2024-08-30T09:20:59","modified_gmt":"2024-08-30T12:20:59","slug":"operarios-da-emasa-recuperaram-rede-da-eletrica-na-estacao-de-rio-do-braco-e-captacao-de-agua-e-normalizada","status":"publish","type":"post","link":"https:\/\/www.blogdothame.blog.br\/v1\/2024\/08\/30\/operarios-da-emasa-recuperaram-rede-da-eletrica-na-estacao-de-rio-do-braco-e-captacao-de-agua-e-normalizada\/","title":{"rendered":"Oper\u00e1rios da EMASA recuperaram rede da el\u00e9trica na Esta\u00e7\u00e3o de Rio do Bra\u00e7o e capta\u00e7\u00e3o de \u00e1gua \u00e9 normalizada"},"content":{"rendered":"<p><img loading=\"lazy\" class=\"aligncenter  wp-image-166929\" src=\"https:\/\/www.blogdothame.blog.br\/v1\/wp-content\/uploads\/2024\/08\/PHOTO-2024-08-29-19-52-45.jpg\" alt=\"\" width=\"372\" height=\"279\" srcset=\"https:\/\/www.blogdothame.blog.br\/v1\/wp-content\/uploads\/2024\/08\/PHOTO-2024-08-29-19-52-45.jpg 512w, https:\/\/www.blogdothame.blog.br\/v1\/wp-content\/uploads\/2024\/08\/PHOTO-2024-08-29-19-52-45-300x225.jpg 300w\" sizes=\"(max-width: 372px) 100vw, 372px\" \/><\/p>\n<p>A equipe da Ger\u00eancia T\u00e9cnica da Empresa Municipal de \u00c1guas e Saneamento (EMASA) conseguiu recuperar a rede el\u00e9trica que atende a Esta\u00e7\u00e3o de Capta\u00e7\u00e3o de \u00c1gua Bruta, em Rio do Bra\u00e7o, povoado de Banco do Pedro, em Ilh\u00e9us.<\/p>\n<p><img loading=\"lazy\" class=\"alignright size-medium wp-image-166930\" src=\"https:\/\/www.blogdothame.blog.br\/v1\/wp-content\/uploads\/2024\/08\/PHOTO-2024-08-29-19-52-44-225x300.jpg\" alt=\"\" width=\"225\" height=\"300\" srcset=\"https:\/\/www.blogdothame.blog.br\/v1\/wp-content\/uploads\/2024\/08\/PHOTO-2024-08-29-19-52-44-225x300.jpg 225w, https:\/\/www.blogdothame.blog.br\/v1\/wp-content\/uploads\/2024\/08\/PHOTO-2024-08-29-19-52-44.jpg 384w\" sizes=\"(max-width: 225px) 100vw, 225px\" \/>Parte da rede foi danificada na tarde de ontem, dia 28, devido \u00e0s chuvas e ventos que derrubaram uma \u00e1rvore de grande porte sobre a fia\u00e7\u00e3o, o que culminou com queda e quebra de um poste.<\/p>\n<p>Segundo o gerente-t\u00e9cnico Jo\u00e3o Bitencourt, desde as primeiras horas da manh\u00e3 de hoje, dia 29, oper\u00e1rios da EMASA iniciaram o trabalho de recupera\u00e7\u00e3o, conclu\u00eddo no in\u00edcio da tarde. \u201cDepois de muito esfor\u00e7o e empenho, conseguimos finalizar o servi\u00e7o e substituir o poste e a fia\u00e7\u00e3o\u201d, disse.<\/p>\n<p>O presidente da EMASA, Raymundo Mendes Filho, lembrou que toda rede el\u00e9trica que leva energia para a esta\u00e7\u00e3o de Rio do Bra\u00e7o fica dentro da mata fechada.<\/p>\n<p>\u201cPor mais que seja realizada a manuten\u00e7\u00e3o preventiva, com a poda de galhos, que podem atingir a fia\u00e7\u00e3o, h\u00e1 imprevistos. Por\u00e9m, como a rede se encontra na mata, estamos sujeitos \u00e0s intemp\u00e9ries\u201d, salientou Mendes Filho.<\/p>\n<p><!--more--><\/p>\n<p>Ele tamb\u00e9m destacou o empenho da equipe que trabalhou na realiza\u00e7\u00e3o do conserto da rede el\u00e9trica, o que possibilitou a retomada da capta\u00e7\u00e3o de \u00e1gua. \u201cNosso pessoal de campo agiu r\u00e1pido, trabalhou com afinco e conseguiu minimizar o dano causado pela chuva e ventos\u201d, afirmou.<\/p>\n<p>O abastecimento ser\u00e1 retomado de forma gradativa e dentro dos pr\u00f3ximos dias estar\u00e1 completamente normalizado. \u00c9 importante fazer o uso consciente da \u00e1gua e evitar o desperd\u00edcio.<\/p>\n","protected":false},"excerpt":{"rendered":"<p>A equipe da Ger\u00eancia T\u00e9cnica da Empresa Municipal de \u00c1guas e Saneamento (EMASA) conseguiu recuperar a rede el\u00e9trica que atende a Esta\u00e7\u00e3o de Capta\u00e7\u00e3o de \u00c1gua Bruta, em Rio do Bra\u00e7o, povoado de Banco do Pedro, em Ilh\u00e9us. Parte da rede foi danificada na tarde de ontem, dia 28, devido \u00e0s chuvas e ventos que [&hellip;]<\/p>\n","protected":false},"author":2,"featured_media":166929,"comment_status":"open","ping_status":"open","sticky":false,"template":"","format":"standard","meta":{"_links_to":"","_links_to_target":""},"categories":[33436],"tags":[7913,2508,39],"_links":{"self":[{"href":"https:\/\/www.blogdothame.blog.br\/v1\/wp-json\/wp\/v2\/posts\/166928"}],"collection":[{"href":"https:\/\/www.blogdothame.blog.br\/v1\/wp-json\/wp\/v2\/posts"}],"about":[{"href":"https:\/\/www.blogdothame.blog.br\/v1\/wp-json\/wp\/v2\/types\/post"}],"author":[{"embeddable":true,"href":"https:\/\/www.blogdothame.blog.br\/v1\/wp-json\/wp\/v2\/users\/2"}],"replies":[{"embeddable":true,"href":"https:\/\/www.blogdothame.blog.br\/v1\/wp-json\/wp\/v2\/comments?post=166928"}],"version-history":[{"count":1,"href":"https:\/\/www.blogdothame.blog.br\/v1\/wp-json\/wp\/v2\/posts\/166928\/revisions"}],"predecessor-version":[{"id":166931,"href":"https:\/\/www.blogdothame.blog.br\/v1\/wp-json\/wp\/v2\/posts\/166928\/revisions\/166931"}],"wp:featuredmedia":[{"embeddable":true,"href":"https:\/\/www.blogdothame.blog.br\/v1\/wp-json\/wp\/v2\/media\/166929"}],"wp:attachment":[{"href":"https:\/\/www.blogdothame.blog.br\/v1\/wp-json\/wp\/v2\/media?parent=166928"}],"wp:term":[{"taxonomy":"category","embeddable":true,"href":"https:\/\/www.blogdothame.blog.br\/v1\/wp-json\/wp\/v2\/categories?post=166928"},{"taxonomy":"post_tag","embeddable":true,"href":"https:\/\/www.blogdothame.blog.br\/v1\/wp-json\/wp\/v2\/tags?post=166928"}],"curies":[{"name":"wp","href":"https:\/\/api.w.org\/{rel}","templated":true}]}}