{"id":166913,"date":"2024-08-30T10:30:07","date_gmt":"2024-08-30T13:30:07","guid":{"rendered":"https:\/\/www.blogdothame.blog.br\/v1\/?p=166913"},"modified":"2024-08-29T15:11:43","modified_gmt":"2024-08-29T18:11:43","slug":"sec-promove-5-encontro-de-gestores-e-coordenadores-pedagogicos-da-educacao-quilombola","status":"publish","type":"post","link":"https:\/\/www.blogdothame.blog.br\/v1\/2024\/08\/30\/sec-promove-5-encontro-de-gestores-e-coordenadores-pedagogicos-da-educacao-quilombola\/","title":{"rendered":"SEC promove 5\u00b0 Encontro de Gestores e Coordenadores Pedag\u00f3gicos da Educa\u00e7\u00e3o Quilombola"},"content":{"rendered":"<p><img loading=\"lazy\" class=\"aligncenter wp-image-166914\" src=\"https:\/\/www.blogdothame.blog.br\/v1\/wp-content\/uploads\/2024\/08\/Fotos-Amanda-Chung-2.jpeg\" alt=\"\" width=\"381\" height=\"254\" srcset=\"https:\/\/www.blogdothame.blog.br\/v1\/wp-content\/uploads\/2024\/08\/Fotos-Amanda-Chung-2.jpeg 600w, https:\/\/www.blogdothame.blog.br\/v1\/wp-content\/uploads\/2024\/08\/Fotos-Amanda-Chung-2-300x200.jpeg 300w\" sizes=\"(max-width: 381px) 100vw, 381px\" \/><\/p>\n<p>O 5\u00b0 Encontro de Gestores e Coordenadores Pedag\u00f3gicos da Educa\u00e7\u00e3o Escolar Quilombola reuniu, esta semana, no Hotel Fiesta, em Salvador, representantes de unidades escolares de diferentes regi\u00f5es do Estado. O evento, promovido pela Secretaria da Educa\u00e7\u00e3o do Estado (SEC), teve in\u00edcio na quarta-feira (28) e prosseguiu nesta quinta-feira (29), com o objetivo de contribuir para a implementa\u00e7\u00e3o das diretrizes curriculares nacionais e estaduais da escola quilombola.<\/p>\n<p><img loading=\"lazy\" class=\"aligncenter wp-image-166915\" src=\"https:\/\/www.blogdothame.blog.br\/v1\/wp-content\/uploads\/2024\/08\/Fotos-Amanda-Chung.jpeg\" alt=\"\" width=\"365\" height=\"189\" srcset=\"https:\/\/www.blogdothame.blog.br\/v1\/wp-content\/uploads\/2024\/08\/Fotos-Amanda-Chung.jpeg 600w, https:\/\/www.blogdothame.blog.br\/v1\/wp-content\/uploads\/2024\/08\/Fotos-Amanda-Chung-300x156.jpeg 300w\" sizes=\"(max-width: 365px) 100vw, 365px\" \/><\/p>\n<p>Na manh\u00e3 desta quinta, a secret\u00e1ria da Educa\u00e7\u00e3o do Estado, Rowenna Brito, participou das atividades do encontro e destacou as a\u00e7\u00f5es do Governo do Estado para fortalecer e ampliar a rede de ensino voltada aos povos tradicionais, especialmente o quilombola. &#8220;Temos avan\u00e7ado com a cria\u00e7\u00e3o, por exemplo, de uma coordena\u00e7\u00e3o na SEC dedicada \u00e0 Educa\u00e7\u00e3o Quilombola, mas precisamos tratar de novos desafios. Um deles \u00e9 pensar em um concurso espec\u00edfico para professores e coordenadores pedag\u00f3gicos para essas escolas. \u00c9 importante sempre destacar que a educa\u00e7\u00e3o dos povos tradicionais \u00e9 uma pauta priorit\u00e1ria, como o governador Jer\u00f4nimo Rodrigues faz quest\u00e3o de frisar. Mas esse processo s\u00f3 vai caminhar com a participa\u00e7\u00e3o de voc\u00eas&#8221;, disse a secret\u00e1ria em sua fala aos gestores.<\/p>\n<p>Durante o encontro, a secret\u00e1ria anunciou obras de reforma, amplia\u00e7\u00e3o e melhoria em diversas unidades escolares situadas em comunidades quilombolas. Outra novidade \u00e9 a aquisi\u00e7\u00e3o de 20 mil volumes do livro Salvar o Fogo, do escritor Itamar Vieira Junior, que far\u00e3o parte do acervo das escolas das comunidades tradicionais (quilombolas, ind\u00edgenas e do campo).<\/p>\n<p><!--more--><\/p>\n<p>Por sua vez, a diretora da Educa\u00e7\u00e3o dos Povos e Comunidades Tradicionais da SEC, \u00a0Poliana Reis, \u00a0deu \u00eanfase a novos projetos. &#8220;Recentemente, o governador Jer\u00f4nimo Rodrigues anunciou a constru\u00e7\u00e3o de uma escola na comunidade de Matinha dos Pretos, em Feira de Santana. At\u00e9 o final do ano, novos col\u00e9gios quilombolas e ind\u00edgenas v\u00e3o ser anunciados&#8221;, informou.<\/p>\n<p>Ao longo dos dois dias do encontro, foram apresentadas experi\u00eancias de diferentes unidades escolares no desenvolvimento de projetos para tratar de temas que dialogam diretamente com as comunidades quilombolas, como a cria\u00e7\u00e3o de clubes de leitura; feiras de produtos da cultura local; e fomento a grupos de manifesta\u00e7\u00f5es art\u00edsticas tradicionais.<\/p>\n<p>&nbsp;<\/p>\n<p>&nbsp;<\/p>\n<p>Fotos: Amanda Chung<\/p>\n","protected":false},"excerpt":{"rendered":"<p>O 5\u00b0 Encontro de Gestores e Coordenadores Pedag\u00f3gicos da Educa\u00e7\u00e3o Escolar Quilombola reuniu, esta semana, no Hotel Fiesta, em Salvador, representantes de unidades escolares de diferentes regi\u00f5es do Estado. O evento, promovido pela Secretaria da Educa\u00e7\u00e3o do Estado (SEC), teve in\u00edcio na quarta-feira (28) e prosseguiu nesta quinta-feira (29), com o objetivo de contribuir para [&hellip;]<\/p>\n","protected":false},"author":2,"featured_media":166914,"comment_status":"open","ping_status":"open","sticky":false,"template":"","format":"standard","meta":{"_links_to":"","_links_to_target":""},"categories":[33434],"tags":[51,38328,9036],"_links":{"self":[{"href":"https:\/\/www.blogdothame.blog.br\/v1\/wp-json\/wp\/v2\/posts\/166913"}],"collection":[{"href":"https:\/\/www.blogdothame.blog.br\/v1\/wp-json\/wp\/v2\/posts"}],"about":[{"href":"https:\/\/www.blogdothame.blog.br\/v1\/wp-json\/wp\/v2\/types\/post"}],"author":[{"embeddable":true,"href":"https:\/\/www.blogdothame.blog.br\/v1\/wp-json\/wp\/v2\/users\/2"}],"replies":[{"embeddable":true,"href":"https:\/\/www.blogdothame.blog.br\/v1\/wp-json\/wp\/v2\/comments?post=166913"}],"version-history":[{"count":2,"href":"https:\/\/www.blogdothame.blog.br\/v1\/wp-json\/wp\/v2\/posts\/166913\/revisions"}],"predecessor-version":[{"id":166917,"href":"https:\/\/www.blogdothame.blog.br\/v1\/wp-json\/wp\/v2\/posts\/166913\/revisions\/166917"}],"wp:featuredmedia":[{"embeddable":true,"href":"https:\/\/www.blogdothame.blog.br\/v1\/wp-json\/wp\/v2\/media\/166914"}],"wp:attachment":[{"href":"https:\/\/www.blogdothame.blog.br\/v1\/wp-json\/wp\/v2\/media?parent=166913"}],"wp:term":[{"taxonomy":"category","embeddable":true,"href":"https:\/\/www.blogdothame.blog.br\/v1\/wp-json\/wp\/v2\/categories?post=166913"},{"taxonomy":"post_tag","embeddable":true,"href":"https:\/\/www.blogdothame.blog.br\/v1\/wp-json\/wp\/v2\/tags?post=166913"}],"curies":[{"name":"wp","href":"https:\/\/api.w.org\/{rel}","templated":true}]}}