{"id":166573,"date":"2024-08-22T16:29:14","date_gmt":"2024-08-22T19:29:14","guid":{"rendered":"https:\/\/www.blogdothame.blog.br\/v1\/?p=166573"},"modified":"2024-08-22T16:29:14","modified_gmt":"2024-08-22T19:29:14","slug":"participacao-da-bahia-no-g20-cultural-e-tema-de-reuniao-do-governador-jeronimo-rodrigues-com-a-ministra-margareth-menezes","status":"publish","type":"post","link":"https:\/\/www.blogdothame.blog.br\/v1\/2024\/08\/22\/participacao-da-bahia-no-g20-cultural-e-tema-de-reuniao-do-governador-jeronimo-rodrigues-com-a-ministra-margareth-menezes\/","title":{"rendered":"Participa\u00e7\u00e3o da Bahia no G20 Cultural \u00e9 tema de reuni\u00e3o do governador Jer\u00f4nimo Rodrigues com a ministra Margareth Menezes"},"content":{"rendered":"<p><img loading=\"lazy\" class=\"aligncenter  wp-image-166574\" src=\"https:\/\/www.blogdothame.blog.br\/v1\/wp-content\/uploads\/2024\/08\/jer-2.jpeg\" alt=\"\" width=\"430\" height=\"323\" srcset=\"https:\/\/www.blogdothame.blog.br\/v1\/wp-content\/uploads\/2024\/08\/jer-2.jpeg 600w, https:\/\/www.blogdothame.blog.br\/v1\/wp-content\/uploads\/2024\/08\/jer-2-300x225.jpeg 300w\" sizes=\"(max-width: 430px) 100vw, 430px\" \/>Em Bras\u00edlia, o governador da Bahia, Jer\u00f4nimo Rodrigues, acompanhado do secret\u00e1rio de Cultura do Estado, Bruno Monteiro, se reuniu, nesta quinta-feira (22), com a ministra da Cultura, Margareth Menezes, para tratar de temas relevantes para o desenvolvimento cultural baiano. O ponto principal da audi\u00eancia foi a participa\u00e7\u00e3o da Bahia no G20 Cultural, evento internacional de grande impacto que ocorrer\u00e1 em Salvador, no in\u00edcio de novembro.<\/p>\n<p>Durante o encontro, o governador destacou a import\u00e2ncia de integrar a Bahia no cen\u00e1rio do G20, e reafirmou o compromisso do Estado com a promo\u00e7\u00e3o e valoriza\u00e7\u00e3o das manifesta\u00e7\u00f5es culturais locais. \u201c\u00c9 muito bom voltar ao Minist\u00e9rio da Cultura [MinC] para tratar de assuntos t\u00e3o importantes como o G20. Estamos empenhados em detalhar estrat\u00e9gias internacionais que beneficiar\u00e3o nosso estado, ao mesmo tempo em que discutimos os investimentos do MinC em diversas \u00e1reas da cultura na Bahia,\u201d afirmou Jer\u00f4nimo Rodrigues.<\/p>\n<p><img loading=\"lazy\" class=\"aligncenter  wp-image-166575\" src=\"https:\/\/www.blogdothame.blog.br\/v1\/wp-content\/uploads\/2024\/08\/jer-1.jpeg\" alt=\"\" width=\"430\" height=\"269\" srcset=\"https:\/\/www.blogdothame.blog.br\/v1\/wp-content\/uploads\/2024\/08\/jer-1.jpeg 600w, https:\/\/www.blogdothame.blog.br\/v1\/wp-content\/uploads\/2024\/08\/jer-1-300x188.jpeg 300w\" sizes=\"(max-width: 430px) 100vw, 430px\" \/><\/p>\n<p>A ministra Margareth Menezes, por sua vez, ressaltou a satisfa\u00e7\u00e3o em colaborar com o governo baiano, destacando as ra\u00edzes culturais compartilhadas e o compromisso do governo federal com o estado. \u201cFico muito feliz de trabalhar com a Bahia, minha terra natal, e com o governador Jer\u00f4nimo Rodrigues. Ver o quanto o governo do presidente Lula vem construindo coisas boas e produtivas no pa\u00eds e, em especial, na Bahia, me enche de orgulho,\u201d declarou ela.<\/p>\n<p><!--more--><\/p>\n<p>Al\u00e9m do G20, outros temas importantes foram discutidos na reuni\u00e3o, como a prorroga\u00e7\u00e3o do prazo do Plano Nacional de Bibliotecas (Pnab), a capta\u00e7\u00e3o de recursos para a reforma do Teatro Castro Alves (TCA), por meio de conv\u00eanio com o MinC, e a implanta\u00e7\u00e3o dos Centros de Artes e Esportes Unificados (CEUs da Cultura) no estado.<\/p>\n<p>Fotos Eduardo Aiache\/GOVBA<\/p>\n","protected":false},"excerpt":{"rendered":"<p>Em Bras\u00edlia, o governador da Bahia, Jer\u00f4nimo Rodrigues, acompanhado do secret\u00e1rio de Cultura do Estado, Bruno Monteiro, se reuniu, nesta quinta-feira (22), com a ministra da Cultura, Margareth Menezes, para tratar de temas relevantes para o desenvolvimento cultural baiano. O ponto principal da audi\u00eancia foi a participa\u00e7\u00e3o da Bahia no G20 Cultural, evento internacional de [&hellip;]<\/p>\n","protected":false},"author":2,"featured_media":166574,"comment_status":"open","ping_status":"open","sticky":false,"template":"","format":"standard","meta":{"_links_to":"","_links_to_target":""},"categories":[33433],"tags":[38273,16,638,12213,1575],"_links":{"self":[{"href":"https:\/\/www.blogdothame.blog.br\/v1\/wp-json\/wp\/v2\/posts\/166573"}],"collection":[{"href":"https:\/\/www.blogdothame.blog.br\/v1\/wp-json\/wp\/v2\/posts"}],"about":[{"href":"https:\/\/www.blogdothame.blog.br\/v1\/wp-json\/wp\/v2\/types\/post"}],"author":[{"embeddable":true,"href":"https:\/\/www.blogdothame.blog.br\/v1\/wp-json\/wp\/v2\/users\/2"}],"replies":[{"embeddable":true,"href":"https:\/\/www.blogdothame.blog.br\/v1\/wp-json\/wp\/v2\/comments?post=166573"}],"version-history":[{"count":1,"href":"https:\/\/www.blogdothame.blog.br\/v1\/wp-json\/wp\/v2\/posts\/166573\/revisions"}],"predecessor-version":[{"id":166576,"href":"https:\/\/www.blogdothame.blog.br\/v1\/wp-json\/wp\/v2\/posts\/166573\/revisions\/166576"}],"wp:featuredmedia":[{"embeddable":true,"href":"https:\/\/www.blogdothame.blog.br\/v1\/wp-json\/wp\/v2\/media\/166574"}],"wp:attachment":[{"href":"https:\/\/www.blogdothame.blog.br\/v1\/wp-json\/wp\/v2\/media?parent=166573"}],"wp:term":[{"taxonomy":"category","embeddable":true,"href":"https:\/\/www.blogdothame.blog.br\/v1\/wp-json\/wp\/v2\/categories?post=166573"},{"taxonomy":"post_tag","embeddable":true,"href":"https:\/\/www.blogdothame.blog.br\/v1\/wp-json\/wp\/v2\/tags?post=166573"}],"curies":[{"name":"wp","href":"https:\/\/api.w.org\/{rel}","templated":true}]}}