{"id":166344,"date":"2024-08-17T16:30:53","date_gmt":"2024-08-17T19:30:53","guid":{"rendered":"https:\/\/www.blogdothame.blog.br\/v1\/?p=166344"},"modified":"2024-08-17T08:06:47","modified_gmt":"2024-08-17T11:06:47","slug":"futuro-da-mineracao-na-bahia-e-debatido-em-ilheus","status":"publish","type":"post","link":"https:\/\/www.blogdothame.blog.br\/v1\/2024\/08\/17\/futuro-da-mineracao-na-bahia-e-debatido-em-ilheus\/","title":{"rendered":"Futuro da minera\u00e7\u00e3o na Bahia \u00e9 debatido em Ilh\u00e9us"},"content":{"rendered":"<p style=\"text-align: center;\"><strong><em>Transi\u00e7\u00e3o energ\u00e9tica, inova\u00e7\u00e3o tecnol\u00f3gica e relacionamento com as comunidades locais estiverem entre os assuntos discutidos no SEMBA 2024<\/em><\/strong><\/p>\n<p>&nbsp;<\/p>\n<p><img loading=\"lazy\" class=\"aligncenter  wp-image-166345\" src=\"https:\/\/www.blogdothame.blog.br\/v1\/wp-content\/uploads\/2024\/08\/PHOTO-2024-08-16-14-25-39.jpg\" alt=\"\" width=\"399\" height=\"299\" srcset=\"https:\/\/www.blogdothame.blog.br\/v1\/wp-content\/uploads\/2024\/08\/PHOTO-2024-08-16-14-25-39.jpg 512w, https:\/\/www.blogdothame.blog.br\/v1\/wp-content\/uploads\/2024\/08\/PHOTO-2024-08-16-14-25-39-300x225.jpg 300w\" sizes=\"(max-width: 399px) 100vw, 399px\" \/><\/p>\n<p>Durante tr\u00eas dias, mineradoras, institui\u00e7\u00f5es p\u00fablicas, profissionais e estudantes da minera\u00e7\u00e3o da Bahia discutiram as t\u00e9cnicas, tend\u00eancias tecnol\u00f3gicas, investimentos e rumos do setor no estado. O Centro de Conven\u00e7\u00f5es de Ilh\u00e9us foi palco do 6\u00ba Semin\u00e1rio de Minera\u00e7\u00e3o da Bahia (SEMBA 2024).<\/p>\n<p><img loading=\"lazy\" class=\"aligncenter  wp-image-166346\" src=\"https:\/\/www.blogdothame.blog.br\/v1\/wp-content\/uploads\/2024\/08\/PHOTO-2024-08-16-14-25-40-3.jpg\" alt=\"\" width=\"376\" height=\"251\" srcset=\"https:\/\/www.blogdothame.blog.br\/v1\/wp-content\/uploads\/2024\/08\/PHOTO-2024-08-16-14-25-40-3.jpg 512w, https:\/\/www.blogdothame.blog.br\/v1\/wp-content\/uploads\/2024\/08\/PHOTO-2024-08-16-14-25-40-3-300x200.jpg 300w\" sizes=\"(max-width: 376px) 100vw, 376px\" \/><\/p>\n<p>A organiza\u00e7\u00e3o da edi\u00e7\u00e3o deste ano ficou a cargo da Atlantic Nickel, empresa produtora de n\u00edquel sulfetado do grupo Appian Capital Brazil, que escoa o min\u00e9rio extra\u00eddo em Itagib\u00e1 pelo Porto de Ilh\u00e9us. Em crescimento a cada ano, o SEMBA contou com 500 participantes e 33 stands de expositores.<\/p>\n<p><img loading=\"lazy\" class=\"aligncenter  wp-image-166347\" src=\"https:\/\/www.blogdothame.blog.br\/v1\/wp-content\/uploads\/2024\/08\/PHOTO-2024-08-16-14-25-40-2.jpg\" alt=\"\" width=\"303\" height=\"357\" srcset=\"https:\/\/www.blogdothame.blog.br\/v1\/wp-content\/uploads\/2024\/08\/PHOTO-2024-08-16-14-25-40-2.jpg 467w, https:\/\/www.blogdothame.blog.br\/v1\/wp-content\/uploads\/2024\/08\/PHOTO-2024-08-16-14-25-40-2-255x300.jpg 255w\" sizes=\"(max-width: 303px) 100vw, 303px\" \/><\/p>\n<p>V\u00e1rios temas foram debatidos em palestras e salas t\u00e9cnicas, entre eles, a transi\u00e7\u00e3o energ\u00e9tica. \u201cNa perspectiva da transi\u00e7\u00e3o energ\u00e9tica e da energia limpa, a minera\u00e7\u00e3o tem papel fundamental. E a Bahia se destaca porque os minerais dispon\u00edveis aqui t\u00eam grande potencial. Devemos crescer e nos desenvolver ainda mais nesse sentido\u201d, explicou Vladson Menezes do Sindicato das Ind\u00fastrias do Estado da Bahia (FIEB-BA).<\/p>\n<p>&nbsp;<\/p>\n<p><strong>Comunidades Locais<\/strong><\/p>\n<p><!--more--><\/p>\n<p>Tamb\u00e9m teve amplo espa\u00e7o de discuss\u00e3o, a import\u00e2ncia da rela\u00e7\u00e3o sustent\u00e1vel entre os empreendimentos de minera\u00e7\u00e3o e as comunidades locais. \u201cO grande valor dessa rela\u00e7\u00e3o \u00e9 pensar que estamos juntos para um mesmo prop\u00f3sito. Ent\u00e3o, quando a gente pensa no desenvolvimento local, a gente de fato precisa relacionar e trazer o social para dentro do neg\u00f3cio das empresas\u201d, destacou Fernanda Colmenero, do Centro Integrado de Estudos e Programas de Desenvolvimento Sustent\u00e1vel (CIEDS).<\/p>\n<p><img loading=\"lazy\" class=\"aligncenter  wp-image-166349\" src=\"https:\/\/www.blogdothame.blog.br\/v1\/wp-content\/uploads\/2024\/08\/PHOTO-2024-08-16-14-25-40.jpg\" alt=\"\" width=\"363\" height=\"272\" srcset=\"https:\/\/www.blogdothame.blog.br\/v1\/wp-content\/uploads\/2024\/08\/PHOTO-2024-08-16-14-25-40.jpg 512w, https:\/\/www.blogdothame.blog.br\/v1\/wp-content\/uploads\/2024\/08\/PHOTO-2024-08-16-14-25-40-300x225.jpg 300w\" sizes=\"(max-width: 363px) 100vw, 363px\" \/><\/p>\n<p>Outro assunto debatido foi o quanto a inova\u00e7\u00e3o tecnol\u00f3gica pode ajudar a melhorar a produtividade e a seguran\u00e7a no segmento da minera\u00e7\u00e3o. Em sua palestra, Helaine Neves, do SENAI CIMATEC-BA, enfatizou que \u201choje utiliza-se por exemplo a Intelig\u00eancia Artificial, rob\u00f3tica, drones, automa\u00e7\u00e3o e computa\u00e7\u00e3o em nuvem com o objetivo de trazer solu\u00e7\u00f5es inovadoras, al\u00e9m de sustentabilidade econ\u00f4mica e social para as ind\u00fastrias da minera\u00e7\u00e3o.\u201d<\/p>\n<p><img loading=\"lazy\" class=\"aligncenter  wp-image-166348\" src=\"https:\/\/www.blogdothame.blog.br\/v1\/wp-content\/uploads\/2024\/08\/PHOTO-2024-08-16-14-25-40-1.jpg\" alt=\"\" width=\"421\" height=\"281\" srcset=\"https:\/\/www.blogdothame.blog.br\/v1\/wp-content\/uploads\/2024\/08\/PHOTO-2024-08-16-14-25-40-1.jpg 512w, https:\/\/www.blogdothame.blog.br\/v1\/wp-content\/uploads\/2024\/08\/PHOTO-2024-08-16-14-25-40-1-300x200.jpg 300w\" sizes=\"(max-width: 421px) 100vw, 421px\" \/><\/p>\n<p>O diretor de ESG e Pessoas da Appian Capital Brazil, Diogo Oliveira, avaliou o evento positivamente tanto pelo n\u00famero de participantes como pela relev\u00e2ncia das discuss\u00f5es. No final, foi anunciado que a pr\u00f3xima edi\u00e7\u00e3o do SEMBA ser\u00e1 realizada no m\u00eas de outubro de 2025, em Salvador, dentro da Expo &amp; Congresso Brasileiro de Minera\u00e7\u00e3o (EXPOSIBRAM), considerado um dos mais relevantes eventos da minera\u00e7\u00e3o da Am\u00e9rica Latina.<\/p>\n<p>&nbsp;<\/p>\n","protected":false},"excerpt":{"rendered":"<p>Transi\u00e7\u00e3o energ\u00e9tica, inova\u00e7\u00e3o tecnol\u00f3gica e relacionamento com as comunidades locais estiverem entre os assuntos discutidos no SEMBA 2024 &nbsp; Durante tr\u00eas dias, mineradoras, institui\u00e7\u00f5es p\u00fablicas, profissionais e estudantes da minera\u00e7\u00e3o da Bahia discutiram as t\u00e9cnicas, tend\u00eancias tecnol\u00f3gicas, investimentos e rumos do setor no estado. O Centro de Conven\u00e7\u00f5es de Ilh\u00e9us foi palco do 6\u00ba Semin\u00e1rio [&hellip;]<\/p>\n","protected":false},"author":2,"featured_media":166347,"comment_status":"open","ping_status":"open","sticky":false,"template":"","format":"standard","meta":{"_links_to":"","_links_to_target":""},"categories":[33433],"tags":[38228,218],"_links":{"self":[{"href":"https:\/\/www.blogdothame.blog.br\/v1\/wp-json\/wp\/v2\/posts\/166344"}],"collection":[{"href":"https:\/\/www.blogdothame.blog.br\/v1\/wp-json\/wp\/v2\/posts"}],"about":[{"href":"https:\/\/www.blogdothame.blog.br\/v1\/wp-json\/wp\/v2\/types\/post"}],"author":[{"embeddable":true,"href":"https:\/\/www.blogdothame.blog.br\/v1\/wp-json\/wp\/v2\/users\/2"}],"replies":[{"embeddable":true,"href":"https:\/\/www.blogdothame.blog.br\/v1\/wp-json\/wp\/v2\/comments?post=166344"}],"version-history":[{"count":1,"href":"https:\/\/www.blogdothame.blog.br\/v1\/wp-json\/wp\/v2\/posts\/166344\/revisions"}],"predecessor-version":[{"id":166350,"href":"https:\/\/www.blogdothame.blog.br\/v1\/wp-json\/wp\/v2\/posts\/166344\/revisions\/166350"}],"wp:featuredmedia":[{"embeddable":true,"href":"https:\/\/www.blogdothame.blog.br\/v1\/wp-json\/wp\/v2\/media\/166347"}],"wp:attachment":[{"href":"https:\/\/www.blogdothame.blog.br\/v1\/wp-json\/wp\/v2\/media?parent=166344"}],"wp:term":[{"taxonomy":"category","embeddable":true,"href":"https:\/\/www.blogdothame.blog.br\/v1\/wp-json\/wp\/v2\/categories?post=166344"},{"taxonomy":"post_tag","embeddable":true,"href":"https:\/\/www.blogdothame.blog.br\/v1\/wp-json\/wp\/v2\/tags?post=166344"}],"curies":[{"name":"wp","href":"https:\/\/api.w.org\/{rel}","templated":true}]}}