{"id":165734,"date":"2024-07-30T05:00:19","date_gmt":"2024-07-30T08:00:19","guid":{"rendered":"https:\/\/www.blogdothame.blog.br\/v1\/?p=165734"},"modified":"2024-07-30T09:42:32","modified_gmt":"2024-07-30T12:42:32","slug":"convencao-do-mdb-confirma-beda-como-candidato-a-reeleicao","status":"publish","type":"post","link":"https:\/\/www.blogdothame.blog.br\/v1\/2024\/07\/30\/convencao-do-mdb-confirma-beda-como-candidato-a-reeleicao\/","title":{"rendered":"Conven\u00e7\u00e3o do MDB confirma B\u00eada como candidato  a reelei\u00e7\u00e3o"},"content":{"rendered":"<p>&nbsp;<\/p>\n<p style=\"text-align: right;\"><strong><img loading=\"lazy\" class=\"aligncenter  wp-image-165736\" src=\"https:\/\/www.blogdothame.blog.br\/v1\/wp-content\/uploads\/2024\/07\/PHOTO-2024-07-29-19-27-28.jpg\" alt=\"\" width=\"304\" height=\"359\" srcset=\"https:\/\/www.blogdothame.blog.br\/v1\/wp-content\/uploads\/2024\/07\/PHOTO-2024-07-29-19-27-28.jpg 340w, https:\/\/www.blogdothame.blog.br\/v1\/wp-content\/uploads\/2024\/07\/PHOTO-2024-07-29-19-27-28-254x300.jpg 254w\" sizes=\"(max-width: 304px) 100vw, 304px\" \/>por Aleilton Fonseca<\/strong><\/p>\n<p>&nbsp;<\/p>\n<p>O que parecia um dia comum em Ubaitaba virou carnaval com gente vindo de todos os cantos da cidade, ao lado de seus pr\u00e9-candidatos a vereadores para assistir a conven\u00e7\u00e3o do grupo vermelho na cidade.<\/p>\n<p><img loading=\"lazy\" class=\"alignleft size-medium wp-image-165735\" src=\"https:\/\/www.blogdothame.blog.br\/v1\/wp-content\/uploads\/2024\/07\/PHOTO-2024-07-29-19-27-28-1-200x300.jpg\" alt=\"\" width=\"200\" height=\"300\" srcset=\"https:\/\/www.blogdothame.blog.br\/v1\/wp-content\/uploads\/2024\/07\/PHOTO-2024-07-29-19-27-28-1-200x300.jpg 200w, https:\/\/www.blogdothame.blog.br\/v1\/wp-content\/uploads\/2024\/07\/PHOTO-2024-07-29-19-27-28-1.jpg 341w\" sizes=\"(max-width: 200px) 100vw, 200px\" \/>Alegria, criatividade e momentos emocionantes marcaram a data na hist\u00f3ria pol\u00edtica de Ubaitaba como a maior conven\u00e7\u00e3o j\u00e1 realizada na cidade.<\/p>\n<p>E apra completar as surpresas, o ainda pr\u00e9-candidato B\u00eada chegou na conven\u00e7\u00e3o montado em um quadriciclo ao lado de sua esposa Soraya. &#8220;B\u00eada \u00e9 muito en\u00e9rgico&#8221;, comentou uma apoiadora.<\/p>\n<p>A conven\u00e7\u00e3o conjunta envolveu os partidos, MDB, PP, PSB, PDT e Uni\u00e3o Brasil e confirmou B\u00eada (Asclep\u00edades Almeida) e Ismaile Mota como vice, na chapa.<\/p>\n<p>Participaram os deputados federais: Leur Lomanto Jr, Josias Gomes, os estaduais Sandro Regis e Eduardo Salles, o presidente de honra do MDB e amigo antigo de Ubaitaba, L\u00facio Vieira Lima mandou um v\u00eddeo de apoio. O governador Jer\u00f4nimo tamb\u00e9m confirmou por v\u00eddeo que B\u00eada \u00e9 o seu \u00fanico candidato em #Ubaitaba e que pretende continuar essa parceria entre a nossa cidade e o Governo do Estado. Estiveram tamb\u00e9m presentes o ex-prefeito Alexandre Almeida e Paulo Bid\u00fa.<\/p>\n<p><!--more--><\/p>\n<p>A cada dia que passa, mas a certeza se amplia que Ubaitaba est\u00e1 no caminho certo e quer que o trabalho da atual gest\u00e3o continue. O agora candidato B\u00eada relembrou emocionado dos amigos que j\u00e1 partiram, como o fundador do grupo vermelho na cidade, seu tio Z\u00e9 Vermelho!<\/p>\n","protected":false},"excerpt":{"rendered":"<p>&nbsp; por Aleilton Fonseca &nbsp; O que parecia um dia comum em Ubaitaba virou carnaval com gente vindo de todos os cantos da cidade, ao lado de seus pr\u00e9-candidatos a vereadores para assistir a conven\u00e7\u00e3o do grupo vermelho na cidade. Alegria, criatividade e momentos emocionantes marcaram a data na hist\u00f3ria pol\u00edtica de Ubaitaba como a [&hellip;]<\/p>\n","protected":false},"author":2,"featured_media":165736,"comment_status":"open","ping_status":"open","sticky":false,"template":"","format":"standard","meta":{"_links_to":"","_links_to_target":""},"categories":[33436],"tags":[28803,35878,648],"_links":{"self":[{"href":"https:\/\/www.blogdothame.blog.br\/v1\/wp-json\/wp\/v2\/posts\/165734"}],"collection":[{"href":"https:\/\/www.blogdothame.blog.br\/v1\/wp-json\/wp\/v2\/posts"}],"about":[{"href":"https:\/\/www.blogdothame.blog.br\/v1\/wp-json\/wp\/v2\/types\/post"}],"author":[{"embeddable":true,"href":"https:\/\/www.blogdothame.blog.br\/v1\/wp-json\/wp\/v2\/users\/2"}],"replies":[{"embeddable":true,"href":"https:\/\/www.blogdothame.blog.br\/v1\/wp-json\/wp\/v2\/comments?post=165734"}],"version-history":[{"count":2,"href":"https:\/\/www.blogdothame.blog.br\/v1\/wp-json\/wp\/v2\/posts\/165734\/revisions"}],"predecessor-version":[{"id":165738,"href":"https:\/\/www.blogdothame.blog.br\/v1\/wp-json\/wp\/v2\/posts\/165734\/revisions\/165738"}],"wp:featuredmedia":[{"embeddable":true,"href":"https:\/\/www.blogdothame.blog.br\/v1\/wp-json\/wp\/v2\/media\/165736"}],"wp:attachment":[{"href":"https:\/\/www.blogdothame.blog.br\/v1\/wp-json\/wp\/v2\/media?parent=165734"}],"wp:term":[{"taxonomy":"category","embeddable":true,"href":"https:\/\/www.blogdothame.blog.br\/v1\/wp-json\/wp\/v2\/categories?post=165734"},{"taxonomy":"post_tag","embeddable":true,"href":"https:\/\/www.blogdothame.blog.br\/v1\/wp-json\/wp\/v2\/tags?post=165734"}],"curies":[{"name":"wp","href":"https:\/\/api.w.org\/{rel}","templated":true}]}}