{"id":165591,"date":"2024-07-25T17:08:52","date_gmt":"2024-07-25T20:08:52","guid":{"rendered":"https:\/\/www.blogdothame.blog.br\/v1\/?p=165591"},"modified":"2024-07-25T17:08:52","modified_gmt":"2024-07-25T20:08:52","slug":"adelia-teve-encontro-com-o-ministro-rui-costa-para-tratar-de-temas-ligados-a-ilheus","status":"publish","type":"post","link":"https:\/\/www.blogdothame.blog.br\/v1\/2024\/07\/25\/adelia-teve-encontro-com-o-ministro-rui-costa-para-tratar-de-temas-ligados-a-ilheus\/","title":{"rendered":"Ad\u00e9lia teve encontro com o ministro Rui Costa para tratar de temas ligados a Ilh\u00e9us"},"content":{"rendered":"<p><img loading=\"lazy\" class=\"aligncenter  wp-image-165592\" src=\"https:\/\/www.blogdothame.blog.br\/v1\/wp-content\/uploads\/2024\/07\/PHOTO-2024-07-25-16-49-18.jpg\" alt=\"\" width=\"378\" height=\"400\" srcset=\"https:\/\/www.blogdothame.blog.br\/v1\/wp-content\/uploads\/2024\/07\/PHOTO-2024-07-25-16-49-18.jpg 449w, https:\/\/www.blogdothame.blog.br\/v1\/wp-content\/uploads\/2024\/07\/PHOTO-2024-07-25-16-49-18-284x300.jpg 284w\" sizes=\"(max-width: 378px) 100vw, 378px\" \/><\/p>\n<p>A pr\u00e9-candidata \u00e0 prefeita de Ilh\u00e9us Ad\u00e9lia Pinheiro esteve hoje (25) com o ministro-chefe da Casa Civil do presidente Lula e ex-governador da Bahia Rui Costa. Na pauta do encontro, Ad\u00e9lia e Rui conversaram sobre Ilh\u00e9us e sobre muitos projetos para a vida dos ilheenses melhorar.<\/p>\n<p>A professora e m\u00e9dica e o ministro t\u00eam uma rela\u00e7\u00e3o de confian\u00e7a, uma vez que ela foi secret\u00e1ria estadual de Ci\u00eancia, Tecnologia e Inova\u00e7\u00e3o e de Sa\u00fade durante o segundo mandato de Rui Costa como governador do Estado, entre 2019 e 2022.<\/p>\n<p>\u201c\u00c9 sempre prazeroso e enriquecedor encontrar com o ministro Rui Costa. Ele faz parte da hist\u00f3ria de Ilh\u00e9us, por ter feito grandes investimentos no munic\u00edpio como governador da Bahia. Por isso e por ter me confiado a gest\u00e3o de duas pastas do seu governo, lhe tenho muita gratid\u00e3o\u201d, explica Ad\u00e9lia.<\/p>\n<p><!--more--><\/p>\n<p>A pr\u00e9-candidata da Federa\u00e7\u00e3o Brasil da Esperan\u00e7a (PT, PV e PCdoB) destaca tamb\u00e9m que Rui Costa ainda far\u00e1 muito por ilh\u00e9us. \u201cTenho certeza de que os ilheenses podem contar com o empenho do ministro, para realiza\u00e7\u00f5es de obras e de projetos para a melhoria da qualidade de vida no munic\u00edpio.<\/p>\n","protected":false},"excerpt":{"rendered":"<p>A pr\u00e9-candidata \u00e0 prefeita de Ilh\u00e9us Ad\u00e9lia Pinheiro esteve hoje (25) com o ministro-chefe da Casa Civil do presidente Lula e ex-governador da Bahia Rui Costa. Na pauta do encontro, Ad\u00e9lia e Rui conversaram sobre Ilh\u00e9us e sobre muitos projetos para a vida dos ilheenses melhorar. A professora e m\u00e9dica e o ministro t\u00eam uma [&hellip;]<\/p>\n","protected":false},"author":2,"featured_media":165592,"comment_status":"open","ping_status":"open","sticky":false,"template":"","format":"standard","meta":{"_links_to":"","_links_to_target":""},"categories":[33434],"tags":[81,35878,218,615],"_links":{"self":[{"href":"https:\/\/www.blogdothame.blog.br\/v1\/wp-json\/wp\/v2\/posts\/165591"}],"collection":[{"href":"https:\/\/www.blogdothame.blog.br\/v1\/wp-json\/wp\/v2\/posts"}],"about":[{"href":"https:\/\/www.blogdothame.blog.br\/v1\/wp-json\/wp\/v2\/types\/post"}],"author":[{"embeddable":true,"href":"https:\/\/www.blogdothame.blog.br\/v1\/wp-json\/wp\/v2\/users\/2"}],"replies":[{"embeddable":true,"href":"https:\/\/www.blogdothame.blog.br\/v1\/wp-json\/wp\/v2\/comments?post=165591"}],"version-history":[{"count":1,"href":"https:\/\/www.blogdothame.blog.br\/v1\/wp-json\/wp\/v2\/posts\/165591\/revisions"}],"predecessor-version":[{"id":165593,"href":"https:\/\/www.blogdothame.blog.br\/v1\/wp-json\/wp\/v2\/posts\/165591\/revisions\/165593"}],"wp:featuredmedia":[{"embeddable":true,"href":"https:\/\/www.blogdothame.blog.br\/v1\/wp-json\/wp\/v2\/media\/165592"}],"wp:attachment":[{"href":"https:\/\/www.blogdothame.blog.br\/v1\/wp-json\/wp\/v2\/media?parent=165591"}],"wp:term":[{"taxonomy":"category","embeddable":true,"href":"https:\/\/www.blogdothame.blog.br\/v1\/wp-json\/wp\/v2\/categories?post=165591"},{"taxonomy":"post_tag","embeddable":true,"href":"https:\/\/www.blogdothame.blog.br\/v1\/wp-json\/wp\/v2\/tags?post=165591"}],"curies":[{"name":"wp","href":"https:\/\/api.w.org\/{rel}","templated":true}]}}