{"id":16550,"date":"2013-02-03T20:18:44","date_gmt":"2013-02-03T23:18:44","guid":{"rendered":"http:\/\/www.blogdothame.blog.br\/v1\/?p=16550"},"modified":"2013-02-03T20:18:44","modified_gmt":"2013-02-03T23:18:44","slug":"alencar-o-ex-secretario-de-azevedo-pede-exoneracao-e-deixa-o-governo-de-vane","status":"publish","type":"post","link":"https:\/\/www.blogdothame.blog.br\/v1\/2013\/02\/03\/alencar-o-ex-secretario-de-azevedo-pede-exoneracao-e-deixa-o-governo-de-vane\/","title":{"rendered":"Alencar, o ex-secret\u00e1rio de Azevedo, pede exonera\u00e7\u00e3o e deixa o governo de Vane"},"content":{"rendered":"<p><a href=\"http:\/\/www.blogdothame.blog.br\/v1\/wp-content\/uploads\/2013\/02\/alencar.jpg\"><img loading=\"lazy\" class=\"alignleft size-full wp-image-16551\" title=\"alencar\" src=\"http:\/\/www.blogdothame.blog.br\/v1\/wp-content\/uploads\/2013\/02\/alencar.jpg\" alt=\"\" width=\"242\" height=\"208\" \/><\/a>Neste final de semana o Jos\u00e9 Alencar (foto) pediu exonera\u00e7\u00e3o do cargo de Diretor do Departamento de Planejamento Institucional da secretaria de planejamento de Itabuna. o pedido foi feito pessoalmente ao prefeito Vane (PRB), que aceitou no ato.<\/p>\n<p>Jos\u00e9 Alencar foi secret\u00e1rio de Desenvolvimento Urbano do governo do ex-prefeito Capit\u00e3o Azevedo (DEM), e a sua nomea\u00e7\u00e3o para governo Vane foi alvo de cr\u00edticas.<\/p>\n<p>Alencar alegou que a sua nomea\u00e7\u00e3o foi \u201cesdr\u00faxula\u201d, por isso teve grande repercuss\u00e3o na imprensa. Ele tamb\u00e9m informou que vai ajudar o governo de outra forma, e disse que foi impedido de desenvolver um bom trabalho no governo de Azevedo.(do Politicos do Sul da Bahia)<\/p>\n<p>Nota do Blog do Thame: informa\u00e7\u00f5es de bastidores d\u00e3o conta de que Jos\u00e9 Alencar tenha sido aconselhado a pedir exonera\u00e7\u00e3o em fun\u00e7\u00e3o do desgaste gerado na administra\u00e7\u00e3o municipal. Ao longo dessa semana, outros azevedistas acomodados na administra\u00e7\u00e3o municipal devem receber o mesmo aconselhamento.<\/p>\n<p>&nbsp;<\/p>\n","protected":false},"excerpt":{"rendered":"<p>Neste final de semana o Jos\u00e9 Alencar (foto) pediu exonera\u00e7\u00e3o do cargo de Diretor do Departamento de Planejamento Institucional da secretaria de planejamento de Itabuna. o pedido foi feito pessoalmente ao prefeito Vane (PRB), que aceitou no ato. Jos\u00e9 Alencar foi secret\u00e1rio de Desenvolvimento Urbano do governo do ex-prefeito Capit\u00e3o Azevedo (DEM), e a sua [&hellip;]<\/p>\n","protected":false},"author":2,"featured_media":0,"comment_status":"open","ping_status":"open","sticky":false,"template":"","format":"standard","meta":{"_links_to":"","_links_to_target":""},"categories":[1],"tags":[],"_links":{"self":[{"href":"https:\/\/www.blogdothame.blog.br\/v1\/wp-json\/wp\/v2\/posts\/16550"}],"collection":[{"href":"https:\/\/www.blogdothame.blog.br\/v1\/wp-json\/wp\/v2\/posts"}],"about":[{"href":"https:\/\/www.blogdothame.blog.br\/v1\/wp-json\/wp\/v2\/types\/post"}],"author":[{"embeddable":true,"href":"https:\/\/www.blogdothame.blog.br\/v1\/wp-json\/wp\/v2\/users\/2"}],"replies":[{"embeddable":true,"href":"https:\/\/www.blogdothame.blog.br\/v1\/wp-json\/wp\/v2\/comments?post=16550"}],"version-history":[{"count":1,"href":"https:\/\/www.blogdothame.blog.br\/v1\/wp-json\/wp\/v2\/posts\/16550\/revisions"}],"predecessor-version":[{"id":16552,"href":"https:\/\/www.blogdothame.blog.br\/v1\/wp-json\/wp\/v2\/posts\/16550\/revisions\/16552"}],"wp:attachment":[{"href":"https:\/\/www.blogdothame.blog.br\/v1\/wp-json\/wp\/v2\/media?parent=16550"}],"wp:term":[{"taxonomy":"category","embeddable":true,"href":"https:\/\/www.blogdothame.blog.br\/v1\/wp-json\/wp\/v2\/categories?post=16550"},{"taxonomy":"post_tag","embeddable":true,"href":"https:\/\/www.blogdothame.blog.br\/v1\/wp-json\/wp\/v2\/tags?post=16550"}],"curies":[{"name":"wp","href":"https:\/\/api.w.org\/{rel}","templated":true}]}}