{"id":16538,"date":"2013-02-03T10:59:55","date_gmt":"2013-02-03T13:59:55","guid":{"rendered":"http:\/\/www.blogdothame.blog.br\/v1\/?p=16538"},"modified":"2013-02-03T12:35:52","modified_gmt":"2013-02-03T15:35:52","slug":"a-justa-homenagem-ao-caboclo-alencar","status":"publish","type":"post","link":"https:\/\/www.blogdothame.blog.br\/v1\/2013\/02\/03\/a-justa-homenagem-ao-caboclo-alencar\/","title":{"rendered":"A justa homenagem ao Caboclo Alencar"},"content":{"rendered":"<div id=\"attachment_16539\" style=\"width: 178px\" class=\"wp-caption aligncenter\"><a href=\"http:\/\/www.blogdothame.blog.br\/v1\/wp-content\/uploads\/2013\/02\/DSC00312.jpg\"><img aria-describedby=\"caption-attachment-16539\" loading=\"lazy\" class=\"size-medium wp-image-16539\" title=\"DSC00312\" src=\"http:\/\/www.blogdothame.blog.br\/v1\/wp-content\/uploads\/2013\/02\/DSC00312-168x300.jpg\" alt=\"\" width=\"168\" height=\"300\" srcset=\"https:\/\/www.blogdothame.blog.br\/v1\/wp-content\/uploads\/2013\/02\/DSC00312-168x300.jpg 168w, https:\/\/www.blogdothame.blog.br\/v1\/wp-content\/uploads\/2013\/02\/DSC00312-576x1024.jpg 576w, https:\/\/www.blogdothame.blog.br\/v1\/wp-content\/uploads\/2013\/02\/DSC00312.jpg 1080w\" sizes=\"(max-width: 168px) 100vw, 168px\" \/><\/a><p id=\"caption-attachment-16539\" class=\"wp-caption-text\">Alencar, Neusa e o ABC da Noite<\/p><\/div>\n<p>No dia de homenagens \u00e0 Iemanj\u00e1, a Rainha do Mar, centenas de itabunenses se reuniram no Beco do Fuxico, em Itabuna, para homenagear o Rei \u00a0do Boteco, o Caboclo Alencar, que completou 82 anos bem vividos.<\/p>\n<p>Com direito a marchinhas dos antigos carnavais, confete e serpentina, o ABC da Noite viveu uma manh\u00e3\/tarde de alegria, em torno dos Alencar, que ao lado da esposa, dona Neusa, \u00a0recebia a todos com sua generosidade habitual.<\/p>\n<p>Teve at\u00e9 bolo de anivers\u00e1rio e \u00b4parab\u00e9ns pra voc\u00ea, muitas felicidades, muitos anos de vida\u00b4 que Alencar merece mesmo cruzar o centen\u00e1rio e nos brindar com sua presen\u00e7a e, <em>per supuesto<\/em>, suas batidas de antologoa.<\/p>\n<p>E teve tamb\u00e9m o lan\u00e7amento da campanha pelo tombamento do ABC da Noite, lan\u00e7ada pela Academia de Letras, Artes, Musica, Birita, Inutilidades, Quimeras, Utopias, Etc., a gloriosa Alambique, e j\u00e1 encampada pela prefeitura.<\/p>\n<p>Justa homenagem, porque homenagem a gente presta em vida.<\/p>\n<div id=\"attachment_16547\" style=\"width: 310px\" class=\"wp-caption aligncenter\"><a href=\"http:\/\/www.blogdothame.blog.br\/v1\/wp-content\/uploads\/2013\/02\/caboclo.jpg\"><img aria-describedby=\"caption-attachment-16547\" loading=\"lazy\" class=\"size-medium wp-image-16547\" title=\"caboclo\" src=\"http:\/\/www.blogdothame.blog.br\/v1\/wp-content\/uploads\/2013\/02\/caboclo-300x225.jpg\" alt=\"\" width=\"300\" height=\"225\" srcset=\"https:\/\/www.blogdothame.blog.br\/v1\/wp-content\/uploads\/2013\/02\/caboclo-300x225.jpg 300w, https:\/\/www.blogdothame.blog.br\/v1\/wp-content\/uploads\/2013\/02\/caboclo.jpg 500w\" sizes=\"(max-width: 300px) 100vw, 300px\" \/><\/a><p id=\"caption-attachment-16547\" class=\"wp-caption-text\">salve, salve Alencar!<\/p><\/div>\n","protected":false},"excerpt":{"rendered":"<p>No dia de homenagens \u00e0 Iemanj\u00e1, a Rainha do Mar, centenas de itabunenses se reuniram no Beco do Fuxico, em Itabuna, para homenagear o Rei \u00a0do Boteco, o Caboclo Alencar, que completou 82 anos bem vividos. Com direito a marchinhas dos antigos carnavais, confete e serpentina, o ABC da Noite viveu uma manh\u00e3\/tarde de alegria, [&hellip;]<\/p>\n","protected":false},"author":2,"featured_media":0,"comment_status":"open","ping_status":"open","sticky":false,"template":"","format":"standard","meta":{"_links_to":"","_links_to_target":""},"categories":[1],"tags":[1946,51,1945,39],"_links":{"self":[{"href":"https:\/\/www.blogdothame.blog.br\/v1\/wp-json\/wp\/v2\/posts\/16538"}],"collection":[{"href":"https:\/\/www.blogdothame.blog.br\/v1\/wp-json\/wp\/v2\/posts"}],"about":[{"href":"https:\/\/www.blogdothame.blog.br\/v1\/wp-json\/wp\/v2\/types\/post"}],"author":[{"embeddable":true,"href":"https:\/\/www.blogdothame.blog.br\/v1\/wp-json\/wp\/v2\/users\/2"}],"replies":[{"embeddable":true,"href":"https:\/\/www.blogdothame.blog.br\/v1\/wp-json\/wp\/v2\/comments?post=16538"}],"version-history":[{"count":4,"href":"https:\/\/www.blogdothame.blog.br\/v1\/wp-json\/wp\/v2\/posts\/16538\/revisions"}],"predecessor-version":[{"id":16548,"href":"https:\/\/www.blogdothame.blog.br\/v1\/wp-json\/wp\/v2\/posts\/16538\/revisions\/16548"}],"wp:attachment":[{"href":"https:\/\/www.blogdothame.blog.br\/v1\/wp-json\/wp\/v2\/media?parent=16538"}],"wp:term":[{"taxonomy":"category","embeddable":true,"href":"https:\/\/www.blogdothame.blog.br\/v1\/wp-json\/wp\/v2\/categories?post=16538"},{"taxonomy":"post_tag","embeddable":true,"href":"https:\/\/www.blogdothame.blog.br\/v1\/wp-json\/wp\/v2\/tags?post=16538"}],"curies":[{"name":"wp","href":"https:\/\/api.w.org\/{rel}","templated":true}]}}