{"id":165062,"date":"2024-07-13T08:08:40","date_gmt":"2024-07-13T11:08:40","guid":{"rendered":"https:\/\/www.blogdothame.blog.br\/v1\/?p=165062"},"modified":"2024-07-12T09:13:59","modified_gmt":"2024-07-12T12:13:59","slug":"a-gente-corre-a-gente-morre-na-br-324-e-a-via-bahia-segue-cobrando-pedagio","status":"publish","type":"post","link":"https:\/\/www.blogdothame.blog.br\/v1\/2024\/07\/13\/a-gente-corre-a-gente-morre-na-br-324-e-a-via-bahia-segue-cobrando-pedagio\/","title":{"rendered":"A gente corre, a gente morre na BR-324; e a Via Bahia segue cobrando ped\u00e1gio"},"content":{"rendered":"<p><img loading=\"lazy\" class=\"aligncenter  wp-image-165063\" src=\"https:\/\/www.blogdothame.blog.br\/v1\/wp-content\/uploads\/2024\/07\/br-649.jpg\" alt=\"\" width=\"479\" height=\"319\" srcset=\"https:\/\/www.blogdothame.blog.br\/v1\/wp-content\/uploads\/2024\/07\/br-649.jpg 600w, https:\/\/www.blogdothame.blog.br\/v1\/wp-content\/uploads\/2024\/07\/br-649-300x200.jpg 300w\" sizes=\"(max-width: 479px) 100vw, 479px\" \/><\/p>\n<p style=\"text-align: right;\"><strong>Jos\u00e9 Carlos Teixeira<\/strong><\/p>\n<p style=\"text-align: right;\"><em>H\u00e1 um crime<\/em><\/p>\n<p style=\"text-align: right;\"><em>No longo asfalto dessa estrada<\/em><\/p>\n<p style=\"text-align: right;\"><em>E uma not\u00edcia fabricada<\/em><\/p>\n<p style=\"text-align: right;\"><em>Pro novo her\u00f3i de cada m\u00eas\u201d<\/em><\/p>\n<p style=\"text-align: right;\"><em>(BR-3, de Antonio Adolfo e Tib\u00e9rio Gaspar)<\/em><\/p>\n<div id=\"attachment_155748\" style=\"width: 310px\" class=\"wp-caption alignright\"><img aria-describedby=\"caption-attachment-155748\" loading=\"lazy\" class=\"size-medium wp-image-155748\" src=\"https:\/\/www.blogdothame.blog.br\/v1\/wp-content\/uploads\/2023\/10\/teixeira-1-300x197.jpg\" alt=\"\" width=\"300\" height=\"197\" srcset=\"https:\/\/www.blogdothame.blog.br\/v1\/wp-content\/uploads\/2023\/10\/teixeira-1-300x197.jpg 300w, https:\/\/www.blogdothame.blog.br\/v1\/wp-content\/uploads\/2023\/10\/teixeira-1.jpg 346w\" sizes=\"(max-width: 300px) 100vw, 300px\" \/><p id=\"caption-attachment-155748\" class=\"wp-caption-text\">Jos\u00e9 Carlos Teixeira<\/p><\/div>\n<p>O palco parecia pequeno para aquele negro enorme que cantava e dan\u00e7ava, magnetizando a plateia que lotava o gin\u00e1sio do Maracan\u00e3zinho onde se realizava a final da etapa nacional do 5\u00ba Festival Internacional da Can\u00e7\u00e3o Popular, promovido pela Rede Globo de Televis\u00e3o no Rio de Janeiro e transmitido para todo o Brasil.<\/p>\n<p>Tony Tornado, o negro cantor dan\u00e7arino tinha 1,90 metro de altura, mas aparentava ser ainda mais alto por conta das botas que usava e lhe vinham at\u00e9 o joelho e da enorme e vistosa cabeleira\u00a0black\u00a0power que ostentava. Cabeleira t\u00e3o grande n\u00e3o era muito comum no pa\u00eds naquele duro per\u00edodo do regime militar \u2013 a ditadura n\u00e3o se limitava a perseguir seus opositores, tamb\u00e9m reprimia modos e costumes que sugerissem desvio do que a ela seria a normalidade desejada.<\/p>\n<p>Ap\u00f3s o estranhamento inicial, o Maracan\u00e3zinho veio abaixo com a plateia acompanhando a performance de Tony Tornado e cantando junto com o Trio Ternura, que o acompanhava, o poderoso e grudento refr\u00e3o da m\u00fasica: \u201cA gente corre na BR-3 \/ A gente morre na BR-3\u201d.<\/p>\n<p><!--more--><\/p>\n<p>Turbinada pela apresenta\u00e7\u00e3o de Tornado no festival,\u00a0BR-3, uma\u00a0soul music\u00a0da dupla Antonio Adolfo e Tib\u00e9rio Gaspar, ganhou o Brasil, tornando-se uma das m\u00fasicas mais executadas pelas emissoras de r\u00e1dio naquele ano de 1970.<\/p>\n<p>A letra fala de uma estrada imagin\u00e1ria, a BR-3, onde se corre e se morre \u2013 uma met\u00e1fora para a intensidade e as adversidades da vida nos tempos modernos.<\/p>\n<p>Na Bahia daquele per\u00edodo tornou-se a trilha sonora perfeita para os motoristas que percorriam os 110 quil\u00f4metros do trecho da Rodovia BR-324 que liga Salvador a Feira de Santana, ent\u00e3o conhecida como a \u201cEstrada da Morte\u201d, por conta do crescente n\u00famero de acidentes, muitos deles fatais. A estrada s\u00f3 perdeu o funesto ep\u00edteto ap\u00f3s a duplica\u00e7\u00e3o da pista, resultado de uma intensa campanha da chamada sociedade civil organizada.<\/p>\n<p>Passadas cinco d\u00e9cadas, \u00e9 hora de se voltar a cantar o refr\u00e3o de\u00a0BR-3\u00a0e convocar novamente a sociedade para cobrar melhorias nas pistas e na seguran\u00e7a da rodovia, hoje administrada pela concession\u00e1ria Via Bahia, que nela mant\u00e9m dois pontos de ped\u00e1gio.<\/p>\n<p>Percorrer a rodovia atualmente \u00e9 um inferno, sobretudo no trecho que vai de Sim\u00f5es Filho a Salvador, no in\u00edcio da manh\u00e3 e no final da tarde. Nesses hor\u00e1rios forma-se um longo engarrafamento, ensejando a motoristas mais apressados e menos respons\u00e1veis o avan\u00e7o proibido pelo acostamento e a for\u00e7a\u00e7\u00e3o da passagem entre as faixas, disputando um ou dois metros de pista.<\/p>\n<p>No ano passado, foram registrados 686 acidentes com v\u00edtimas (mortos ou feridos) na rodovia BR-324 \u2013 18,7% mais que no ano anterior, quando foram registrados 578. Foram 46 mortes no per\u00edodo \u2013 menos que em 2022, quando morreram 53 pessoas, segundo o Painel CNT Acidentes Rodovi\u00e1rios, elaborado pela Confedera\u00e7\u00e3o Nacional dos Transportes.<\/p>\n<p>O momento agora \u00e9 de mobiliza\u00e7\u00e3o da sociedade, j\u00e1 que as demandas junto aos poderes p\u00fablicos em nada resultaram, a n\u00e3o ser declara\u00e7\u00f5es nos jornais e not\u00edcias fabricadas para enaltecer o her\u00f3i de cada m\u00eas, como canta Tony Tornado.\u00a0 O governo acusa a concession\u00e1ria de n\u00e3o cumprir o contrato. A concession\u00e1ria replica e acusa o governo de descumprir suas obriga\u00e7\u00f5es. A Justi\u00e7a d\u00e1 raz\u00e3o ora a um, ora a outro.<\/p>\n<p>Enquanto se desentendem e n\u00e3o se chega a uma solu\u00e7\u00e3o, a gente corre e morre na BR-324.<\/p>\n<p>&nbsp;<\/p>\n<p>Jos\u00e9 Carlos Teixeira\u00a0\u00e9 jornalista, graduado em comunica\u00e7\u00e3o social pela Universidade Federal da Bahia e p\u00f3s-graduado em marketing pol\u00edtico, m\u00eddia, comportamento eleitoral e opini\u00e3o p\u00fablica pela Universidade Cat\u00f3lica do Salvador.<\/p>\n","protected":false},"excerpt":{"rendered":"<p>Jos\u00e9 Carlos Teixeira H\u00e1 um crime No longo asfalto dessa estrada E uma not\u00edcia fabricada Pro novo her\u00f3i de cada m\u00eas\u201d (BR-3, de Antonio Adolfo e Tib\u00e9rio Gaspar) O palco parecia pequeno para aquele negro enorme que cantava e dan\u00e7ava, magnetizando a plateia que lotava o gin\u00e1sio do Maracan\u00e3zinho onde se realizava a final da [&hellip;]<\/p>\n","protected":false},"author":2,"featured_media":165063,"comment_status":"open","ping_status":"open","sticky":false,"template":"","format":"standard","meta":{"_links_to":"","_links_to_target":""},"categories":[33436],"tags":[1630,7822,38018],"_links":{"self":[{"href":"https:\/\/www.blogdothame.blog.br\/v1\/wp-json\/wp\/v2\/posts\/165062"}],"collection":[{"href":"https:\/\/www.blogdothame.blog.br\/v1\/wp-json\/wp\/v2\/posts"}],"about":[{"href":"https:\/\/www.blogdothame.blog.br\/v1\/wp-json\/wp\/v2\/types\/post"}],"author":[{"embeddable":true,"href":"https:\/\/www.blogdothame.blog.br\/v1\/wp-json\/wp\/v2\/users\/2"}],"replies":[{"embeddable":true,"href":"https:\/\/www.blogdothame.blog.br\/v1\/wp-json\/wp\/v2\/comments?post=165062"}],"version-history":[{"count":1,"href":"https:\/\/www.blogdothame.blog.br\/v1\/wp-json\/wp\/v2\/posts\/165062\/revisions"}],"predecessor-version":[{"id":165064,"href":"https:\/\/www.blogdothame.blog.br\/v1\/wp-json\/wp\/v2\/posts\/165062\/revisions\/165064"}],"wp:featuredmedia":[{"embeddable":true,"href":"https:\/\/www.blogdothame.blog.br\/v1\/wp-json\/wp\/v2\/media\/165063"}],"wp:attachment":[{"href":"https:\/\/www.blogdothame.blog.br\/v1\/wp-json\/wp\/v2\/media?parent=165062"}],"wp:term":[{"taxonomy":"category","embeddable":true,"href":"https:\/\/www.blogdothame.blog.br\/v1\/wp-json\/wp\/v2\/categories?post=165062"},{"taxonomy":"post_tag","embeddable":true,"href":"https:\/\/www.blogdothame.blog.br\/v1\/wp-json\/wp\/v2\/tags?post=165062"}],"curies":[{"name":"wp","href":"https:\/\/api.w.org\/{rel}","templated":true}]}}