{"id":164739,"date":"2024-07-03T10:28:53","date_gmt":"2024-07-03T13:28:53","guid":{"rendered":"https:\/\/www.blogdothame.blog.br\/v1\/?p=164739"},"modified":"2024-07-03T10:28:53","modified_gmt":"2024-07-03T13:28:53","slug":"o-maconheiro-e-as-fake-news","status":"publish","type":"post","link":"https:\/\/www.blogdothame.blog.br\/v1\/2024\/07\/03\/o-maconheiro-e-as-fake-news\/","title":{"rendered":"O maconheiro e as fake news"},"content":{"rendered":"<p style=\"text-align: right;\"><strong>Andr\u00e9 Curvello<\/strong><\/p>\n<p style=\"text-align: left;\"><img loading=\"lazy\" class=\"alignright size-medium wp-image-164740\" src=\"https:\/\/www.blogdothame.blog.br\/v1\/wp-content\/uploads\/2024\/07\/PHOTO-2024-07-02-21-54-25-1-241x300.jpg\" alt=\"\" width=\"241\" height=\"300\" srcset=\"https:\/\/www.blogdothame.blog.br\/v1\/wp-content\/uploads\/2024\/07\/PHOTO-2024-07-02-21-54-25-1-241x300.jpg 241w, https:\/\/www.blogdothame.blog.br\/v1\/wp-content\/uploads\/2024\/07\/PHOTO-2024-07-02-21-54-25-1.jpg 351w\" sizes=\"(max-width: 241px) 100vw, 241px\" \/>Era finalzinho do dia da data magna da Bahia quando tomei conhecimento de um treinamento que virou v\u00eddeo &#8211; e automaticamente um meme &#8211; mostrando a marcha de um grupo de policiais, possivelmente da Pol\u00edcia Militar de Minas Gerais, que entoam um c\u00e2ntico que diz em um dos trechos \u201ccabra safado, metido a maconheiro\u201d. N\u00e3o vou entrar no m\u00e9rito deste tipo de manifesta\u00e7\u00e3o tipicamente militar, pois o assunto aqui \u00e9 outro: as fake news e a falta de cuidado da m\u00eddia.<\/p>\n<p>Rapidamente, os criminosos e oportunistas das not\u00edcias falsas espalharam e divulgaram uma nova vers\u00e3o v\u00eddeo, no qual se ouve \u201ccabra safado, petista maconheiro\u201d. J\u00e1 se tem uma ideia do tipo de gente de m\u00e1 f\u00e9 que tomou esta iniciativa, por\u00e9m o pior \u00e9 que sites de alguma hist\u00f3ria e reputa\u00e7\u00e3o no mercado abriram espa\u00e7o em suas redes sociais a essa manipula\u00e7\u00e3o.<\/p>\n<p>Isso mesmo! Sites de relev\u00e2ncia divulgaram a not\u00edcia falsa sem o menor cuidado de verificar sua autenticidade. E onde ficaram as regras b\u00e1sicas do bom jornalismo? Ser\u00e1 que perder alguns minutos apurando a not\u00edcia ir\u00e1 causar muitos preju\u00edzos \u00e0 insana busca por cliques? Ao jornalista n\u00e3o interessa os danos que podem ser provocados com a publica\u00e7\u00e3o precipitada de not\u00edcias sem checagem? As prov\u00e1veis respostas a essas perguntas n\u00e3o s\u00e3o animadoras.<\/p>\n<p>Em resumo, o compromisso com a boa informa\u00e7\u00e3o deixou de ser prioridade da pr\u00e1tica jornal\u00edstica. Publicar a verdade virou apenas uma alternativa eventual. O norte de parte da imprensa passou a ser, lamentavelmente, aumentar a audi\u00eancia e o faturamento resultante dela.<\/p>\n<p>Jovens s\u00e3o jogados nas reda\u00e7\u00f5es dos ve\u00edculos on e off sem qualquer tipo de orienta\u00e7\u00e3o e treinamento apropriados, sem sal\u00e1rios dignos e condi\u00e7\u00f5es aceit\u00e1veis de trabalho. S\u00e3o frutos da tecnologia e da pressa l\u00edquida da sociedade contempor\u00e2nea.<\/p>\n<p>\u00c9 um assunto que faz parte do dia a dia, mas que vamos normalizando, deixando pra l\u00e1, porque tamb\u00e9m somos arrastados pela correnteza das rela\u00e7\u00f5es rob\u00f3ticas e descompromissadas que continuamente constru\u00edmos com o mundo que nos cerca.<\/p>\n<p><!--more--><\/p>\n<p>Os donos dos ve\u00edculos de comunica\u00e7\u00e3o muitas vezes n\u00e3o s\u00e3o jornalistas e n\u00e3o est\u00e3o preocupados com a qualidade da informa\u00e7\u00e3o, nem tampouco com a responsabilidade social que deveriam ter. \u00c9 como se estivessem hipnotizados, em um fanatismo quase religioso, pelas divindades das visualiza\u00e7\u00f5es, likes, coment\u00e1rios e compartilhamentos.<\/p>\n<p>A informa\u00e7\u00e3o tornou-se um mero subproduto, como um alimento ultraprocessado. N\u00e3o nutre, no m\u00e1ximo enche a barriga. Pelo alcance que t\u00eam, pela import\u00e2ncia que ganharam na vida das pessoas, pelo poder que adquiriram de transformar a realidade, a preocupa\u00e7\u00e3o \u00fanica e imut\u00e1vel dos ve\u00edculos de comunica\u00e7\u00e3o deveria ser o bem estar da popula\u00e7\u00e3o e a constru\u00e7\u00e3o de uma sociedade saud\u00e1vel. E n\u00e3o se atinge tal objetivo com a publica\u00e7\u00e3o de not\u00edcias falsas.<\/p>\n<p>Esse debate precisa ser feito de maneira clara e profunda. Por\u00e9m, a situa\u00e7\u00e3o ganha ares de indisfar\u00e7\u00e1vel cinismo quando qualquer cr\u00edtica ao exerc\u00edcio do jornalismo feito hoje em dia \u00e9 classificada como censura ou atentado \u00e0 liberdade de express\u00e3o. Liberdade e responsabilidade n\u00e3o apenas rimam: uma n\u00e3o existe sem a outra, \u00e9 bom lembrar.<\/p>\n<p>Vamos l\u00e1: a liberdade de express\u00e3o \u00e9 inviol\u00e1vel, as garantias da imprensa livre s\u00e3o indiscut\u00edveis. No entanto, a sociedade democr\u00e1tica s\u00f3 se fortalecer\u00e1 com uma imprensa socialmente consequente que n\u00e3o me\u00e7a esfor\u00e7os para tomar todas as medidas, de forma inegoci\u00e1vel e permanente, para evitar a publica\u00e7\u00e3o de not\u00edcias falsas ou caluniosas.<\/p>\n<p>O caso da &#8220;m\u00fasica do maconheiro&#8221; \u00e9 mais um crime do nosso dia a dia que precisa ser extirpado de uma vez por todas. T\u00e3o debatido transversalmente pelo Supremo Tribunal Federal, a figura do maconheiro foi usada por verdadeiros criminosos das fake news que destroem e degradam o nosso pa\u00eds.<\/p>\n","protected":false},"excerpt":{"rendered":"<p>Andr\u00e9 Curvello Era finalzinho do dia da data magna da Bahia quando tomei conhecimento de um treinamento que virou v\u00eddeo &#8211; e automaticamente um meme &#8211; mostrando a marcha de um grupo de policiais, possivelmente da Pol\u00edcia Militar de Minas Gerais, que entoam um c\u00e2ntico que diz em um dos trechos \u201ccabra safado, metido a [&hellip;]<\/p>\n","protected":false},"author":2,"featured_media":164740,"comment_status":"open","ping_status":"open","sticky":false,"template":"","format":"standard","meta":{"_links_to":"","_links_to_target":""},"categories":[33434],"tags":[12250,37948],"_links":{"self":[{"href":"https:\/\/www.blogdothame.blog.br\/v1\/wp-json\/wp\/v2\/posts\/164739"}],"collection":[{"href":"https:\/\/www.blogdothame.blog.br\/v1\/wp-json\/wp\/v2\/posts"}],"about":[{"href":"https:\/\/www.blogdothame.blog.br\/v1\/wp-json\/wp\/v2\/types\/post"}],"author":[{"embeddable":true,"href":"https:\/\/www.blogdothame.blog.br\/v1\/wp-json\/wp\/v2\/users\/2"}],"replies":[{"embeddable":true,"href":"https:\/\/www.blogdothame.blog.br\/v1\/wp-json\/wp\/v2\/comments?post=164739"}],"version-history":[{"count":1,"href":"https:\/\/www.blogdothame.blog.br\/v1\/wp-json\/wp\/v2\/posts\/164739\/revisions"}],"predecessor-version":[{"id":164741,"href":"https:\/\/www.blogdothame.blog.br\/v1\/wp-json\/wp\/v2\/posts\/164739\/revisions\/164741"}],"wp:featuredmedia":[{"embeddable":true,"href":"https:\/\/www.blogdothame.blog.br\/v1\/wp-json\/wp\/v2\/media\/164740"}],"wp:attachment":[{"href":"https:\/\/www.blogdothame.blog.br\/v1\/wp-json\/wp\/v2\/media?parent=164739"}],"wp:term":[{"taxonomy":"category","embeddable":true,"href":"https:\/\/www.blogdothame.blog.br\/v1\/wp-json\/wp\/v2\/categories?post=164739"},{"taxonomy":"post_tag","embeddable":true,"href":"https:\/\/www.blogdothame.blog.br\/v1\/wp-json\/wp\/v2\/tags?post=164739"}],"curies":[{"name":"wp","href":"https:\/\/api.w.org\/{rel}","templated":true}]}}