{"id":164229,"date":"2024-06-18T08:30:23","date_gmt":"2024-06-18T11:30:23","guid":{"rendered":"https:\/\/www.blogdothame.blog.br\/v1\/?p=164229"},"modified":"2024-06-18T09:16:40","modified_gmt":"2024-06-18T12:16:40","slug":"prefeito-augusto-castro-apresenta-aos-diretores-e-colaboradores-marcone-amaral-novo-presidente-da-fasi","status":"publish","type":"post","link":"https:\/\/www.blogdothame.blog.br\/v1\/2024\/06\/18\/prefeito-augusto-castro-apresenta-aos-diretores-e-colaboradores-marcone-amaral-novo-presidente-da-fasi\/","title":{"rendered":"Prefeito Augusto Castro apresenta aos diretores e colaboradores, Marcone Amaral,  novo presidente da FASI"},"content":{"rendered":"<p><img loading=\"lazy\" class=\"aligncenter wp-image-164231\" src=\"https:\/\/www.blogdothame.blog.br\/v1\/wp-content\/uploads\/2024\/06\/marc.jpeg\" alt=\"\" width=\"468\" height=\"351\" srcset=\"https:\/\/www.blogdothame.blog.br\/v1\/wp-content\/uploads\/2024\/06\/marc.jpeg 600w, https:\/\/www.blogdothame.blog.br\/v1\/wp-content\/uploads\/2024\/06\/marc-300x225.jpeg 300w\" sizes=\"(max-width: 468px) 100vw, 468px\" \/><\/p>\n<p>No primeiro dia de trabalho \u00e0 frente da Funda\u00e7\u00e3o de Aten\u00e7\u00e3o \u00e0 Sa\u00fade de Itabuna (FASI), o diretor-presidente Marcone Amaral Costa Junior foi recepcionado de forma calorosa na manh\u00e3 desta segunda-feira, dia 17, pelo prefeito Augusto Castro (PSD), secret\u00e1rios de governo, diretores e coordenadores. A institui\u00e7\u00e3o \u00e9 mantenedora do Hospital de Base Lu\u00eds Eduardo Magalh\u00e3es (HBLEM).<\/p>\n<p><img loading=\"lazy\" class=\"alignright size-medium wp-image-164230\" src=\"https:\/\/www.blogdothame.blog.br\/v1\/wp-content\/uploads\/2024\/06\/marc-2-225x300.jpeg\" alt=\"\" width=\"225\" height=\"300\" srcset=\"https:\/\/www.blogdothame.blog.br\/v1\/wp-content\/uploads\/2024\/06\/marc-2-225x300.jpeg 225w, https:\/\/www.blogdothame.blog.br\/v1\/wp-content\/uploads\/2024\/06\/marc-2.jpeg 413w\" sizes=\"(max-width: 225px) 100vw, 225px\" \/>O encontro, no audit\u00f3rio da unidade hospitalar, teve por objetivo apresentar formalmente o novo gestor da FASI a todos os colaboradores. O prefeito Augusto Castro destacou que a chegada de Marcone vem somar ainda mais \u00e0 equipe do HBLEM e que o esfor\u00e7o de cada profissional contratado nesse momento \u00e9 fundamental.<\/p>\n<p>\u201cMarcone tem experi\u00eancia em gest\u00e3o p\u00fablica, j\u00e1 foi prefeito de Itaju\u00edpe e veio para somar \u00e0 equipe do Hospital de Base. Esse equipamento j\u00e1 nasceu grande e vai continuar sendo dentro da nossa expectativa com as obras de reforma e amplia\u00e7\u00e3o, que est\u00e3o bem aceleradas. \u00c9 um hospital de alta complexidade e vamos precisar da contribui\u00e7\u00e3o de todos voc\u00eas\u201d, destacou Augusto Castro.<\/p>\n<p>Marcone disse que se sentiu muito seguro e convicto da vontade que Augusto tem de melhorar o servi\u00e7o p\u00fablico, de fortalecer o HBLEM, ajudar as pessoas e melhorar os servi\u00e7os de sa\u00fade de alta complexidade. \u201cAgrade\u00e7o imensamente ao prefeito Augusto Castro pela confian\u00e7a na miss\u00e3o de cuidar do Hospital de Base que \u00e9 um instrumento de import\u00e2ncia para Itabuna e regi\u00e3o. Portanto, aceito esse desafio com muita responsabilidade e vou dar o meu melhor\u201d, declarou.<\/p>\n<p><!--more--><\/p>\n<p>Em seu primeiro contato com a institui\u00e7\u00e3o, o diretor-presidente da FASI conheceu muitas pessoas, conversou e levantou pautas importantes para o andamento do hospital. Ele acrescentou ainda que pretende trabalhar por uma gest\u00e3o mais humanizada, voltada para cuidar de pessoas.<\/p>\n<p>Por fim, agradeceu a receptividade da equipe HBLEM. \u201cEu me sinto muito bem acolhido. Agrade\u00e7o aos diretores Roberto Gama, Fernando Alves e Paulo Medauar, \u00e0 equipe de governo e a todos os coordenadores presentes. Agora \u00e9 trabalhar e estar mais perto dos funcion\u00e1rios e pacientes para levar um servi\u00e7o de qualidade \u00e0 popula\u00e7\u00e3o\u201d, concluiu.<\/p>\n","protected":false},"excerpt":{"rendered":"<p>No primeiro dia de trabalho \u00e0 frente da Funda\u00e7\u00e3o de Aten\u00e7\u00e3o \u00e0 Sa\u00fade de Itabuna (FASI), o diretor-presidente Marcone Amaral Costa Junior foi recepcionado de forma calorosa na manh\u00e3 desta segunda-feira, dia 17, pelo prefeito Augusto Castro (PSD), secret\u00e1rios de governo, diretores e coordenadores. A institui\u00e7\u00e3o \u00e9 mantenedora do Hospital de Base Lu\u00eds Eduardo Magalh\u00e3es [&hellip;]<\/p>\n","protected":false},"author":2,"featured_media":164231,"comment_status":"open","ping_status":"open","sticky":false,"template":"","format":"standard","meta":{"_links_to":"","_links_to_target":""},"categories":[33434],"tags":[188,7496,28872],"_links":{"self":[{"href":"https:\/\/www.blogdothame.blog.br\/v1\/wp-json\/wp\/v2\/posts\/164229"}],"collection":[{"href":"https:\/\/www.blogdothame.blog.br\/v1\/wp-json\/wp\/v2\/posts"}],"about":[{"href":"https:\/\/www.blogdothame.blog.br\/v1\/wp-json\/wp\/v2\/types\/post"}],"author":[{"embeddable":true,"href":"https:\/\/www.blogdothame.blog.br\/v1\/wp-json\/wp\/v2\/users\/2"}],"replies":[{"embeddable":true,"href":"https:\/\/www.blogdothame.blog.br\/v1\/wp-json\/wp\/v2\/comments?post=164229"}],"version-history":[{"count":1,"href":"https:\/\/www.blogdothame.blog.br\/v1\/wp-json\/wp\/v2\/posts\/164229\/revisions"}],"predecessor-version":[{"id":164232,"href":"https:\/\/www.blogdothame.blog.br\/v1\/wp-json\/wp\/v2\/posts\/164229\/revisions\/164232"}],"wp:featuredmedia":[{"embeddable":true,"href":"https:\/\/www.blogdothame.blog.br\/v1\/wp-json\/wp\/v2\/media\/164231"}],"wp:attachment":[{"href":"https:\/\/www.blogdothame.blog.br\/v1\/wp-json\/wp\/v2\/media?parent=164229"}],"wp:term":[{"taxonomy":"category","embeddable":true,"href":"https:\/\/www.blogdothame.blog.br\/v1\/wp-json\/wp\/v2\/categories?post=164229"},{"taxonomy":"post_tag","embeddable":true,"href":"https:\/\/www.blogdothame.blog.br\/v1\/wp-json\/wp\/v2\/tags?post=164229"}],"curies":[{"name":"wp","href":"https:\/\/api.w.org\/{rel}","templated":true}]}}