{"id":164012,"date":"2024-06-12T09:30:44","date_gmt":"2024-06-12T12:30:44","guid":{"rendered":"https:\/\/www.blogdothame.blog.br\/v1\/?p=164012"},"modified":"2024-06-12T08:54:37","modified_gmt":"2024-06-12T11:54:37","slug":"governador-visita-primeiro-dia-da-bahia-farm-show-em-luis-eduardo-magalhaes-e-lanca-nova-etapa-do-programa-de-agricultura-de-baixo-carbono","status":"publish","type":"post","link":"https:\/\/www.blogdothame.blog.br\/v1\/2024\/06\/12\/governador-visita-primeiro-dia-da-bahia-farm-show-em-luis-eduardo-magalhaes-e-lanca-nova-etapa-do-programa-de-agricultura-de-baixo-carbono\/","title":{"rendered":"Governador visita primeiro dia da Bahia Farm Show, em Lu\u00eds Eduardo Magalh\u00e3es, e lan\u00e7a nova etapa do programa de agricultura de baixo carbono"},"content":{"rendered":"<p><img loading=\"lazy\" class=\"aligncenter  wp-image-164013\" src=\"https:\/\/www.blogdothame.blog.br\/v1\/wp-content\/uploads\/2024\/06\/bf-2.jpg\" alt=\"\" width=\"414\" height=\"276\" srcset=\"https:\/\/www.blogdothame.blog.br\/v1\/wp-content\/uploads\/2024\/06\/bf-2.jpg 600w, https:\/\/www.blogdothame.blog.br\/v1\/wp-content\/uploads\/2024\/06\/bf-2-300x200.jpg 300w\" sizes=\"(max-width: 414px) 100vw, 414px\" \/><\/p>\n<p>O primeiro dia da 18\u00aa edi\u00e7\u00e3o da Bahia Farm Show, maior vitrine do agroneg\u00f3cio do norte\/nordeste e uma das maiores feiras do Brasil em volume de neg\u00f3cios, movimentou Lu\u00eds Eduardo Magalh\u00e3es, no oeste baiano, nesta ter\u00e7a-feira (11). At\u00e9 s\u00e1bado (15), diversas oportunidades ser\u00e3o oferecidas por empresas privadas e \u00f3rg\u00e3os p\u00fablicos, incluindo a Secretaria de Desenvolvimento Rural (SDR), Secretaria da Agricultura, Pecu\u00e1ria, Irriga\u00e7\u00e3o, Pesca e Aquicultura (Seagri) e a Desenbahia.<\/p>\n<p><img loading=\"lazy\" class=\"aligncenter  wp-image-164014\" src=\"https:\/\/www.blogdothame.blog.br\/v1\/wp-content\/uploads\/2024\/06\/bf-3.jpg\" alt=\"\" width=\"389\" height=\"259\" srcset=\"https:\/\/www.blogdothame.blog.br\/v1\/wp-content\/uploads\/2024\/06\/bf-3.jpg 600w, https:\/\/www.blogdothame.blog.br\/v1\/wp-content\/uploads\/2024\/06\/bf-3-300x200.jpg 300w\" sizes=\"(max-width: 389px) 100vw, 389px\" \/><\/p>\n<p>O governador Jer\u00f4nimo Rodrigues visitou a feira e refor\u00e7ou a import\u00e2ncia da jun\u00e7\u00e3o de esfor\u00e7os em benef\u00edcio do setor e da Bahia. O evento \u00e9 organizado pela Associa\u00e7\u00e3o de Agricultores e Irrigantes da Bahia (Aiba), com o apoio da Associa\u00e7\u00e3o Baiana de Produtores de Algod\u00e3o (Abapa), Funda\u00e7\u00e3o Bahia e Assomiba.<\/p>\n<p><img loading=\"lazy\" class=\"aligncenter  wp-image-164015\" src=\"https:\/\/www.blogdothame.blog.br\/v1\/wp-content\/uploads\/2024\/06\/bf-4.jpg\" alt=\"\" width=\"389\" height=\"259\" srcset=\"https:\/\/www.blogdothame.blog.br\/v1\/wp-content\/uploads\/2024\/06\/bf-4.jpg 600w, https:\/\/www.blogdothame.blog.br\/v1\/wp-content\/uploads\/2024\/06\/bf-4-300x200.jpg 300w\" sizes=\"(max-width: 389px) 100vw, 389px\" \/><\/p>\n<p>\u201cUma semana de evento, de comercializa\u00e7\u00e3o, de divulga\u00e7\u00e3o, de tecnologia, de extens\u00e3o. Eu quero parabenizar a Aiba, quero parabenizar a Abapa tamb\u00e9m, que promoveu algumas agendas aqui e percorri toda a feira, vi a quantidade de expositores e a sua qualidade, de tecnologias, de banco, de produtos e vejo que realmente, a cada ano, a Bahia Farm Show se credencia como um espa\u00e7o de neg\u00f3cios, de tecnologia\u201d, destacou o governador.<\/p>\n<p><!--more--><\/p>\n<p>Jer\u00f4nimo visitou o stand da agricultura familiar, montado pela Secretaria SDR, que levou para a Bahia Farm Show produtos de diversos territ\u00f3rios de identidade baianos, como os queijos produzidos em Santana. Secret\u00e1ria de agricultura do munic\u00edpio, Luciene dos Santos comandou um box representando todos os produtos da Bacia do Rio Corrente e, principalmente, de Santana, mostrando a produ\u00e7\u00e3o de iogurte, queijos, mel e rapadura. \u201cA gente tem v\u00e1rios produtos. Aqui \u00e9 s\u00f3 o m\u00ednimo que a gente pode trazer para expor. \u00c9 a primeira vez que a gente participa, n\u00e9? Com muita alegria, muito entusiasmo porque \u00e9 a maior feira do oeste da Bahia. E a gente est\u00e1 aqui com muito entusiasmo porque essa feira vai alavancar nosso produto\u201d, garantiu.<\/p>\n<p><img loading=\"lazy\" class=\"aligncenter  wp-image-164016\" src=\"https:\/\/www.blogdothame.blog.br\/v1\/wp-content\/uploads\/2024\/06\/bf-1.jpg\" alt=\"\" width=\"434\" height=\"289\" srcset=\"https:\/\/www.blogdothame.blog.br\/v1\/wp-content\/uploads\/2024\/06\/bf-1.jpg 600w, https:\/\/www.blogdothame.blog.br\/v1\/wp-content\/uploads\/2024\/06\/bf-1-300x200.jpg 300w\" sizes=\"(max-width: 434px) 100vw, 434px\" \/><\/p>\n<p>Entregas e assinaturas<\/p>\n<p>Al\u00e9m de visitar diversos expositores, o Jer\u00f4nimo esteve nos stands do Governo e entregou cinco ve\u00edculos da Ag\u00eancia Estadual de Defesa Agropecu\u00e1ria da Bahia (Adab) para fiscaliza\u00e7\u00e3o.<\/p>\n<p>A Desenbahia, que est\u00e1 presente na feira mobilizando ampla equipe t\u00e9cnica, composta de analistas de cr\u00e9dito, analistas de cadastro e gerentes de desenvolvimento, buscando agilizar os neg\u00f3cios captados durante o evento. Ser\u00e3o disponibilizadas linhas de financiamento para investimentos em aumento da produ\u00e7\u00e3o, moderniza\u00e7\u00e3o das instala\u00e7\u00f5es, compra de m\u00e1quinas e equipamentos, inclusive importados. Podem solicitar cr\u00e9dito os produtores rurais, tanto pessoa f\u00edsica, quanto jur\u00eddica.<\/p>\n<p><img loading=\"lazy\" class=\"aligncenter  wp-image-164017\" src=\"https:\/\/www.blogdothame.blog.br\/v1\/wp-content\/uploads\/2024\/06\/bf-5.jpg\" alt=\"\" width=\"389\" height=\"219\" srcset=\"https:\/\/www.blogdothame.blog.br\/v1\/wp-content\/uploads\/2024\/06\/bf-5.jpg 600w, https:\/\/www.blogdothame.blog.br\/v1\/wp-content\/uploads\/2024\/06\/bf-5-300x169.jpg 300w\" sizes=\"(max-width: 389px) 100vw, 389px\" \/><\/p>\n<p>O governador tamb\u00e9m autorizou a Secretaria de Infraestrutura (Seinfra) a publicar edital de licita\u00e7\u00e3o para recupera\u00e7\u00e3o da BA- 592\/estrada da linha da produ\u00e7\u00e3o, no trecho do entroncamento da BR-349 &#8211; do Km 0 ao KM 12- e km 37 ao km 509, trecho de Jaborandi. O investimento \u00e9 da ordem de R$ 25.900.513,51.<\/p>\n<p>Pedra Fundamental<\/p>\n<p>O governador participou do lan\u00e7amento da Pedra Fundamental da nova sede e Centro de An\u00e1lise de Fibras da Abapa, dentro do Complexo Bahia Farm Show. \u00a0Com previs\u00e3o de conclus\u00e3o dos servi\u00e7os para o final de outubro de 2024, o novo laborat\u00f3rio possibilitar\u00e1 o aumento da capacidade de classifica\u00e7\u00e3o da fibra dos produtores associados da entidade.<\/p>\n<p>Plano ABC+ Bahia<\/p>\n<p>Durante a passagem pela Bahia Farm Show, o Governo do Estado lan\u00e7ou a segunda etapa do Plano ABC+ Bahia. Executado pela Seagri, o plano de agricultura de baixa emiss\u00e3o de carbono ser\u00e1 executado a partir da experi\u00eancia da primeira fase, ocorrida entre 2010 e 2020, quando foi poss\u00edvel realizar atualiza\u00e7\u00f5es e mensurar novas metas at\u00e9 2030. Trata-se de uma iniciativa estrat\u00e9gica do Governo da Bahia, em articula\u00e7\u00e3o com institui\u00e7\u00f5es do setor p\u00fablico e privado.<\/p>\n<p>O plano incentiva os produtores a adotarem pr\u00e1ticas sustent\u00e1veis que reduzam a emiss\u00e3o de gases de efeito estufa, aumentando a produtividade e conservando os recursos naturais com tecnologias sustent\u00e1veis, como plantio direto, recupera\u00e7\u00e3o de pastagens degradadas e a integra\u00e7\u00e3o lavoura-pecu\u00e1ria-floresta. O produtor cuida do meio ambiente e, ao mesmo tempo, garante a evolu\u00e7\u00e3o do seu plantio e o crescimento da receita.<\/p>\n<p>Mais visitas<\/p>\n<p>Jer\u00f4nimo aproveitou a passagem por Lu\u00eds Eduardo Magalh\u00e3es para visitar a Fazenda Captar West Bahia Farm, onde inaugurou o Parque Solar da empresa, conheceu a Captar Confinamentos, a f\u00e1brica de ra\u00e7\u00e3o, currais de confinamento de 50 mil bois; e o pr\u00e9dio administrativo, no qual foi apresentado ao governador o projeto de expans\u00e3o da Captar Confinamentos e do Frigor\u00edfico Exportador de Carne Bovina.<\/p>\n<p>Sobre a Bahia Farm Show<\/p>\n<p>A Bahia Farm Show ocupa uma \u00e1rea de 246 mil metros quadrados e abriga 434 empresas expondo produtos e servi\u00e7os voltados para a \u00e1rea agr\u00edcola, como m\u00e1quinas, implementos e tecnologias, incluindo sementes, adubos, irriga\u00e7\u00e3o, avia\u00e7\u00e3o e comunica\u00e7\u00e3o. O evento conta tamb\u00e9m com espa\u00e7o de food trucks, restaurantes, comercializa\u00e7\u00e3o de produtos, leil\u00e3o de gado e uma programa\u00e7\u00e3o de palestras e treinamentos.<\/p>\n<p>\u201cN\u00f3s sa\u00edmos nos \u00faltimos tr\u00eas anos de 220 expositores para 437. Sa\u00edmos de 145 mil metros para 275, um avan\u00e7o muito grande, num crescimento estrondoso da Bahia Farm Show\u201d, destacou o presidente da Aiba, Odacil Ranzi. Os patrocinadores do evento s\u00e3o Banco Original, Banco do Nordeste, Bradesco, Desenbahia, Prefeitura Municipal de Lu\u00eds Eduardo Magalh\u00e3es, Santander, Sicredi e Sicoob, Senar\/Faeb e WP Agro Empresarial.<\/p>\n<p>&nbsp;<\/p>\n<p>(Fotos Feij\u00e3o Almeida GOVBA)<\/p>\n","protected":false},"excerpt":{"rendered":"<p>O primeiro dia da 18\u00aa edi\u00e7\u00e3o da Bahia Farm Show, maior vitrine do agroneg\u00f3cio do norte\/nordeste e uma das maiores feiras do Brasil em volume de neg\u00f3cios, movimentou Lu\u00eds Eduardo Magalh\u00e3es, no oeste baiano, nesta ter\u00e7a-feira (11). At\u00e9 s\u00e1bado (15), diversas oportunidades ser\u00e3o oferecidas por empresas privadas e \u00f3rg\u00e3os p\u00fablicos, incluindo a Secretaria de Desenvolvimento [&hellip;]<\/p>\n","protected":false},"author":2,"featured_media":164013,"comment_status":"open","ping_status":"open","sticky":false,"template":"","format":"standard","meta":{"_links_to":"","_links_to_target":""},"categories":[33432],"tags":[2538,12213,37818],"_links":{"self":[{"href":"https:\/\/www.blogdothame.blog.br\/v1\/wp-json\/wp\/v2\/posts\/164012"}],"collection":[{"href":"https:\/\/www.blogdothame.blog.br\/v1\/wp-json\/wp\/v2\/posts"}],"about":[{"href":"https:\/\/www.blogdothame.blog.br\/v1\/wp-json\/wp\/v2\/types\/post"}],"author":[{"embeddable":true,"href":"https:\/\/www.blogdothame.blog.br\/v1\/wp-json\/wp\/v2\/users\/2"}],"replies":[{"embeddable":true,"href":"https:\/\/www.blogdothame.blog.br\/v1\/wp-json\/wp\/v2\/comments?post=164012"}],"version-history":[{"count":1,"href":"https:\/\/www.blogdothame.blog.br\/v1\/wp-json\/wp\/v2\/posts\/164012\/revisions"}],"predecessor-version":[{"id":164018,"href":"https:\/\/www.blogdothame.blog.br\/v1\/wp-json\/wp\/v2\/posts\/164012\/revisions\/164018"}],"wp:featuredmedia":[{"embeddable":true,"href":"https:\/\/www.blogdothame.blog.br\/v1\/wp-json\/wp\/v2\/media\/164013"}],"wp:attachment":[{"href":"https:\/\/www.blogdothame.blog.br\/v1\/wp-json\/wp\/v2\/media?parent=164012"}],"wp:term":[{"taxonomy":"category","embeddable":true,"href":"https:\/\/www.blogdothame.blog.br\/v1\/wp-json\/wp\/v2\/categories?post=164012"},{"taxonomy":"post_tag","embeddable":true,"href":"https:\/\/www.blogdothame.blog.br\/v1\/wp-json\/wp\/v2\/tags?post=164012"}],"curies":[{"name":"wp","href":"https:\/\/api.w.org\/{rel}","templated":true}]}}