{"id":163786,"date":"2024-06-06T16:51:33","date_gmt":"2024-06-06T19:51:33","guid":{"rendered":"https:\/\/www.blogdothame.blog.br\/v1\/?p=163786"},"modified":"2024-06-06T16:51:33","modified_gmt":"2024-06-06T19:51:33","slug":"itabuna-entra-no-clima-junino-com-decoracao-das-ruas-em-homenagem-koco-e-vila-do-forro","status":"publish","type":"post","link":"https:\/\/www.blogdothame.blog.br\/v1\/2024\/06\/06\/itabuna-entra-no-clima-junino-com-decoracao-das-ruas-em-homenagem-koco-e-vila-do-forro\/","title":{"rendered":"Itabuna entra no clima junino com decora\u00e7\u00e3o das ruas em homenagem Koc\u00f3 e Vila do Forr\u00f3"},"content":{"rendered":"<p><img loading=\"lazy\" class=\"aligncenter  wp-image-163787\" src=\"https:\/\/www.blogdothame.blog.br\/v1\/wp-content\/uploads\/2024\/06\/sao-joao.jpeg\" alt=\"\" width=\"515\" height=\"290\" srcset=\"https:\/\/www.blogdothame.blog.br\/v1\/wp-content\/uploads\/2024\/06\/sao-joao.jpeg 600w, https:\/\/www.blogdothame.blog.br\/v1\/wp-content\/uploads\/2024\/06\/sao-joao-300x169.jpeg 300w\" sizes=\"(max-width: 515px) 100vw, 515px\" \/><\/p>\n<p>Itabuna j\u00e1 entrou no clima junino com a coloca\u00e7\u00e3o de uma decora\u00e7\u00e3o especial para celebrar a chegada do S\u00e3o Jo\u00e3o, comemorado no dia 24 de junho, e tamb\u00e9m homenagear o saudoso Kok\u00f3, da Banda Lord\u00e3o. Al\u00e9m disso, a cidade vai ganhar uma Vila Junina, na Pra\u00e7a Olinto Leone, uma cidade cenogr\u00e1fica com casinhas t\u00edpicas e igreja.<\/p>\n<p>Com o tema \u201c\u00c9 t\u00e3o bom se apaixonar \u2013 pra sempre Koc\u00f3\u201d, a Prefeitura de Itabuna, por meio da Funda\u00e7\u00e3o Itabunense de Cultura e Cidadania (FICC), deu in\u00edcio \u00e0 decora\u00e7\u00e3o pela Avenida do Cinquenten\u00e1rio local que receber\u00e1 bandeirolas grandes e imagens em homenagem ao cantor e compositor carioca, mas radicado em Itabuna que faleceu em fevereiro deste ano.<\/p>\n<p>As pe\u00e7as da decora\u00e7\u00e3o chegar\u00e3o tamb\u00e9m a outros seis tradicionais pontos. S\u00e3o eles: Pra\u00e7a Olinto Leone, Cal\u00e7ad\u00e3o Rui Barbosa, Rua Paulino Vieira, Avenida Princesa Isabel, no S\u00e3o Caetano, e o circuito do Ita Pedro, que inclui tamb\u00e9m a R\u00f3tula do S\u00e3o Caetano. A decora\u00e7\u00e3o vai contar com bandeirolas, pain\u00e9is e pe\u00e7as luminosas.<\/p>\n<p><!--more--><\/p>\n<p>Na Pra\u00e7a Olinto Leone, por exemplo, cuja inaugura\u00e7\u00e3o ser\u00e1 na pr\u00f3xima segunda-feira, 10, a Vila Junina promete muitas novidades para quem gosta de passear, j\u00e1 que ter\u00e1 elementos caracter\u00edsticos de cidade pequena de interior e se transforma em local ideal para a capta\u00e7\u00e3o de imagens para a rede social. J\u00e1 no circuito do Ita Pedro, o palco que est\u00e1 sendo preparado ser\u00e1 uma atra\u00e7\u00e3o a mais, com bastantes cores e movimento.<\/p>\n<p>De acordo com a FICC, a proposta \u00e9 presentear e animar os itabunenses e visitantes com uma decora\u00e7\u00e3o bem t\u00edpica para receber os festejos de Santo Ant\u00f4nio, S\u00e3o Jo\u00e3o e S\u00e3o Pedro, e ainda impactar positivamente o com\u00e9rcio com o aquecimento das vendas.<\/p>\n<p>Vale ressaltar que a Prefeitura de Itabuna est\u00e1 trabalhando a todo vapor para promover uma terceira edi\u00e7\u00e3o inesquec\u00edvel do Ita Pedro j\u00e1 tendo divulgado algumas atra\u00e7\u00f5es: Targino Gondim, Heitor Costa, Pablo, Hugo e Guilherme, Batista Lima, Solange Almeida, Joelma, L\u00e9o Santana, Dorgival Dantas e Calcinha Preta, dentre outros, al\u00e9m de atra\u00e7\u00f5es locais e regionais.<\/p>\n","protected":false},"excerpt":{"rendered":"<p>Itabuna j\u00e1 entrou no clima junino com a coloca\u00e7\u00e3o de uma decora\u00e7\u00e3o especial para celebrar a chegada do S\u00e3o Jo\u00e3o, comemorado no dia 24 de junho, e tamb\u00e9m homenagear o saudoso Kok\u00f3, da Banda Lord\u00e3o. Al\u00e9m disso, a cidade vai ganhar uma Vila Junina, na Pra\u00e7a Olinto Leone, uma cidade cenogr\u00e1fica com casinhas t\u00edpicas e [&hellip;]<\/p>\n","protected":false},"author":2,"featured_media":163787,"comment_status":"open","ping_status":"open","sticky":false,"template":"","format":"standard","meta":{"_links_to":"","_links_to_target":""},"categories":[33434],"tags":[37781,864,3379],"_links":{"self":[{"href":"https:\/\/www.blogdothame.blog.br\/v1\/wp-json\/wp\/v2\/posts\/163786"}],"collection":[{"href":"https:\/\/www.blogdothame.blog.br\/v1\/wp-json\/wp\/v2\/posts"}],"about":[{"href":"https:\/\/www.blogdothame.blog.br\/v1\/wp-json\/wp\/v2\/types\/post"}],"author":[{"embeddable":true,"href":"https:\/\/www.blogdothame.blog.br\/v1\/wp-json\/wp\/v2\/users\/2"}],"replies":[{"embeddable":true,"href":"https:\/\/www.blogdothame.blog.br\/v1\/wp-json\/wp\/v2\/comments?post=163786"}],"version-history":[{"count":1,"href":"https:\/\/www.blogdothame.blog.br\/v1\/wp-json\/wp\/v2\/posts\/163786\/revisions"}],"predecessor-version":[{"id":163788,"href":"https:\/\/www.blogdothame.blog.br\/v1\/wp-json\/wp\/v2\/posts\/163786\/revisions\/163788"}],"wp:featuredmedia":[{"embeddable":true,"href":"https:\/\/www.blogdothame.blog.br\/v1\/wp-json\/wp\/v2\/media\/163787"}],"wp:attachment":[{"href":"https:\/\/www.blogdothame.blog.br\/v1\/wp-json\/wp\/v2\/media?parent=163786"}],"wp:term":[{"taxonomy":"category","embeddable":true,"href":"https:\/\/www.blogdothame.blog.br\/v1\/wp-json\/wp\/v2\/categories?post=163786"},{"taxonomy":"post_tag","embeddable":true,"href":"https:\/\/www.blogdothame.blog.br\/v1\/wp-json\/wp\/v2\/tags?post=163786"}],"curies":[{"name":"wp","href":"https:\/\/api.w.org\/{rel}","templated":true}]}}