{"id":163751,"date":"2024-06-06T09:30:15","date_gmt":"2024-06-06T12:30:15","guid":{"rendered":"https:\/\/www.blogdothame.blog.br\/v1\/?p=163751"},"modified":"2024-06-05T16:20:04","modified_gmt":"2024-06-05T19:20:04","slug":"uesc-promoveu-show-de-corais","status":"publish","type":"post","link":"https:\/\/www.blogdothame.blog.br\/v1\/2024\/06\/06\/uesc-promoveu-show-de-corais\/","title":{"rendered":"Uesc promoveu Show de Corais"},"content":{"rendered":"<p><img loading=\"lazy\" class=\"aligncenter wp-image-163753\" src=\"https:\/\/www.blogdothame.blog.br\/v1\/wp-content\/uploads\/2024\/06\/Show-de-Corais-1.jpg\" alt=\"\" width=\"497\" height=\"280\" srcset=\"https:\/\/www.blogdothame.blog.br\/v1\/wp-content\/uploads\/2024\/06\/Show-de-Corais-1.jpg 600w, https:\/\/www.blogdothame.blog.br\/v1\/wp-content\/uploads\/2024\/06\/Show-de-Corais-1-300x169.jpg 300w\" sizes=\"(max-width: 497px) 100vw, 497px\" \/><\/p>\n<p>Um verdadeiro sucesso foi o Show de Corais, realizado\u00a0 no Audit\u00f3rio Governador Paulo Souto, com a participa\u00e7\u00e3o de alunos egressos do curso de extens\u00e3o em Inicia\u00e7\u00e3o \u00e0 Reg\u00eancia Coral e Instrumental, promovido pelo N\u00facleo de Artes (NAU) da Universidade Estadual de Santa Cruz (Uesc). Treze corais se apresentaram sob a reg\u00eancia doa alunos que foram capacitados no curso.<\/p>\n<p><img loading=\"lazy\" class=\"aligncenter wp-image-163752\" src=\"https:\/\/www.blogdothame.blog.br\/v1\/wp-content\/uploads\/2024\/06\/Show-de-Corais-3.jpg\" alt=\"\" width=\"441\" height=\"248\" srcset=\"https:\/\/www.blogdothame.blog.br\/v1\/wp-content\/uploads\/2024\/06\/Show-de-Corais-3.jpg 600w, https:\/\/www.blogdothame.blog.br\/v1\/wp-content\/uploads\/2024\/06\/Show-de-Corais-3-300x169.jpg 300w\" sizes=\"(max-width: 441px) 100vw, 441px\" \/><\/p>\n<p>O vice-reitor da Uesc, professor Maur\u00edcio Moreau, disse que se sentiu orgulhoso pela beleza e pelo talento do movimento musical fomentado na institui\u00e7\u00e3o. Ele parabenizou a toda equipe envolvida, atrav\u00e9s do NAU, na produ\u00e7\u00e3o do curso e do pr\u00f3prio espet\u00e1culo.<\/p>\n<p><!--more--><br \/>\nO encontro proporcionou a apresenta\u00e7\u00e3o dos corais, cada um com duas can\u00e7\u00f5es. Foram eles: Coral da Santa Casa de Itabuna, Banda da Guarda Civil Municipal de Itabuna, Coral Semente do Amanh\u00e3, Coral da Fam\u00edlia Pinto, Coral da Unati, Coral OAB-Ilh\u00e9us, Coral Mokiti Okada Ilh\u00e9us | Coral Tons de Alegria, Coral Canto e Encanto, Coral Jerusal\u00e9m, Coral Voz da Vit\u00f3ria, Coral Cantari e Camerata Gospel. A \u00faltima can\u00e7\u00e3o foi executada por todos os corais presentes, de forma apote\u00f3tica.<\/p>\n<p>O maestro Antonio Melo, coordenador e produtor do evento, declarou que o Show de Corais o fez concluir que \u201choje demos um passo hist\u00f3rico e significativo na constru\u00e7\u00e3o de um movimento musical impulsionador no cen\u00e1rio canto coral e instrumental na regi\u00e3o sulbaiana, na contribui\u00e7\u00e3o para a economia criativa, na cria\u00e7\u00e3o de novos postos de trabalho e na forma\u00e7\u00e3o de uma rede comprometida ao seu objetivo: efetiva\u00e7\u00e3o, forma\u00e7\u00e3o e desenvolvimento da m\u00fasica coletiva.\u201d<\/p>\n<p>Melo afirmou que \u201ca reg\u00eancia coral e instrumental \u00e9 uma ferramenta de ampla aplica\u00e7\u00e3o pr\u00e1tica, que possibilita o desenvolvimento da disciplina e o estudo mais minucioso da m\u00fasica\u201d. Ele enfatizou que trabalhar em reg\u00eancia coral significa saber exercitar um processo criativo e sens\u00edvel de integra\u00e7\u00e3o social.<\/p>\n","protected":false},"excerpt":{"rendered":"<p>Um verdadeiro sucesso foi o Show de Corais, realizado\u00a0 no Audit\u00f3rio Governador Paulo Souto, com a participa\u00e7\u00e3o de alunos egressos do curso de extens\u00e3o em Inicia\u00e7\u00e3o \u00e0 Reg\u00eancia Coral e Instrumental, promovido pelo N\u00facleo de Artes (NAU) da Universidade Estadual de Santa Cruz (Uesc). Treze corais se apresentaram sob a reg\u00eancia doa alunos que foram [&hellip;]<\/p>\n","protected":false},"author":2,"featured_media":163753,"comment_status":"open","ping_status":"open","sticky":false,"template":"","format":"standard","meta":{"_links_to":"","_links_to_target":""},"categories":[1],"tags":[37773,3371],"_links":{"self":[{"href":"https:\/\/www.blogdothame.blog.br\/v1\/wp-json\/wp\/v2\/posts\/163751"}],"collection":[{"href":"https:\/\/www.blogdothame.blog.br\/v1\/wp-json\/wp\/v2\/posts"}],"about":[{"href":"https:\/\/www.blogdothame.blog.br\/v1\/wp-json\/wp\/v2\/types\/post"}],"author":[{"embeddable":true,"href":"https:\/\/www.blogdothame.blog.br\/v1\/wp-json\/wp\/v2\/users\/2"}],"replies":[{"embeddable":true,"href":"https:\/\/www.blogdothame.blog.br\/v1\/wp-json\/wp\/v2\/comments?post=163751"}],"version-history":[{"count":2,"href":"https:\/\/www.blogdothame.blog.br\/v1\/wp-json\/wp\/v2\/posts\/163751\/revisions"}],"predecessor-version":[{"id":163755,"href":"https:\/\/www.blogdothame.blog.br\/v1\/wp-json\/wp\/v2\/posts\/163751\/revisions\/163755"}],"wp:featuredmedia":[{"embeddable":true,"href":"https:\/\/www.blogdothame.blog.br\/v1\/wp-json\/wp\/v2\/media\/163753"}],"wp:attachment":[{"href":"https:\/\/www.blogdothame.blog.br\/v1\/wp-json\/wp\/v2\/media?parent=163751"}],"wp:term":[{"taxonomy":"category","embeddable":true,"href":"https:\/\/www.blogdothame.blog.br\/v1\/wp-json\/wp\/v2\/categories?post=163751"},{"taxonomy":"post_tag","embeddable":true,"href":"https:\/\/www.blogdothame.blog.br\/v1\/wp-json\/wp\/v2\/tags?post=163751"}],"curies":[{"name":"wp","href":"https:\/\/api.w.org\/{rel}","templated":true}]}}