{"id":163745,"date":"2024-06-06T08:00:53","date_gmt":"2024-06-06T11:00:53","guid":{"rendered":"https:\/\/www.blogdothame.blog.br\/v1\/?p=163745"},"modified":"2024-06-06T09:10:28","modified_gmt":"2024-06-06T12:10:28","slug":"dia-mundial-do-meio-ambiente-em-itabuna-teve-plantio-de-arvores-por-criancas-em-escolas-municipais","status":"publish","type":"post","link":"https:\/\/www.blogdothame.blog.br\/v1\/2024\/06\/06\/dia-mundial-do-meio-ambiente-em-itabuna-teve-plantio-de-arvores-por-criancas-em-escolas-municipais\/","title":{"rendered":"Semana Mundial do Meio Ambiente em Itabuna teve plantio de \u00e1rvores por crian\u00e7as em escolas municipais"},"content":{"rendered":"<p><img loading=\"lazy\" class=\"aligncenter wp-image-163746\" src=\"https:\/\/www.blogdothame.blog.br\/v1\/wp-content\/uploads\/2024\/06\/arvore-2.jpeg\" alt=\"\" width=\"300\" height=\"322\" srcset=\"https:\/\/www.blogdothame.blog.br\/v1\/wp-content\/uploads\/2024\/06\/arvore-2.jpeg 393w, https:\/\/www.blogdothame.blog.br\/v1\/wp-content\/uploads\/2024\/06\/arvore-2-279x300.jpeg 279w\" sizes=\"(max-width: 300px) 100vw, 300px\" \/><\/p>\n<p>A Semana Mundial do Meio Ambiente est\u00e1 sendo comemorado em grande estilo em Itabuna. Na manh\u00e3 desta quarta-feira, dia 5, uma das atividades da programa\u00e7\u00e3o foi o plantio de mudas de \u201cIp\u00ea de Jardim\u201d com a participa\u00e7\u00e3o de t\u00e9cnicos da Secretaria de Agricultura e Meio Ambiente (SEAGRIMA) e do secret\u00e1rio Moacir Smith Lima, professores e a turminha infantil da Escola Municipal S\u00e3o Paulo da Cruz.<\/p>\n<p><img loading=\"lazy\" class=\"aligncenter size-full wp-image-163747\" src=\"https:\/\/www.blogdothame.blog.br\/v1\/wp-content\/uploads\/2024\/06\/arvore-1.jpeg\" alt=\"\" width=\"410\" height=\"231\" srcset=\"https:\/\/www.blogdothame.blog.br\/v1\/wp-content\/uploads\/2024\/06\/arvore-1.jpeg 410w, https:\/\/www.blogdothame.blog.br\/v1\/wp-content\/uploads\/2024\/06\/arvore-1-300x169.jpeg 300w\" sizes=\"(max-width: 410px) 100vw, 410px\" \/><\/p>\n<p>A unidade escolar funciona no antigo Convento dos Padres Passionistas, na Rua Santa Clara, n\u00ba 200, Alto da Lua, no Mangabinha. Na institui\u00e7\u00e3o de ensino de educa\u00e7\u00e3o b\u00e1sica h\u00e1 o funcionamento apenas da etapa de forma\u00e7\u00e3o de Educa\u00e7\u00e3o Infantil.<\/p>\n<p>Al\u00e9m disso, o plantio de frut\u00edferas e ess\u00eancias florestais como a\u00e7\u00e3o da Semana do Meio Ambiente acontece tamb\u00e9m no CAIC Jorge Amado, no Jardim Primavera, IMEAM, no Alto Mirante, e Educand\u00e1rio Isa de Oliveira Brito, no Banco Raso.<\/p>\n<p><!--more--><\/p>\n<p>Ap\u00f3s o plantio do Ip\u00ea de Jardim, o titular da SEAGRIMA, Moacir Smith Lima, e as educadoras ambientais Alana Couto e Raquel Carvalho falaram para os estudantes mirins sobre o Dia do Meio Ambiente e sobre a import\u00e2ncia de cada pessoa cuidar das plantas e dos jardins e evitar jogar lixo no rio e lagos e no meio ambiente.<\/p>\n<p><img loading=\"lazy\" class=\"aligncenter wp-image-163748\" src=\"https:\/\/www.blogdothame.blog.br\/v1\/wp-content\/uploads\/2024\/06\/arvore-3.jpeg\" alt=\"\" width=\"427\" height=\"240\" srcset=\"https:\/\/www.blogdothame.blog.br\/v1\/wp-content\/uploads\/2024\/06\/arvore-3.jpeg 448w, https:\/\/www.blogdothame.blog.br\/v1\/wp-content\/uploads\/2024\/06\/arvore-3-300x169.jpeg 300w\" sizes=\"(max-width: 427px) 100vw, 427px\" \/><\/p>\n<p>\u201cVoc\u00eas podem ajudar a tomar conta do meio ambiente, ensinando os papais, mam\u00e3es e seus amiguinhos a cuidarem tamb\u00e9m da natureza para termos uma cidade bonita e todos com sa\u00fade\u201d, disse uma das educadoras.<\/p>\n<p>Para o secret\u00e1rio Moacir Smith Lima, a proposta de trabalhar com as crian\u00e7as temas relevantes como a preserva\u00e7\u00e3o ambiental \u00e9 extremamente importante porque s\u00e3o agentes multiplicadores de informa\u00e7\u00f5es seja em casa ou com seus amiguinhos. Ele lembrou que as a\u00e7\u00f5es desenvolvidas na gest\u00e3o do prefeito Augusto Castro (PSD) incluiu a desativa\u00e7\u00e3o a quatro anos do lix\u00e3o a c\u00e9u aberto e a profissionaliza\u00e7\u00e3o dos catadores em agentes ambientais.<\/p>\n<p>\u201cCrian\u00e7a tem facilidade de transmitir tudo o que aprendeu, principalmente na escola\u201d, refor\u00e7ou. Segundo o titular da SEAGRIMA, a programa\u00e7\u00e3o continua nesta quinta-feira, dia 6, no Centro de Cultura Adonias Filho, com palestras de t\u00e9cnicos do Instituto do Meio Ambiente e Recursos H\u00eddricos da Bahia (INEMA) e com o secret\u00e1rio de Governo, Rosivaldo Pinheiro, que falar\u00e1 sobre Programa o Recicla Itabuna.<\/p>\n<p>Haver\u00e1 ainda distribui\u00e7\u00e3o de cartilhas para os estudantes e um show com o artista, articulador cultural e ambientalista Zenrique.<\/p>\n<p>A educadora ambiental Raquel Carvalho, outra respons\u00e1vel pela elabora\u00e7\u00e3o da programa\u00e7\u00e3o, disse que a Semana do Meio Ambiente \u00e9 parte das a\u00e7\u00f5es e dos projetos executados ao longo do ano pela SEAGRIMA, seja no plantio ou replantio de \u00e1rvores ou palestras nas escolas e institui\u00e7\u00f5es todas relacionados \u00e0 preserva\u00e7\u00e3o ambiental.<\/p>\n<p>J\u00e1 a coordenadora pedag\u00f3gica da Escola S\u00e3o Paulo da Cruz, Daniela Santiago Silva Barreto, demonstrou alegria com o plantio de \u00e1rvores pelas crian\u00e7as da educa\u00e7\u00e3o infantil e ressaltou a import\u00e2ncia desse momento que, segundo ela, refor\u00e7ou o trabalho que a unidade escolar j\u00e1 executa, envolvendo temas relacionados ao meio ambiente. Ela cita, por exemplo, atividades como conta\u00e7\u00e3o de hist\u00f3ria, plantio, desenho sobre a natureza e visita\u00e7\u00e3o ao ar livre realizada durante o ano letivo.<\/p>\n<p>Para encerrar a programa\u00e7\u00e3o com \u201cChave de Ouro\u201d, como destacou a educadora ambiental Alana Couto, a Semana do Meio Ambiente ter\u00e1 na sexta-feira, dia 7, a partir das 8 horas, na Pra\u00e7a Jos\u00e9 Bastos, a\u00e7\u00e3o de log\u00edstica reversa, com a participa\u00e7\u00e3o da CVR Costa do Cacau, Biosanear, O Botic\u00e1rio e a Associa\u00e7\u00e3o de Catadores de Recicl\u00e1veis-AACRRI.<\/p>\n<p>No local haver\u00e1 exposi\u00e7\u00f5es com a participa\u00e7\u00e3o de institui\u00e7\u00f5es parceiras da Prefeitura de Itabuna e o recolhimento de lixo eletroeletr\u00f4nico, o que inclui quaisquer aparelhos em desuso.<\/p>\n","protected":false},"excerpt":{"rendered":"<p>A Semana Mundial do Meio Ambiente est\u00e1 sendo comemorado em grande estilo em Itabuna. Na manh\u00e3 desta quarta-feira, dia 5, uma das atividades da programa\u00e7\u00e3o foi o plantio de mudas de \u201cIp\u00ea de Jardim\u201d com a participa\u00e7\u00e3o de t\u00e9cnicos da Secretaria de Agricultura e Meio Ambiente (SEAGRIMA) e do secret\u00e1rio Moacir Smith Lima, professores e [&hellip;]<\/p>\n","protected":false},"author":2,"featured_media":163746,"comment_status":"open","ping_status":"open","sticky":false,"template":"","format":"standard","meta":{"_links_to":"","_links_to_target":""},"categories":[1],"tags":[24557,39,15693],"_links":{"self":[{"href":"https:\/\/www.blogdothame.blog.br\/v1\/wp-json\/wp\/v2\/posts\/163745"}],"collection":[{"href":"https:\/\/www.blogdothame.blog.br\/v1\/wp-json\/wp\/v2\/posts"}],"about":[{"href":"https:\/\/www.blogdothame.blog.br\/v1\/wp-json\/wp\/v2\/types\/post"}],"author":[{"embeddable":true,"href":"https:\/\/www.blogdothame.blog.br\/v1\/wp-json\/wp\/v2\/users\/2"}],"replies":[{"embeddable":true,"href":"https:\/\/www.blogdothame.blog.br\/v1\/wp-json\/wp\/v2\/comments?post=163745"}],"version-history":[{"count":3,"href":"https:\/\/www.blogdothame.blog.br\/v1\/wp-json\/wp\/v2\/posts\/163745\/revisions"}],"predecessor-version":[{"id":163770,"href":"https:\/\/www.blogdothame.blog.br\/v1\/wp-json\/wp\/v2\/posts\/163745\/revisions\/163770"}],"wp:featuredmedia":[{"embeddable":true,"href":"https:\/\/www.blogdothame.blog.br\/v1\/wp-json\/wp\/v2\/media\/163746"}],"wp:attachment":[{"href":"https:\/\/www.blogdothame.blog.br\/v1\/wp-json\/wp\/v2\/media?parent=163745"}],"wp:term":[{"taxonomy":"category","embeddable":true,"href":"https:\/\/www.blogdothame.blog.br\/v1\/wp-json\/wp\/v2\/categories?post=163745"},{"taxonomy":"post_tag","embeddable":true,"href":"https:\/\/www.blogdothame.blog.br\/v1\/wp-json\/wp\/v2\/tags?post=163745"}],"curies":[{"name":"wp","href":"https:\/\/api.w.org\/{rel}","templated":true}]}}