{"id":162937,"date":"2024-05-16T08:31:59","date_gmt":"2024-05-16T11:31:59","guid":{"rendered":"https:\/\/www.blogdothame.blog.br\/v1\/?p=162937"},"modified":"2024-05-16T10:50:58","modified_gmt":"2024-05-16T13:50:58","slug":"funai-autoriza-novas-indenizacoes-por-retomada-de-terra-indigena-no-sul-da-bahia","status":"publish","type":"post","link":"https:\/\/www.blogdothame.blog.br\/v1\/2024\/05\/16\/funai-autoriza-novas-indenizacoes-por-retomada-de-terra-indigena-no-sul-da-bahia\/","title":{"rendered":"Funai autoriza novas indeniza\u00e7\u00f5es por retomada de Terra Ind\u00edgena no Sul da Bahia"},"content":{"rendered":"<div id=\"attachment_162938\" style=\"width: 455px\" class=\"wp-caption aligncenter\"><img aria-describedby=\"caption-attachment-162938\" loading=\"lazy\" class=\" wp-image-162938\" src=\"https:\/\/www.blogdothame.blog.br\/v1\/wp-content\/uploads\/2024\/05\/funai.jpeg\" alt=\"\" width=\"445\" height=\"294\" srcset=\"https:\/\/www.blogdothame.blog.br\/v1\/wp-content\/uploads\/2024\/05\/funai.jpeg 600w, https:\/\/www.blogdothame.blog.br\/v1\/wp-content\/uploads\/2024\/05\/funai-300x199.jpeg 300w\" sizes=\"(max-width: 445px) 100vw, 445px\" \/><p id=\"caption-attachment-162938\" class=\"wp-caption-text\">Terra Ind\u00edgena \u00e9 habitada pelos Patax\u00f3 H\u00e3-H\u00e3-H\u00e3e || Foto Clarissa Tavares\/Funai<\/p><\/div>\n<p>A Funda\u00e7\u00e3o Nacional dos Povos Ind\u00edgenas (Funai) publicou a Portaria N\u00ba 996\/2024, que institui a Comiss\u00e3o de Pagamento para a continuidade dos procedimentos administrativos\u00a0indenizat\u00f3rios pelas benfeitorias derivadas da ocupa\u00e7\u00e3o de boa-f\u00e9 instaladas por n\u00e3o ind\u00edgenas na Terra Ind\u00edgena Caramuru\/Paraguassu, localizada nos munic\u00edpios de Itaju do Col\u00f4nia, Pau Brasil e Camacan, no sul da Bahia.<\/p>\n<p>O ato determina a ado\u00e7\u00e3o das medidas necess\u00e1rias \u00e0 concretiza\u00e7\u00e3o das indeniza\u00e7\u00f5es, com dilig\u00eancias na Terra Ind\u00edgena e nas cidades de Porto Seguro, Eun\u00e1polis, Itabuna, Ilh\u00e9us, Itaju do Col\u00f4nia, Pau Brasil, Camacan, Itoror\u00f3 e Canavieiras. A Comiss\u00e3o tem prazo de 26 dias para concluir os trabalhos e mais 10 dias para a entrega do relat\u00f3rio dos pagamentos, a contar do pr\u00f3ximo dia 27.<\/p>\n<p>RETOMADA<\/p>\n<p>De acordo com a Funai, o processo de regulariza\u00e7\u00e3o fundi\u00e1ria da TI Caramuru\/Paraguassu remonta ao reconhecimento do territ\u00f3rio do povo ind\u00edgena Patax\u00f3 H\u00e3-H\u00e3-H\u00e3e, pelo Governo Bahia, por meio da Lei Estadual n\u00b0 1.916, de 9 de agosto de 1926. A lei autorizou a destina\u00e7\u00e3o de uma \u00e1rea de 50 l\u00e9guas em quadra de \u201cflorestas gerais e acatingadas\u201d ao \u201cgozo dos \u00edndios tupinamb\u00e1s e patach\u00f3s, ou outros que ali s\u00e3o habitantes\u201d, sendo posteriormente, em 1938, os limites demarcados em conjunto com o Minist\u00e9rio da Guerra para usufruto dos ind\u00edgenas.<\/p>\n<p><!--more--><\/p>\n<p>O territ\u00f3rio ind\u00edgena demarcado sofreu ocupa\u00e7\u00e3o irregular por terceiros, o que levou o \u00f3rg\u00e3o indigenista a interpor a\u00e7\u00e3o de nulidade dos t\u00edtulos, em a\u00e7\u00e3o julgada pelo Supremo Tribunal Federal, em 2012, por meio de A\u00e7\u00e3o Civil Origin\u00e1ria ( ACO n. 312).<\/p>\n<p>Ap\u00f3s julgamento que declarou nulos e extintos todos os t\u00edtulos emitidos pelo estado da Bahia, houve a retomada das ocupa\u00e7\u00f5es pelos ind\u00edgenas Patax\u00f3 H\u00e3-H\u00e3-H\u00e3e. Com a sa\u00edda dos ocupantes n\u00e3o ind\u00edgenas, a Funai confirmou os limites da demarca\u00e7\u00e3o de 1938, promoveu o levantamento e a an\u00e1lise das benfeitorias e iniciou, em seguida, a constitui\u00e7\u00e3o de Comiss\u00f5es de Pagamento das indeniza\u00e7\u00f5es por benfeitorias derivadas de ocupa\u00e7\u00f5es de boa-f\u00e9.<\/p>\n<p>Segundo a Funai, a a\u00e7\u00e3o promover\u00e1 a posse plena do territ\u00f3rio demarcado, assegurando a redu\u00e7\u00e3o dos conflitos fundi\u00e1rios hist\u00f3ricos e da viol\u00eancia contra os ind\u00edgenas. Os pagamentos ter\u00e3o continuidade, conforme os recursos dispon\u00edveis, at\u00e9 a indeniza\u00e7\u00e3o de todos os ocupantes cadastrados.<\/p>\n<p>(do Pimenta)<\/p>\n","protected":false},"excerpt":{"rendered":"<p>A Funda\u00e7\u00e3o Nacional dos Povos Ind\u00edgenas (Funai) publicou a Portaria N\u00ba 996\/2024, que institui a Comiss\u00e3o de Pagamento para a continuidade dos procedimentos administrativos\u00a0indenizat\u00f3rios pelas benfeitorias derivadas da ocupa\u00e7\u00e3o de boa-f\u00e9 instaladas por n\u00e3o ind\u00edgenas na Terra Ind\u00edgena Caramuru\/Paraguassu, localizada nos munic\u00edpios de Itaju do Col\u00f4nia, Pau Brasil e Camacan, no sul da Bahia. O [&hellip;]<\/p>\n","protected":false},"author":2,"featured_media":162938,"comment_status":"open","ping_status":"open","sticky":false,"template":"","format":"standard","meta":{"_links_to":"","_links_to_target":""},"categories":[33434],"tags":[2289,37612,2390,185,37611],"_links":{"self":[{"href":"https:\/\/www.blogdothame.blog.br\/v1\/wp-json\/wp\/v2\/posts\/162937"}],"collection":[{"href":"https:\/\/www.blogdothame.blog.br\/v1\/wp-json\/wp\/v2\/posts"}],"about":[{"href":"https:\/\/www.blogdothame.blog.br\/v1\/wp-json\/wp\/v2\/types\/post"}],"author":[{"embeddable":true,"href":"https:\/\/www.blogdothame.blog.br\/v1\/wp-json\/wp\/v2\/users\/2"}],"replies":[{"embeddable":true,"href":"https:\/\/www.blogdothame.blog.br\/v1\/wp-json\/wp\/v2\/comments?post=162937"}],"version-history":[{"count":2,"href":"https:\/\/www.blogdothame.blog.br\/v1\/wp-json\/wp\/v2\/posts\/162937\/revisions"}],"predecessor-version":[{"id":162948,"href":"https:\/\/www.blogdothame.blog.br\/v1\/wp-json\/wp\/v2\/posts\/162937\/revisions\/162948"}],"wp:featuredmedia":[{"embeddable":true,"href":"https:\/\/www.blogdothame.blog.br\/v1\/wp-json\/wp\/v2\/media\/162938"}],"wp:attachment":[{"href":"https:\/\/www.blogdothame.blog.br\/v1\/wp-json\/wp\/v2\/media?parent=162937"}],"wp:term":[{"taxonomy":"category","embeddable":true,"href":"https:\/\/www.blogdothame.blog.br\/v1\/wp-json\/wp\/v2\/categories?post=162937"},{"taxonomy":"post_tag","embeddable":true,"href":"https:\/\/www.blogdothame.blog.br\/v1\/wp-json\/wp\/v2\/tags?post=162937"}],"curies":[{"name":"wp","href":"https:\/\/api.w.org\/{rel}","templated":true}]}}