{"id":162324,"date":"2024-04-30T10:41:39","date_gmt":"2024-04-30T13:41:39","guid":{"rendered":"https:\/\/www.blogdothame.blog.br\/v1\/?p=162324"},"modified":"2024-04-29T16:52:25","modified_gmt":"2024-04-29T19:52:25","slug":"em-itabuna-nova-frota-da-atlantida-entra-em-operacao-em-maio","status":"publish","type":"post","link":"https:\/\/www.blogdothame.blog.br\/v1\/2024\/04\/30\/em-itabuna-nova-frota-da-atlantida-entra-em-operacao-em-maio\/","title":{"rendered":"Em Itabuna, nova frota da Atl\u00e2ntida entra em opera\u00e7\u00e3o em maio"},"content":{"rendered":"<p>&nbsp;<\/p>\n<p><img loading=\"lazy\" class=\"aligncenter  wp-image-162325\" src=\"https:\/\/www.blogdothame.blog.br\/v1\/wp-content\/uploads\/2024\/04\/buzu.jpeg\" alt=\"\" width=\"472\" height=\"266\" srcset=\"https:\/\/www.blogdothame.blog.br\/v1\/wp-content\/uploads\/2024\/04\/buzu.jpeg 600w, https:\/\/www.blogdothame.blog.br\/v1\/wp-content\/uploads\/2024\/04\/buzu-300x169.jpeg 300w\" sizes=\"(max-width: 472px) 100vw, 472px\" \/><\/p>\n<p>A nova frota de transporte coletivo de Itabuna deve entrar em opera\u00e7\u00e3o na primeira semana de maio. Os\u00a0 novos \u00f4nibus passaram por uma inspe\u00e7\u00e3o na garagem da Atl\u00e2ntico Transportes, no S\u00e3o Caetano. A empresa det\u00e9m o contrato de concess\u00e3o por 20 anos e nessa primeira etapa substituir\u00e3o nas ruas 35 ve\u00edculos em servi\u00e7o.<\/p>\n<p>&nbsp;<\/p>\n<p>Os \u00f4nibus t\u00eam sistema Wi-Fi, ar condicionado, c\u00e2meras de videomonitoramento e\u00a0 computador de bordo, \u00a0que foram instalados hoje. \u201cNessa etapa, tamb\u00e9m est\u00e1 acontecendo o treinamento dos motoristas. Ap\u00f3s todo o processo, a frota ser\u00e1 entregue\u201d informou a secret\u00e1ria municipal de Transportes e Tr\u00e2nsito, Hanna Luiza Lemos.<\/p>\n<p>&nbsp;<\/p>\n<p>A nova frota faz parte do cumprimento de contrato de concess\u00e3o da empresa com o munic\u00edpio, o qual estabelece que em um prazo de dois anos, a frota de \u00f4nibus precisa ser substitu\u00edda. Al\u00e9m disso, a gest\u00e3o do prefeito Augusto Castro (PSD) cumpre o compromisso de dotar a cidade com ve\u00edculos modernos, seguros e confort\u00e1veis.<\/p>\n<p><!--more--><\/p>\n<p>\u201cA substitui\u00e7\u00e3o da frota d\u00e1 in\u00edcio a uma nova fase no transporte coletivo em Itabuna\u201d, disse o diretor de Transporte da SETTRAN, Wellington Santana. Ele informou que nesta semana ser\u00e1 executada a instala\u00e7\u00e3o de bilhetagem eletr\u00f4nica para o pagamento da passagem e o sistema de videomonitoramento.<\/p>\n<p>&nbsp;<\/p>\n<p>&nbsp;<\/p>\n<p>\u201cMas vale ressaltar que os \u00f4nibus que v\u00e3o deixar de circular ainda est\u00e3o dentro do prazo de validade e sua substitui\u00e7\u00e3o j\u00e1 estava prevista\u201d, disse Santana.<\/p>\n","protected":false},"excerpt":{"rendered":"<p>&nbsp; A nova frota de transporte coletivo de Itabuna deve entrar em opera\u00e7\u00e3o na primeira semana de maio. Os\u00a0 novos \u00f4nibus passaram por uma inspe\u00e7\u00e3o na garagem da Atl\u00e2ntico Transportes, no S\u00e3o Caetano. A empresa det\u00e9m o contrato de concess\u00e3o por 20 anos e nessa primeira etapa substituir\u00e3o nas ruas 35 ve\u00edculos em servi\u00e7o. &nbsp; [&hellip;]<\/p>\n","protected":false},"author":2,"featured_media":162325,"comment_status":"open","ping_status":"open","sticky":false,"template":"","format":"standard","meta":{"_links_to":"","_links_to_target":""},"categories":[33435],"tags":[2892,39,37502,7004],"_links":{"self":[{"href":"https:\/\/www.blogdothame.blog.br\/v1\/wp-json\/wp\/v2\/posts\/162324"}],"collection":[{"href":"https:\/\/www.blogdothame.blog.br\/v1\/wp-json\/wp\/v2\/posts"}],"about":[{"href":"https:\/\/www.blogdothame.blog.br\/v1\/wp-json\/wp\/v2\/types\/post"}],"author":[{"embeddable":true,"href":"https:\/\/www.blogdothame.blog.br\/v1\/wp-json\/wp\/v2\/users\/2"}],"replies":[{"embeddable":true,"href":"https:\/\/www.blogdothame.blog.br\/v1\/wp-json\/wp\/v2\/comments?post=162324"}],"version-history":[{"count":1,"href":"https:\/\/www.blogdothame.blog.br\/v1\/wp-json\/wp\/v2\/posts\/162324\/revisions"}],"predecessor-version":[{"id":162326,"href":"https:\/\/www.blogdothame.blog.br\/v1\/wp-json\/wp\/v2\/posts\/162324\/revisions\/162326"}],"wp:featuredmedia":[{"embeddable":true,"href":"https:\/\/www.blogdothame.blog.br\/v1\/wp-json\/wp\/v2\/media\/162325"}],"wp:attachment":[{"href":"https:\/\/www.blogdothame.blog.br\/v1\/wp-json\/wp\/v2\/media?parent=162324"}],"wp:term":[{"taxonomy":"category","embeddable":true,"href":"https:\/\/www.blogdothame.blog.br\/v1\/wp-json\/wp\/v2\/categories?post=162324"},{"taxonomy":"post_tag","embeddable":true,"href":"https:\/\/www.blogdothame.blog.br\/v1\/wp-json\/wp\/v2\/tags?post=162324"}],"curies":[{"name":"wp","href":"https:\/\/api.w.org\/{rel}","templated":true}]}}