{"id":162316,"date":"2024-04-30T09:27:33","date_gmt":"2024-04-30T12:27:33","guid":{"rendered":"https:\/\/www.blogdothame.blog.br\/v1\/?p=162316"},"modified":"2024-04-29T15:36:46","modified_gmt":"2024-04-29T18:36:46","slug":"entrega-de-209-novos-oculos-inteligentes-amplia-autonomia-de-estudantes-da-rede-estadual-com-deficiencia-visual","status":"publish","type":"post","link":"https:\/\/www.blogdothame.blog.br\/v1\/2024\/04\/30\/entrega-de-209-novos-oculos-inteligentes-amplia-autonomia-de-estudantes-da-rede-estadual-com-deficiencia-visual\/","title":{"rendered":"Entrega de 209 novos \u00f3culos inteligentes amplia autonomia de estudantes da rede estadual com defici\u00eancia visual"},"content":{"rendered":"<p><img loading=\"lazy\" class=\"aligncenter  wp-image-162317\" src=\"https:\/\/www.blogdothame.blog.br\/v1\/wp-content\/uploads\/2024\/04\/PHOTO-2024-04-29-14-54-08-1.jpg\" alt=\"\" width=\"245\" height=\"368\" srcset=\"https:\/\/www.blogdothame.blog.br\/v1\/wp-content\/uploads\/2024\/04\/PHOTO-2024-04-29-14-54-08-1.jpg 367w, https:\/\/www.blogdothame.blog.br\/v1\/wp-content\/uploads\/2024\/04\/PHOTO-2024-04-29-14-54-08-1-200x300.jpg 200w\" sizes=\"(max-width: 245px) 100vw, 245px\" \/><\/p>\n<p>O Governo do Estado, por meio da Secretaria da Educa\u00e7\u00e3o do Estado (SEC), realizou a entrega simult\u00e2nea de 209 \u00f3culos OrCamMyEye 2.0 para estudantes com defici\u00eancia visual dos 27 N\u00facleos Territoriais de Educa\u00e7\u00e3o (NTEs) , nesta segunda-feira (29). Em Salvador, a entrega de 22 equipamentos aconteceu no Col\u00e9gio Estadual \u00c9dson Carneiro, no bairro do S\u00e3o Caetano, na presen\u00e7a de estudantes e gestores de diversas unidades. Com o investimento superior a R$ 3,6 milh\u00f5es, a a\u00e7\u00e3o busca garantir a efetiva inclus\u00e3o educacional, por meio de orienta\u00e7\u00f5es pedag\u00f3gicas e operacionais, aquisi\u00e7\u00e3o e ou adapta\u00e7\u00e3o de material pedag\u00f3gico especializado para atender a demanda dos estudantes cegos e de baixa vis\u00e3o.<\/p>\n<p><img loading=\"lazy\" class=\"aligncenter  wp-image-162318\" src=\"https:\/\/www.blogdothame.blog.br\/v1\/wp-content\/uploads\/2024\/04\/PHOTO-2024-04-29-14-54-09.jpg\" alt=\"\" width=\"362\" height=\"241\" srcset=\"https:\/\/www.blogdothame.blog.br\/v1\/wp-content\/uploads\/2024\/04\/PHOTO-2024-04-29-14-54-09.jpg 600w, https:\/\/www.blogdothame.blog.br\/v1\/wp-content\/uploads\/2024\/04\/PHOTO-2024-04-29-14-54-09-300x200.jpg 300w\" sizes=\"(max-width: 362px) 100vw, 362px\" \/><\/p>\n<p>&nbsp;<\/p>\n<p>Para a diretora do NTE 26, que abrange a capital e Regi\u00e3o Metropolitana, Salete Viana, a entrega \u00e9 significativa para o atendimento e inclus\u00e3o dos estudantes com defici\u00eancia visual. \u201cDentro do cotidiano deles \u00e9 uma possibilidade de fazer as leituras. Esses \u00f3culos v\u00eam para dar essa autonomia, n\u00e3o s\u00f3 na rotina na unidade escolar, mas tamb\u00e9m na rotina di\u00e1ria deles\u201d, destacou a gestora.<\/p>\n<p><!--more--><\/p>\n<p>A entrega dos dispositivos foi anunciada dia 6 de abril pelo governador Jer\u00f4nimo Rodrigues, durante ato em que lan\u00e7ou diversas a\u00e7\u00f5es voltadas \u00e0s Pessoas com Defici\u00eancia (PCDs). O equipamento possibilita maior acessibilidade, autonomia, aprimora a comunica\u00e7\u00e3o, amplia as possibilidades de aprendizagem e garante inclus\u00e3o social. Os dispositivos ser\u00e3o entregues conforme n\u00famero de matriculados, priorizando primeiro os estudantes cegos e depois com baixa vis\u00e3o, em ambos os casos, pessoas sem defici\u00eancia auditiva.<\/p>\n<p><img loading=\"lazy\" class=\"aligncenter  wp-image-162319\" src=\"https:\/\/www.blogdothame.blog.br\/v1\/wp-content\/uploads\/2024\/04\/PHOTO-2024-04-29-14-54-08.jpg\" alt=\"\" width=\"381\" height=\"254\" srcset=\"https:\/\/www.blogdothame.blog.br\/v1\/wp-content\/uploads\/2024\/04\/PHOTO-2024-04-29-14-54-08.jpg 600w, https:\/\/www.blogdothame.blog.br\/v1\/wp-content\/uploads\/2024\/04\/PHOTO-2024-04-29-14-54-08-300x200.jpg 300w\" sizes=\"(max-width: 381px) 100vw, 381px\" \/><\/p>\n<p>O OrCam MyEye 2.0 \u00e9 o dispositivo de tecnologia assistiva vest\u00edvel mais avan\u00e7ado do mundo para pessoas com defici\u00eancia visual ou com dificuldade de leitura. Discreto e leve, o Orcam MyEye \u00e9 um aparelho acoplado aos \u00f3culos que transforma textos em \u00e1udios, permitindo que deficientes visuais possam ler. Ele usa uma tecnologia de intelig\u00eancia artificial para converter textos de maneira instant\u00e2nea, seja de um livro, tela de um celular ou de outra superf\u00edcie.<\/p>\n<p>Para a professora Eva Daltro, os \u00f3culos OrCam MyEye, no dia-a-dia da sala de aula, muitas vezes, o aluno n\u00e3o tem acesso a textos em braile, textos adaptados em relevo. \u201cO OrCam como \u00e9 um instrumento que vai estar gravando e lendo para o aluno, o que espera-se \u00e9 que eles tenham maior rendimento na sala de aula, tamb\u00e9m diminuindo essa quest\u00e3o dele ser um aluno meramente ouvinte, ele pode estar ali tendo acesso a material impresso em apostilas, no livro, porque o OrCam l\u00ea para ele\u201d, explicou.<\/p>\n<p><img loading=\"lazy\" class=\"aligncenter  wp-image-162320\" src=\"https:\/\/www.blogdothame.blog.br\/v1\/wp-content\/uploads\/2024\/04\/PHOTO-2024-04-29-14-54-08-2.jpg\" alt=\"\" width=\"425\" height=\"283\" srcset=\"https:\/\/www.blogdothame.blog.br\/v1\/wp-content\/uploads\/2024\/04\/PHOTO-2024-04-29-14-54-08-2.jpg 600w, https:\/\/www.blogdothame.blog.br\/v1\/wp-content\/uploads\/2024\/04\/PHOTO-2024-04-29-14-54-08-2-300x200.jpg 300w\" sizes=\"(max-width: 425px) 100vw, 425px\" \/><\/p>\n<p>A estudante do 3\u00ba ano do Ensino M\u00e9dio do Col\u00e9gio \u00c9dson Carneiro, Sara Vict\u00f3ria Santos, recebeu seu equipamento e comemorou a novidade. \u201cMinha expectativa est\u00e1 alt\u00edssima. Eu nunca tive. Sempre eu espero algu\u00e9m sentar do meu lado e ditar o que est\u00e1 no quadro para eu escrever. E eu acho que com \u00f3culos isso vai facilitar muito\u201d, disse a jovem que pretende cursar pedagogia ou m\u00fasica ao concluir o Ensino M\u00e9dio.<\/p>\n<p>&nbsp;<\/p>\n<p>A SEC fez a aquisi\u00e7\u00e3o de 1.398 \u00f3culos OrCamMyEye 2.0, que ser\u00e3o entregues ao longo do ano, com o investimento total de R$ 24,2 milh\u00f5es. A iniciativa faz parte de um conjunto de a\u00e7\u00f5es do Governo do Estado para prover a inclus\u00e3o e a acessibilidade para pessoas com defici\u00eancia na Bahia. Faz parte dessa s\u00e9rie de a\u00e7\u00f5es a libera\u00e7\u00e3o de um Fundo de Assist\u00eancia Educacional (Faed), no valor de R$ 3,8 milh\u00f5es, para o fortalecimento de pr\u00e1ticas pedag\u00f3gicas voltadas, exclusivamente, aos estudantes com defici\u00eancia.<\/p>\n<p>&nbsp;<\/p>\n<p>O Governo do Estado tamb\u00e9m prev\u00ea a contrata\u00e7\u00e3o de mais profissionais de suporte t\u00e9cnico ao Atendimento Educacional Especializado (AEE) nas unidades de ensino, assim como a libera\u00e7\u00e3o de recursos na ordem de R$ 4 milh\u00f5es para a amplia\u00e7\u00e3o do n\u00famero de Centros de Apoio Pedag\u00f3gico Especializado (Capes), em dez N\u00facleos Territoriais de Educa\u00e7\u00e3o (NTEs). Atualmente, a rede estadual j\u00e1 trabalha com oito Capes e cinco Centros de Educa\u00e7\u00e3o Especial.<\/p>\n<p>(Fotos Mateus Pereira GOVBA)<\/p>\n","protected":false},"excerpt":{"rendered":"<p>O Governo do Estado, por meio da Secretaria da Educa\u00e7\u00e3o do Estado (SEC), realizou a entrega simult\u00e2nea de 209 \u00f3culos OrCamMyEye 2.0 para estudantes com defici\u00eancia visual dos 27 N\u00facleos Territoriais de Educa\u00e7\u00e3o (NTEs) , nesta segunda-feira (29). Em Salvador, a entrega de 22 equipamentos aconteceu no Col\u00e9gio Estadual \u00c9dson Carneiro, no bairro do S\u00e3o [&hellip;]<\/p>\n","protected":false},"author":2,"featured_media":162317,"comment_status":"open","ping_status":"open","sticky":false,"template":"","format":"standard","meta":{"_links_to":"","_links_to_target":""},"categories":[33433],"tags":[51,37500,3482],"_links":{"self":[{"href":"https:\/\/www.blogdothame.blog.br\/v1\/wp-json\/wp\/v2\/posts\/162316"}],"collection":[{"href":"https:\/\/www.blogdothame.blog.br\/v1\/wp-json\/wp\/v2\/posts"}],"about":[{"href":"https:\/\/www.blogdothame.blog.br\/v1\/wp-json\/wp\/v2\/types\/post"}],"author":[{"embeddable":true,"href":"https:\/\/www.blogdothame.blog.br\/v1\/wp-json\/wp\/v2\/users\/2"}],"replies":[{"embeddable":true,"href":"https:\/\/www.blogdothame.blog.br\/v1\/wp-json\/wp\/v2\/comments?post=162316"}],"version-history":[{"count":1,"href":"https:\/\/www.blogdothame.blog.br\/v1\/wp-json\/wp\/v2\/posts\/162316\/revisions"}],"predecessor-version":[{"id":162321,"href":"https:\/\/www.blogdothame.blog.br\/v1\/wp-json\/wp\/v2\/posts\/162316\/revisions\/162321"}],"wp:featuredmedia":[{"embeddable":true,"href":"https:\/\/www.blogdothame.blog.br\/v1\/wp-json\/wp\/v2\/media\/162317"}],"wp:attachment":[{"href":"https:\/\/www.blogdothame.blog.br\/v1\/wp-json\/wp\/v2\/media?parent=162316"}],"wp:term":[{"taxonomy":"category","embeddable":true,"href":"https:\/\/www.blogdothame.blog.br\/v1\/wp-json\/wp\/v2\/categories?post=162316"},{"taxonomy":"post_tag","embeddable":true,"href":"https:\/\/www.blogdothame.blog.br\/v1\/wp-json\/wp\/v2\/tags?post=162316"}],"curies":[{"name":"wp","href":"https:\/\/api.w.org\/{rel}","templated":true}]}}