{"id":162230,"date":"2024-04-26T14:00:07","date_gmt":"2024-04-26T17:00:07","guid":{"rendered":"https:\/\/www.blogdothame.blog.br\/v1\/?p=162230"},"modified":"2024-04-26T09:43:30","modified_gmt":"2024-04-26T12:43:30","slug":"em-apoio-a-agricultura-familiar-governo-do-estado-entrega-kits-produtivos-para-15-municipios-da-regiao-de-vitoria-da-conquista","status":"publish","type":"post","link":"https:\/\/www.blogdothame.blog.br\/v1\/2024\/04\/26\/em-apoio-a-agricultura-familiar-governo-do-estado-entrega-kits-produtivos-para-15-municipios-da-regiao-de-vitoria-da-conquista\/","title":{"rendered":"Em apoio \u00e0 agricultura familiar, Governo do Estado entrega kits produtivos para 15 munic\u00edpios da regi\u00e3o de Vit\u00f3ria da Conquista"},"content":{"rendered":"<p style=\"text-align: center;\"><strong>Durante o lan\u00e7amento da 53\u00aa Exposi\u00e7\u00e3o Nacional de Agropecu\u00e1ria,<\/strong><\/p>\n<p style=\"text-align: center;\"><strong> foi autorizada, tamb\u00e9m, a pavimenta\u00e7\u00e3o em trechos da BR-415<\/strong><\/p>\n<p><img loading=\"lazy\" class=\"aligncenter  wp-image-162231\" src=\"https:\/\/www.blogdothame.blog.br\/v1\/wp-content\/uploads\/2024\/04\/a-3-1.jpg\" alt=\"\" width=\"407\" height=\"229\" srcset=\"https:\/\/www.blogdothame.blog.br\/v1\/wp-content\/uploads\/2024\/04\/a-3-1.jpg 600w, https:\/\/www.blogdothame.blog.br\/v1\/wp-content\/uploads\/2024\/04\/a-3-1-300x169.jpg 300w\" sizes=\"(max-width: 407px) 100vw, 407px\" \/><\/p>\n<p>Em mais uma manifesta\u00e7\u00e3o de apoio \u00e0 agricultura familiar, o governador Jer\u00f4nimo Rodrigues entregou, na noite desta quinta-feira (25), em Vit\u00f3ria da Conquista, kits produtivos para 15 munic\u00edpios da regi\u00e3o. A iniciativa aconteceu durante o coquetel de lan\u00e7amento da 53\u00aa Exposi\u00e7\u00e3o Nacional de Agropecu\u00e1ria de Vit\u00f3ria da Conquista, no Parque de Exposi\u00e7\u00f5es Teopompo de Almeida, quando ele autorizou, tamb\u00e9m, a restaura\u00e7\u00e3o e pavimenta\u00e7\u00e3o em trechos da BR-415.<\/p>\n<p><img loading=\"lazy\" class=\"aligncenter  wp-image-162232\" src=\"https:\/\/www.blogdothame.blog.br\/v1\/wp-content\/uploads\/2024\/04\/a-4-1.jpg\" alt=\"\" width=\"437\" height=\"246\" srcset=\"https:\/\/www.blogdothame.blog.br\/v1\/wp-content\/uploads\/2024\/04\/a-4-1.jpg 600w, https:\/\/www.blogdothame.blog.br\/v1\/wp-content\/uploads\/2024\/04\/a-4-1-300x169.jpg 300w\" sizes=\"(max-width: 437px) 100vw, 437px\" \/><\/p>\n<p>Para impulsionar a produ\u00e7\u00e3o alimentar na regi\u00e3o, o governador Jer\u00f4nimo Rodrigues entregou 30 motos e 30 tablets para 15 munic\u00edpios do Cons\u00f3rcio Intermunicipal do Vale do Rio Gavi\u00e3o (Civalerg). Os kits produtivos fazem parte de um conv\u00eanio entre a Secretaria de Desenvolvimento Rural (SDR), por meio da Companhia de Desenvolvimento e A\u00e7\u00e3o Regional (CAR) e do Civalerg. Com investimento total de R$ 4,5 milh\u00f5es, a iniciativa vai beneficiar 1.800 fam\u00edlias de Anag\u00e9, Aracatu, Belo Campo, C\u00e2ndido Sales, Cara\u00edbas, Conde\u00faba, Cordeiros, Guajer\u00fa, Lic\u00ednio de Almeida, Maetinga, Malhada de Pedras, Mortugaba, Pirip\u00e1, Presidente J\u00e2nio Quadros e Tremedal.<\/p>\n<p><img loading=\"lazy\" class=\"aligncenter  wp-image-162233\" src=\"https:\/\/www.blogdothame.blog.br\/v1\/wp-content\/uploads\/2024\/04\/a-1-1.jpg\" alt=\"\" width=\"415\" height=\"264\" srcset=\"https:\/\/www.blogdothame.blog.br\/v1\/wp-content\/uploads\/2024\/04\/a-1-1.jpg 600w, https:\/\/www.blogdothame.blog.br\/v1\/wp-content\/uploads\/2024\/04\/a-1-1-300x191.jpg 300w\" sizes=\"(max-width: 415px) 100vw, 415px\" \/><\/p>\n<p>O munic\u00edpio de Pirip\u00e1, distante 120 quil\u00f4metros de Conquista, ganhou dois kits produtivos do Governo do Estado. O investimento foi comemorado pela secret\u00e1ria municipal de Agricultura, Maria Aparecida Dias Brand\u00e3o. \u201cA entrega dessas duas motos \u00e9 de fundamental import\u00e2ncia para o fortalecimento da agricultura familiar, n\u00e3o s\u00f3 nos munic\u00edpios de Pirip\u00e1, mas em todos os munic\u00edpios vizinhos. A agricultura familiar \u00e9 um segmento que precisa ser, cada vez mais, fortalecido, pois \u00e9 do campo que vem o alimento para a cidade. E essas motos v\u00e3o ajudar na assist\u00eancia t\u00e9cnica, com as visitas dos t\u00e9cnicos, das secretarias dos munic\u00edpios, que vai estar diretamente com o produtor e, assim, fortalecer a cadeia do leite, do mel e da mandioca\u201d, pontuou.<\/p>\n<p><!--more--><\/p>\n<p>Durante a agenda, o governador destacou a import\u00e2ncia dessas entregas para a regi\u00e3o sudoeste. \u201cA agricultura familiar ser\u00e1 fortalecida com o apoio dessas motos e tablets. Mas tamb\u00e9m estou aqui, hoje, para dar uma ordem de servi\u00e7o muito importante, que \u00e9 a constru\u00e7\u00e3o de estradas importantes que v\u00e3o atender parte significativa do munic\u00edpio de Vit\u00f3ria da Conquista e ajudar no escoamento da produ\u00e7\u00e3o\u201d, avaliou.<\/p>\n<p>&nbsp;<\/p>\n<p>Rodovias<\/p>\n<p>&nbsp;<\/p>\n<p><img loading=\"lazy\" class=\"aligncenter  wp-image-162234\" src=\"https:\/\/www.blogdothame.blog.br\/v1\/wp-content\/uploads\/2024\/04\/a-5.jpg\" alt=\"\" width=\"457\" height=\"277\" srcset=\"https:\/\/www.blogdothame.blog.br\/v1\/wp-content\/uploads\/2024\/04\/a-5.jpg 600w, https:\/\/www.blogdothame.blog.br\/v1\/wp-content\/uploads\/2024\/04\/a-5-300x182.jpg 300w\" sizes=\"(max-width: 457px) 100vw, 457px\" \/><br \/>\nCom um investimento de 53 milh\u00f5es, a terceira maior cidade da Bahia vai receber 30 quil\u00f4metros de nova pavimenta\u00e7\u00e3o em tr\u00eas trechos da BR-415: anel vi\u00e1rio Leste de Vit\u00f3ria da Conquista \/ Barra do Cho\u00e7a, entroncamento BR-412, com acesso ao Povoado de Cafezal, e o acesso \u00e0 BR-415, tamb\u00e9m em Barra do Cho\u00e7a. A obra \u00e9 capitaneada pela Secretaria de Infraestrutura do Estado da Bahia (Seinfra) e est\u00e1 prevista para ser iniciada no in\u00edcio do m\u00eas de maio, com a estimativa de beneficiar 420 mil pessoas dos munic\u00edpios de Conquista, Barra do Cho\u00e7a, Anag\u00e9, Planalto e Por\u00e7\u00f5es. Tamb\u00e9m foi anunciada a restaura\u00e7\u00e3o imediata da pavimenta\u00e7\u00e3o das vias internas do Parque de Exposi\u00e7\u00f5es de Vit\u00f3ria da Conquista.<\/p>\n<p>&nbsp;<\/p>\n<p>&nbsp;<\/p>\n<p>&nbsp;<\/p>\n<p>53\u00aa Exposi\u00e7\u00e3o Nacional de Agropecu\u00e1ria<\/p>\n<p>&nbsp;<\/p>\n<p>Para estimular o desenvolvimento do setor agr\u00edcola e agropecu\u00e1rio da regi\u00e3o, o Governo da Bahia vai apoiar a 53\u00aa Exposi\u00e7\u00e3o Nacional de Agropecu\u00e1ria de Vit\u00f3ria da Conquista, organizada pela Cooperativa Mista Agropecu\u00e1ria Conquistense (Coopmac). O evento, que acontecer\u00e1 entre 5 e 9 de junho, vai reunir pequenos produtores, empres\u00e1rios do setor e cooperativas agr\u00edcolas.<\/p>\n<p>&nbsp;<\/p>\n<p>As secretarias de Desenvolvimento Rural (SDR) e da Agricultura (Seagri) dever\u00e3o investir quase R$ 1 milh\u00e3o no projeto de apoio \u00e0 exposi\u00e7\u00e3o e na constru\u00e7\u00e3o de espa\u00e7os que impulsionem a divulga\u00e7\u00e3o e amplia\u00e7\u00e3o das possibilidades de comercializa\u00e7\u00e3o dos produtos da agricultura familiar. S\u00e3o eles: a Vila da Agricultura Familiar, com 32 expositores da regi\u00e3o; a Pra\u00e7a das Cervejas Artesanais, com seis quiosques; a Pra\u00e7a Gastron\u00f4mica, com 10 estandes para a comercializa\u00e7\u00e3o da rica culin\u00e1ria regional, e o Restaurante do Emp\u00f3rio, no mesmo modelo daquele que funciona na Ceasa do Rio Vermelho, em Salvador.<\/p>\n<p>&nbsp;<\/p>\n<p>O governador Jer\u00f4nimo Rodrigues garantiu a participa\u00e7\u00e3o no evento. \u201cEsta edi\u00e7\u00e3o da exposi\u00e7\u00e3o nacional vai resgatar a for\u00e7a que a agropecu\u00e1ria tem na produ\u00e7\u00e3o do leite, do caf\u00e9, das principais culturas. Ser\u00e1 uma oportunidade de projetar a regi\u00e3o na esfera nacional\u201d, disse.<\/p>\n<p>&nbsp;<\/p>\n<p>A 53\u00aa Exposi\u00e7\u00e3o Nacional de Agropecu\u00e1ria de Vit\u00f3ria da Conquista ser\u00e1 aberto ao p\u00fablico. Para a seguran\u00e7a do evento, que dever\u00e1 reunir mais de 50 mil pessoas, est\u00e3o garantidos 535 policiais militares.<\/p>\n<p>(Fotos Mateus Landim GOVBA)<\/p>\n","protected":false},"excerpt":{"rendered":"<p>Durante o lan\u00e7amento da 53\u00aa Exposi\u00e7\u00e3o Nacional de Agropecu\u00e1ria, foi autorizada, tamb\u00e9m, a pavimenta\u00e7\u00e3o em trechos da BR-415 Em mais uma manifesta\u00e7\u00e3o de apoio \u00e0 agricultura familiar, o governador Jer\u00f4nimo Rodrigues entregou, na noite desta quinta-feira (25), em Vit\u00f3ria da Conquista, kits produtivos para 15 munic\u00edpios da regi\u00e3o. A iniciativa aconteceu durante o coquetel de [&hellip;]<\/p>\n","protected":false},"author":2,"featured_media":162232,"comment_status":"open","ping_status":"open","sticky":false,"template":"","format":"standard","meta":{"_links_to":"","_links_to_target":""},"categories":[33432],"tags":[37475,16,12213,37474,9403,625],"_links":{"self":[{"href":"https:\/\/www.blogdothame.blog.br\/v1\/wp-json\/wp\/v2\/posts\/162230"}],"collection":[{"href":"https:\/\/www.blogdothame.blog.br\/v1\/wp-json\/wp\/v2\/posts"}],"about":[{"href":"https:\/\/www.blogdothame.blog.br\/v1\/wp-json\/wp\/v2\/types\/post"}],"author":[{"embeddable":true,"href":"https:\/\/www.blogdothame.blog.br\/v1\/wp-json\/wp\/v2\/users\/2"}],"replies":[{"embeddable":true,"href":"https:\/\/www.blogdothame.blog.br\/v1\/wp-json\/wp\/v2\/comments?post=162230"}],"version-history":[{"count":1,"href":"https:\/\/www.blogdothame.blog.br\/v1\/wp-json\/wp\/v2\/posts\/162230\/revisions"}],"predecessor-version":[{"id":162235,"href":"https:\/\/www.blogdothame.blog.br\/v1\/wp-json\/wp\/v2\/posts\/162230\/revisions\/162235"}],"wp:featuredmedia":[{"embeddable":true,"href":"https:\/\/www.blogdothame.blog.br\/v1\/wp-json\/wp\/v2\/media\/162232"}],"wp:attachment":[{"href":"https:\/\/www.blogdothame.blog.br\/v1\/wp-json\/wp\/v2\/media?parent=162230"}],"wp:term":[{"taxonomy":"category","embeddable":true,"href":"https:\/\/www.blogdothame.blog.br\/v1\/wp-json\/wp\/v2\/categories?post=162230"},{"taxonomy":"post_tag","embeddable":true,"href":"https:\/\/www.blogdothame.blog.br\/v1\/wp-json\/wp\/v2\/tags?post=162230"}],"curies":[{"name":"wp","href":"https:\/\/api.w.org\/{rel}","templated":true}]}}