{"id":162199,"date":"2024-04-26T07:49:12","date_gmt":"2024-04-26T10:49:12","guid":{"rendered":"https:\/\/www.blogdothame.blog.br\/v1\/?p=162199"},"modified":"2024-04-26T07:50:17","modified_gmt":"2024-04-26T10:50:17","slug":"solenidade-comemora-os-50-anos-do-campus-da-uesc-com-outorga-de-titulos-de-doutor-honoris-causa-e-professor-emerito","status":"publish","type":"post","link":"https:\/\/www.blogdothame.blog.br\/v1\/2024\/04\/26\/solenidade-comemora-os-50-anos-do-campus-da-uesc-com-outorga-de-titulos-de-doutor-honoris-causa-e-professor-emerito\/","title":{"rendered":"Solenidade comemora  50 anos do Campus da Uesc com outorga de t\u00edtulos de Doutor Honoris Causa e Professor Em\u00e9rito"},"content":{"rendered":"<p><img loading=\"lazy\" class=\"aligncenter wp-image-162200\" src=\"https:\/\/www.blogdothame.blog.br\/v1\/wp-content\/uploads\/2024\/04\/25-04-24-50-anos-do-Campus-Foto-Julia-Barreto-207.jpg\" alt=\"\" width=\"407\" height=\"271\" srcset=\"https:\/\/www.blogdothame.blog.br\/v1\/wp-content\/uploads\/2024\/04\/25-04-24-50-anos-do-Campus-Foto-Julia-Barreto-207.jpg 500w, https:\/\/www.blogdothame.blog.br\/v1\/wp-content\/uploads\/2024\/04\/25-04-24-50-anos-do-Campus-Foto-Julia-Barreto-207-300x200.jpg 300w\" sizes=\"(max-width: 407px) 100vw, 407px\" \/>A comunidade acad\u00eamica, autoridades e convidados celebraram, nesta quinta-feira (25), com emo\u00e7\u00e3o, os 50 anos de funda\u00e7\u00e3o do Campus Professor Soane Nazar\u00e9 de Andrade, da Universidade Estadual de Santa Cruz (Uesc). As comemora\u00e7\u00f5es tiveram in\u00edcio com o hasteamento das bandeiras acompanhado pela Banda de M\u00fasica do 2\u00ba Batalh\u00e3o de Ensino, Instru\u00e7\u00e3o e Capacita\u00e7\u00e3o (Beic), seguido do descerramento de placas comemorativas.<\/p>\n<p>&nbsp;<\/p>\n<p>No audit\u00f3rio do Centro de Arte e Cultura da Universidade, foram exibidos document\u00e1rios sobre a hist\u00f3ria da Uesc, produzidos pela Assessoria de Comunica\u00e7\u00e3o (Ascom) e pela TV Uesc \u2013 projeto do curso de Comunica\u00e7\u00e3o Social. Em seguida, foi realizada a entrega dos t\u00edtulos de Professor Em\u00e9rito ao diretor-geral da Fespi, Aur\u00e9lio Farias de Mac\u00eado (1985-1988), e \u00e0 reitora Ad\u00e9lia Maria Carvalho de Melo Pinheiro (2012-2019) e de Doutor Honoris Causa.<\/p>\n<p><img loading=\"lazy\" class=\"aligncenter wp-image-162201\" src=\"https:\/\/www.blogdothame.blog.br\/v1\/wp-content\/uploads\/2024\/04\/Nazal-Dr-Honoris-Causa-Uesc-50-anos-Julia-Barreto.jpeg\" alt=\"\" width=\"303\" height=\"404\" srcset=\"https:\/\/www.blogdothame.blog.br\/v1\/wp-content\/uploads\/2024\/04\/Nazal-Dr-Honoris-Causa-Uesc-50-anos-Julia-Barreto.jpeg 400w, https:\/\/www.blogdothame.blog.br\/v1\/wp-content\/uploads\/2024\/04\/Nazal-Dr-Honoris-Causa-Uesc-50-anos-Julia-Barreto-225x300.jpeg 225w\" sizes=\"(max-width: 303px) 100vw, 303px\" \/><\/p>\n<p>A sess\u00e3o solene do Conselho Universit\u00e1rio tamb\u00e9m outorgou os t\u00edtulos de Doutor Honoris Causa ao m\u00fasico Adalmiro Le\u00f4ncio da Silva (Sabar\u00e1), ao fot\u00f3grafo e memorialista Jos\u00e9 Nazal Pacheco Soub e ao artista Cl\u00f3vis de Figueiredo Leite (Koc\u00f3) \u2013 in memoriam, criador da Banda Lord\u00e3o.\u00a0 A cerim\u00f4nia contou com a participa\u00e7\u00e3o do irm\u00e3o de Koc\u00f3, Jos\u00e9 Jorge Leite, da vi\u00fava S\u00f4nia Leite e as cantoras da Banda Lord\u00e3o, Cris Mel e Tina Dias.<\/p>\n<p><img loading=\"lazy\" class=\"aligncenter wp-image-162202\" src=\"https:\/\/www.blogdothame.blog.br\/v1\/wp-content\/uploads\/2024\/04\/Sabara-Dr-Honoris-Causa-Uesc-50-ano-Julia-Barreto-1.jpeg\" alt=\"\" width=\"366\" height=\"489\" srcset=\"https:\/\/www.blogdothame.blog.br\/v1\/wp-content\/uploads\/2024\/04\/Sabara-Dr-Honoris-Causa-Uesc-50-ano-Julia-Barreto-1.jpeg 400w, https:\/\/www.blogdothame.blog.br\/v1\/wp-content\/uploads\/2024\/04\/Sabara-Dr-Honoris-Causa-Uesc-50-ano-Julia-Barreto-1-225x300.jpeg 225w\" sizes=\"(max-width: 366px) 100vw, 366px\" \/><\/p>\n<p>O reitor e presidente do Consu, Alessandro Fernandes, agradeceu aos conselheiros pela realiza\u00e7\u00e3o da Reuni\u00e3o solene para entrega dos t\u00edtulos de Professor Em\u00e9rito Doutor Honoris Causa. Ele frisou que foram descerradas uma placa alusiva ao 50 anos do Campus e outra em homenagem aos fundadores com o agradecimentos a Comiss\u00e3o Executiva do Plano da Lavoura Cacaueira Ceplac, respons\u00e1vel pela constru\u00e7\u00e3o desse campus e ao saudoso agricultor Manoel Nabuco e sua fam\u00edlia que doaram 14 hectares, desta \u00e1rea, ajudando, junto com todos os pioneiros, a criar o sonho de uma Universidade.<\/p>\n<p><!--more--><\/p>\n<p>Agradeceu tamb\u00e9m, a cada docente, a cada t\u00e9cnico, a cada discente que estudou na Uesc, a cada pedreiro, a cada ajudante de obra que ajudou a construir este Campos. &#8220;Somos uma institui\u00e7\u00e3o plural e diversa porque temos a grandeza de reconhecer que se constr\u00f3i uma universidade grande se reconhecemos a grandeza da contribui\u00e7\u00e3o de todos.&#8221;<\/p>\n<p>&nbsp;<\/p>\n<p>Ressaltou que &#8220;hoje, na regi\u00e3o Sul da Bahia, temos a Universidade Federal do Sul da Bahia, os Institutos Federais da Bahia e o IF-Baiano, al\u00e9m de uma variedade faculdades privadas, todas tendo em comum o fato de possu\u00edrem em seus quadros docente e de t\u00e9cnicos, profissionais formados pela nossa Uesc.\u00a0S\u00e3o mais de 40 mil pessoas graduadas pela Uesc, mais de 2.900 m\u00e9dicos diplomados pelo nosso Curso de Medicina e mais de 350 doutores por n\u00f3s titulados. Portanto, a Universidade Estadual de Santa Cruz, a maior inven\u00e7\u00e3o da sociedade grapi\u00fana, est\u00e1 comemorando 50 anos de transforma\u00e7\u00e3o da vida das pessoas, de transforma\u00e7\u00e3o da nossa regi\u00e3o permitindo que pessoas possam olhar para o horizonte com orgulho do passado, com orgulho do presente, com muito mais orgulho do futuro porque somos Universidade Estadual de Santa Cruz um patrim\u00f4nio da sociedade baiana e o orgulho de todos n\u00f3s.&#8221;<\/p>\n<p><img loading=\"lazy\" class=\"aligncenter wp-image-162203\" src=\"https:\/\/www.blogdothame.blog.br\/v1\/wp-content\/uploads\/2024\/04\/In-Memorian-Julia-Barreto.jpeg\" alt=\"\" width=\"356\" height=\"267\" srcset=\"https:\/\/www.blogdothame.blog.br\/v1\/wp-content\/uploads\/2024\/04\/In-Memorian-Julia-Barreto.jpeg 400w, https:\/\/www.blogdothame.blog.br\/v1\/wp-content\/uploads\/2024\/04\/In-Memorian-Julia-Barreto-300x225.jpeg 300w\" sizes=\"(max-width: 356px) 100vw, 356px\" \/><\/p>\n<p>O Campus da Uesc foi inaugurado em 1974, sendo que que parte do terreno foi doada pelo agricultor Joaquim Nabuco, e o restante foi adquirido pela Ceplac (Comiss\u00e3o Executiva do Plano da Lavoura Cacaueira), com aporte financeiro tamb\u00e9m do extinto Instituto de Cacau da Bahia (ICB).\u00a0 As comemora\u00e7\u00f5es alusivas ao transcurso dos 50 anos do Campus da Uesc prosseguem at\u00e9 o final do ano.<\/p>\n<p>(Fotos Julia Barreto-Ascom Uesc)<\/p>\n<p>&nbsp;<\/p>\n","protected":false},"excerpt":{"rendered":"<p>A comunidade acad\u00eamica, autoridades e convidados celebraram, nesta quinta-feira (25), com emo\u00e7\u00e3o, os 50 anos de funda\u00e7\u00e3o do Campus Professor Soane Nazar\u00e9 de Andrade, da Universidade Estadual de Santa Cruz (Uesc). As comemora\u00e7\u00f5es tiveram in\u00edcio com o hasteamento das bandeiras acompanhado pela Banda de M\u00fasica do 2\u00ba Batalh\u00e3o de Ensino, Instru\u00e7\u00e3o e Capacita\u00e7\u00e3o (Beic), seguido [&hellip;]<\/p>\n","protected":false},"author":2,"featured_media":162200,"comment_status":"open","ping_status":"open","sticky":false,"template":"","format":"standard","meta":{"_links_to":"","_links_to_target":""},"categories":[33432],"tags":[3975,81,25776,37467,8611,36140,22196,25],"_links":{"self":[{"href":"https:\/\/www.blogdothame.blog.br\/v1\/wp-json\/wp\/v2\/posts\/162199"}],"collection":[{"href":"https:\/\/www.blogdothame.blog.br\/v1\/wp-json\/wp\/v2\/posts"}],"about":[{"href":"https:\/\/www.blogdothame.blog.br\/v1\/wp-json\/wp\/v2\/types\/post"}],"author":[{"embeddable":true,"href":"https:\/\/www.blogdothame.blog.br\/v1\/wp-json\/wp\/v2\/users\/2"}],"replies":[{"embeddable":true,"href":"https:\/\/www.blogdothame.blog.br\/v1\/wp-json\/wp\/v2\/comments?post=162199"}],"version-history":[{"count":2,"href":"https:\/\/www.blogdothame.blog.br\/v1\/wp-json\/wp\/v2\/posts\/162199\/revisions"}],"predecessor-version":[{"id":162205,"href":"https:\/\/www.blogdothame.blog.br\/v1\/wp-json\/wp\/v2\/posts\/162199\/revisions\/162205"}],"wp:featuredmedia":[{"embeddable":true,"href":"https:\/\/www.blogdothame.blog.br\/v1\/wp-json\/wp\/v2\/media\/162200"}],"wp:attachment":[{"href":"https:\/\/www.blogdothame.blog.br\/v1\/wp-json\/wp\/v2\/media?parent=162199"}],"wp:term":[{"taxonomy":"category","embeddable":true,"href":"https:\/\/www.blogdothame.blog.br\/v1\/wp-json\/wp\/v2\/categories?post=162199"},{"taxonomy":"post_tag","embeddable":true,"href":"https:\/\/www.blogdothame.blog.br\/v1\/wp-json\/wp\/v2\/tags?post=162199"}],"curies":[{"name":"wp","href":"https:\/\/api.w.org\/{rel}","templated":true}]}}