{"id":162131,"date":"2024-04-25T09:30:40","date_gmt":"2024-04-25T12:30:40","guid":{"rendered":"https:\/\/www.blogdothame.blog.br\/v1\/?p=162131"},"modified":"2024-04-24T17:46:48","modified_gmt":"2024-04-24T20:46:48","slug":"sesi-continuum-abre-inscricoes-para-curso-gratuito-sobre-a-criminalizacao-do-bullying-e-do-cyberbullying","status":"publish","type":"post","link":"https:\/\/www.blogdothame.blog.br\/v1\/2024\/04\/25\/sesi-continuum-abre-inscricoes-para-curso-gratuito-sobre-a-criminalizacao-do-bullying-e-do-cyberbullying\/","title":{"rendered":"SESI Continuum abre inscri\u00e7\u00f5es para curso gratuito  sobre a criminaliza\u00e7\u00e3o do bullying e do cyberbullying"},"content":{"rendered":"<div id=\"attachment_157496\" style=\"width: 358px\" class=\"wp-caption aligncenter\"><img aria-describedby=\"caption-attachment-157496\" loading=\"lazy\" class=\" wp-image-157496\" src=\"https:\/\/www.blogdothame.blog.br\/v1\/wp-content\/uploads\/2023\/12\/Escola-SESI-Adonias-Filho-Ilheus-Itabuna-Foto_Alfredo-Filho_Coperphoto_Sistema-FIEB-1.jpg\" alt=\"\" width=\"348\" height=\"202\" srcset=\"https:\/\/www.blogdothame.blog.br\/v1\/wp-content\/uploads\/2023\/12\/Escola-SESI-Adonias-Filho-Ilheus-Itabuna-Foto_Alfredo-Filho_Coperphoto_Sistema-FIEB-1.jpg 427w, https:\/\/www.blogdothame.blog.br\/v1\/wp-content\/uploads\/2023\/12\/Escola-SESI-Adonias-Filho-Ilheus-Itabuna-Foto_Alfredo-Filho_Coperphoto_Sistema-FIEB-1-300x174.jpg 300w\" sizes=\"(max-width: 348px) 100vw, 348px\" \/><p id=\"caption-attachment-157496\" class=\"wp-caption-text\">Ilh\u00e9us, BA, Brasil, 02.06.2017.<br \/>Entrega da Unidade Integrada Robson Braga de Andrade &#8211; Unidade Sul.<br \/>Foto: Alfredo Filho\/Coperphoto\/Sistema FIEB<br \/>Esta fotografia oficial do Sistema FIEB est\u00e1 sendo disponibilizada apenas para publica\u00e7\u00e3o por organiza\u00e7\u00f5es de not\u00edcias e assessorias de comunica\u00e7\u00e3o ou para impress\u00e3o de uso pessoal pelo sujeito (s) da fotografia. A fotografia n\u00e3o pode ser manipulada de qualquer maneira e n\u00e3o pode ser utilizada em materiais comerciais ou pol\u00edticos, an\u00fancios, produtos e promo\u00e7\u00f5es. Sendo obrigat\u00f3ria a divulga\u00e7\u00e3o do cr\u00e9dito do autor da fotografia junto com a pr\u00f3pria imagem.<\/p><\/div>\n<p>Com a entrada em vigor da Lei 14.811\/2024, em janeiro deste ano, a pr\u00e1tica de bullying e cyberbullying passou a ser considerada crime. As penas v\u00e3o desde multa a reclus\u00e3o. Diante das orienta\u00e7\u00f5es trazidas pela nova lei, o Servi\u00e7o Social da Ind\u00fastria (SESI Bahia), por meio da Escola SESI Continuum, bra\u00e7o do SESI voltado para a capacita\u00e7\u00e3o de profissionais de educa\u00e7\u00e3o, est\u00e1 com inscri\u00e7\u00f5es abertas para o curso\u00a0Bullying e Cyberbullying:\u00a0\u00a0Vis\u00e3o geral da Lei 14.811\/2024.<\/p>\n<p>&nbsp;<\/p>\n<p>Com dura\u00e7\u00e3o de duas horas, o curso \u00e9 gratuito e \u00e9 voltado para docentes, respons\u00e1veis e pais de alunos e ser\u00e1 ministrado pelo advogado Fabian Maia, especialista no tema. Disponibilizado on line, na plataforma de cursos da Escola SESI Continuum, o curso tem 2 h de dura\u00e7\u00e3o, \u00e9 autoinstrucional e \u00e9 composto de oito videoaulas de 15 minutos de dura\u00e7\u00e3o. As inscri\u00e7\u00f5es j\u00e1 est\u00e3o abertas e devem ser feitas pela internet neste\u00a0link. O prazo para realiza\u00e7\u00e3o do curso \u00e9 de 30 dias, a partir da data de inscri\u00e7\u00e3o.<\/p>\n<p><!--more--><\/p>\n<p>Gerente da Escola SESI Continuum, Elisabete Mercadante explica que o curso foi constru\u00eddo com base em uma pesquisa realizada com mais de 500 educadores, pais e respons\u00e1veis por estudantes de escolas da Bahia e da Rede SESI de Educa\u00e7\u00e3o. \u201cConstru\u00edmos o conte\u00fado a partir da escuta ativa do p\u00fablico-alvo e o objetivo \u00e9 orientar e mitigar os casos de bullying e cyberbullying no ambiente da escola e assim se evitar a criminaliza\u00e7\u00e3o. O SESI entende a import\u00e2ncia desta discuss\u00e3o e por esta raz\u00e3o criou este curso que est\u00e1 aberto a todos gratuitamente na nossa plataforma\u201d.<\/p>\n","protected":false},"excerpt":{"rendered":"<p>Com a entrada em vigor da Lei 14.811\/2024, em janeiro deste ano, a pr\u00e1tica de bullying e cyberbullying passou a ser considerada crime. As penas v\u00e3o desde multa a reclus\u00e3o. Diante das orienta\u00e7\u00f5es trazidas pela nova lei, o Servi\u00e7o Social da Ind\u00fastria (SESI Bahia), por meio da Escola SESI Continuum, bra\u00e7o do SESI voltado para [&hellip;]<\/p>\n","protected":false},"author":2,"featured_media":157496,"comment_status":"open","ping_status":"open","sticky":false,"template":"","format":"standard","meta":{"_links_to":"","_links_to_target":""},"categories":[33434],"tags":[37447,22847],"_links":{"self":[{"href":"https:\/\/www.blogdothame.blog.br\/v1\/wp-json\/wp\/v2\/posts\/162131"}],"collection":[{"href":"https:\/\/www.blogdothame.blog.br\/v1\/wp-json\/wp\/v2\/posts"}],"about":[{"href":"https:\/\/www.blogdothame.blog.br\/v1\/wp-json\/wp\/v2\/types\/post"}],"author":[{"embeddable":true,"href":"https:\/\/www.blogdothame.blog.br\/v1\/wp-json\/wp\/v2\/users\/2"}],"replies":[{"embeddable":true,"href":"https:\/\/www.blogdothame.blog.br\/v1\/wp-json\/wp\/v2\/comments?post=162131"}],"version-history":[{"count":1,"href":"https:\/\/www.blogdothame.blog.br\/v1\/wp-json\/wp\/v2\/posts\/162131\/revisions"}],"predecessor-version":[{"id":162132,"href":"https:\/\/www.blogdothame.blog.br\/v1\/wp-json\/wp\/v2\/posts\/162131\/revisions\/162132"}],"wp:featuredmedia":[{"embeddable":true,"href":"https:\/\/www.blogdothame.blog.br\/v1\/wp-json\/wp\/v2\/media\/157496"}],"wp:attachment":[{"href":"https:\/\/www.blogdothame.blog.br\/v1\/wp-json\/wp\/v2\/media?parent=162131"}],"wp:term":[{"taxonomy":"category","embeddable":true,"href":"https:\/\/www.blogdothame.blog.br\/v1\/wp-json\/wp\/v2\/categories?post=162131"},{"taxonomy":"post_tag","embeddable":true,"href":"https:\/\/www.blogdothame.blog.br\/v1\/wp-json\/wp\/v2\/tags?post=162131"}],"curies":[{"name":"wp","href":"https:\/\/api.w.org\/{rel}","templated":true}]}}