{"id":162120,"date":"2024-04-24T17:32:13","date_gmt":"2024-04-24T20:32:13","guid":{"rendered":"https:\/\/www.blogdothame.blog.br\/v1\/?p=162120"},"modified":"2024-04-24T17:32:13","modified_gmt":"2024-04-24T20:32:13","slug":"em-camacari-jeronimo-autoriza-restauracao-de-19-vias-no-polo-industrial-e-o-inicio-dos-cursos-de-qualificacao-para-a-selecao-da-byd","status":"publish","type":"post","link":"https:\/\/www.blogdothame.blog.br\/v1\/2024\/04\/24\/em-camacari-jeronimo-autoriza-restauracao-de-19-vias-no-polo-industrial-e-o-inicio-dos-cursos-de-qualificacao-para-a-selecao-da-byd\/","title":{"rendered":"Em Cama\u00e7ari, Jer\u00f4nimo autoriza restaura\u00e7\u00e3o de 19 vias no Polo Industrial e o in\u00edcio dos cursos de qualifica\u00e7\u00e3o para a sele\u00e7\u00e3o da BYD"},"content":{"rendered":"<p><img loading=\"lazy\" class=\"aligncenter  wp-image-162121\" src=\"https:\/\/www.blogdothame.blog.br\/v1\/wp-content\/uploads\/2024\/04\/Fotos-Thuane-MariaGOVBA-2.jpeg\" alt=\"\" width=\"398\" height=\"265\" srcset=\"https:\/\/www.blogdothame.blog.br\/v1\/wp-content\/uploads\/2024\/04\/Fotos-Thuane-MariaGOVBA-2.jpeg 600w, https:\/\/www.blogdothame.blog.br\/v1\/wp-content\/uploads\/2024\/04\/Fotos-Thuane-MariaGOVBA-2-300x200.jpeg 300w\" sizes=\"(max-width: 398px) 100vw, 398px\" \/><\/p>\n<p>Na manh\u00e3 desta quarta-feira (24), em Cama\u00e7ari, o governador Jer\u00f4nimo Rodrigues anunciou uma s\u00e9rie de iniciativas destinadas ao desenvolvimento econ\u00f4mico e social do munic\u00edpio. Na ocasi\u00e3o, foi assinada uma ordem de servi\u00e7o \u00a0para a restaura\u00e7\u00e3o de 19 vias no Polo Industrial de Cama\u00e7ari (PIC), e autorizado o in\u00edcio dos cursos de qualifica\u00e7\u00e3o para o processo de sele\u00e7\u00e3o da BYD, visando capacitar a m\u00e3o de obra local.<\/p>\n<p><img loading=\"lazy\" class=\"aligncenter  wp-image-162122\" src=\"https:\/\/www.blogdothame.blog.br\/v1\/wp-content\/uploads\/2024\/04\/Fotos-Thuane-MariaGOVBA-4.jpeg\" alt=\"\" width=\"351\" height=\"234\" srcset=\"https:\/\/www.blogdothame.blog.br\/v1\/wp-content\/uploads\/2024\/04\/Fotos-Thuane-MariaGOVBA-4.jpeg 600w, https:\/\/www.blogdothame.blog.br\/v1\/wp-content\/uploads\/2024\/04\/Fotos-Thuane-MariaGOVBA-4-300x200.jpeg 300w\" sizes=\"(max-width: 351px) 100vw, 351px\" \/><br \/>\nA requalifica\u00e7\u00e3o das vias no Polo Industrial de Cama\u00e7ari ir\u00e1 melhorar n\u00e3o apenas a infraestrutura vi\u00e1ria essencial para o setor industrial local, mas tamb\u00e9m fortalecer esse potencial na regi\u00e3o. Com um investimento estimado de mais de R$ 23 milh\u00f5es, as melhorias abrangem uma extens\u00e3o significativa de vias, proporcionando condi\u00e7\u00f5es adequadas para o transporte de materiais, insumos e produtos acabados. A infraestrutura revitalizada melhora competitividade das empresas locais, facilitando o fluxo de mercadorias e contribuindo para o crescimento econ\u00f4mico sustent\u00e1vel de Cama\u00e7ari e regi\u00f5es circunvizinhas. &#8220;Trazemos aqui essa entrega concreta, que inclusive deve beneficiar outros munic\u00edpios&#8221;, afirmou o governador.<\/p>\n<p><img loading=\"lazy\" class=\"aligncenter  wp-image-162123\" src=\"https:\/\/www.blogdothame.blog.br\/v1\/wp-content\/uploads\/2024\/04\/Fotos-Thuane-MariaGOVBA-1.jpeg\" alt=\"\" width=\"320\" height=\"213\" srcset=\"https:\/\/www.blogdothame.blog.br\/v1\/wp-content\/uploads\/2024\/04\/Fotos-Thuane-MariaGOVBA-1.jpeg 600w, https:\/\/www.blogdothame.blog.br\/v1\/wp-content\/uploads\/2024\/04\/Fotos-Thuane-MariaGOVBA-1-300x200.jpeg 300w\" sizes=\"(max-width: 320px) 100vw, 320px\" \/><br \/>\nFoi autorizada ainda a pavimenta\u00e7\u00e3o de um trecho da BA-530, entre a Via Marginal e a Via Atl\u00e2ntica, com um investimento aproximado de R$ 3 milh\u00f5es. Al\u00e9m de Cama\u00e7ari, os munic\u00edpios beneficiados incluem Pojuca, Dias d&#8217;\u00c1vila, Mata de S\u00e3o Jo\u00e3o e Lauro de Freitas.<\/p>\n<p><!--more--><\/p>\n<p>No que diz respeito \u00e0 sele\u00e7\u00e3o para os cursos de qualifica\u00e7\u00e3o da BYD, que ter\u00e3o in\u00edcio em 6 de maio de 2024, espera-se atender 500 pessoas em quatro tipos de cursos: Operador de Produ\u00e7\u00e3o Veicular, Auxiliar de Linha de Produ\u00e7\u00e3o, Inspetor de Qualidade e Mec\u00e2nico de Manuten\u00e7\u00e3o de M\u00e1quinas Industriais. Os crit\u00e9rios de participa\u00e7\u00e3o incluem ordem de inscri\u00e7\u00e3o, ex-funcion\u00e1rios do Complexo Ford, residentes em Cama\u00e7ari, ensino m\u00e9dio completo, al\u00e9m de propor\u00e7\u00e3o de g\u00eanero e p\u00fablico PCD. Com cerca de 52.785 inscritos at\u00e9 o momento e um investimento previsto de aproximadamente R$ 2 milh\u00f5es, espera-se fortalecer o mercado de trabalho local e impulsionar o desenvolvimento econ\u00f4mico da regi\u00e3o.<\/p>\n<p><img loading=\"lazy\" class=\"aligncenter  wp-image-162124\" src=\"https:\/\/www.blogdothame.blog.br\/v1\/wp-content\/uploads\/2024\/04\/Fotos-Thuane-MariaGOVBA-3.jpeg\" alt=\"\" width=\"365\" height=\"243\" srcset=\"https:\/\/www.blogdothame.blog.br\/v1\/wp-content\/uploads\/2024\/04\/Fotos-Thuane-MariaGOVBA-3.jpeg 600w, https:\/\/www.blogdothame.blog.br\/v1\/wp-content\/uploads\/2024\/04\/Fotos-Thuane-MariaGOVBA-3-300x200.jpeg 300w\" sizes=\"(max-width: 365px) 100vw, 365px\" \/><br \/>\nJer\u00f4nimo ressaltou \u00a0as belezas naturais e o potencial tur\u00edstico da regi\u00e3o e falou da import\u00e2ncia do comprometimento com a qualidade dos servi\u00e7os oferecidos. &#8220;Os investimentos aqui combinados de forma\u00e7\u00e3o de m\u00e3o de obra e de capacita\u00e7\u00e3o \u00a0v\u00e3o alinhando, naturalmente, as belas praias com um servi\u00e7o de qualidade&#8221;, pontuou.<\/p>\n<p>No evento estiveram presentes \u00a0os secret\u00e1rios Bruno Monteiro (Secult), Davidson Magalh\u00e3es (Setre), \u00c2ngelo Almeida (SDE), S\u00e9rgio Brito (Seinfra), Maur\u00edcio Bacelar (Setur), Marcelo Werner (SSP), al\u00e9m de Carlos Henrique Passos, presidente da Fieb, Roberta Sampaio, coordenadora executiva de fortalecimento do SUS na Sesab e o presidente da CAR, Jeandro Ribeiro.<\/p>\n<p>Colabora\u00e7\u00e3o<\/p>\n<p>As novidades foram divulgadas durante uma reuni\u00e3o com l\u00edderes empresariais e representantes locais. Durante o encontro, foram discutidos assuntos importantes para o desenvolvimento da Regi\u00e3o Metropolitana de Salvador (RMS), incluindo infraestrutura, seguran\u00e7a, turismo, cultura, com\u00e9rcio, sa\u00fade e educa\u00e7\u00e3o.<\/p>\n<p>&#8220;Me comprometi aqui com os empres\u00e1rios do setor comercial, de turismo ,de restaurantes, bares, pousadas, al\u00e9m do movimento aqui de mulheres empres\u00e1rias, que \u00e9 muito forte, para Cama\u00e7ari \u00a0continuar sendo esse munic\u00edpio que acolhe as pessoas e que gera renda e emprego&#8221;, declarou o governador.<\/p>\n<p>Carlos Alfano, diretor do Conselho de Administra\u00e7\u00e3o do Comit\u00ea de Fomento Industrial de Cama\u00e7ari (Cofic), destacou a import\u00e2ncia da colabora\u00e7\u00e3o entre o setor p\u00fablico e privado para impulsionar o crescimento sustent\u00e1vel e a qualidade de vida dos moradores da regi\u00e3o, destacando. &#8220;\u00c9 uma parceria estrat\u00e9gica essencial para concretizar projetos que promovam o desenvolvimento econ\u00f4mico e social de maneira equilibrada e duradoura.&#8221;<\/p>\n<p>Fotos Thuane Maria GOVBA<\/p>\n","protected":false},"excerpt":{"rendered":"<p>Na manh\u00e3 desta quarta-feira (24), em Cama\u00e7ari, o governador Jer\u00f4nimo Rodrigues anunciou uma s\u00e9rie de iniciativas destinadas ao desenvolvimento econ\u00f4mico e social do munic\u00edpio. Na ocasi\u00e3o, foi assinada uma ordem de servi\u00e7o \u00a0para a restaura\u00e7\u00e3o de 19 vias no Polo Industrial de Cama\u00e7ari (PIC), e autorizado o in\u00edcio dos cursos de qualifica\u00e7\u00e3o para o processo [&hellip;]<\/p>\n","protected":false},"author":2,"featured_media":162121,"comment_status":"open","ping_status":"open","sticky":false,"template":"","format":"standard","meta":{"_links_to":"","_links_to_target":""},"categories":[33433],"tags":[35055,1547,12213,2559,37445],"_links":{"self":[{"href":"https:\/\/www.blogdothame.blog.br\/v1\/wp-json\/wp\/v2\/posts\/162120"}],"collection":[{"href":"https:\/\/www.blogdothame.blog.br\/v1\/wp-json\/wp\/v2\/posts"}],"about":[{"href":"https:\/\/www.blogdothame.blog.br\/v1\/wp-json\/wp\/v2\/types\/post"}],"author":[{"embeddable":true,"href":"https:\/\/www.blogdothame.blog.br\/v1\/wp-json\/wp\/v2\/users\/2"}],"replies":[{"embeddable":true,"href":"https:\/\/www.blogdothame.blog.br\/v1\/wp-json\/wp\/v2\/comments?post=162120"}],"version-history":[{"count":1,"href":"https:\/\/www.blogdothame.blog.br\/v1\/wp-json\/wp\/v2\/posts\/162120\/revisions"}],"predecessor-version":[{"id":162125,"href":"https:\/\/www.blogdothame.blog.br\/v1\/wp-json\/wp\/v2\/posts\/162120\/revisions\/162125"}],"wp:featuredmedia":[{"embeddable":true,"href":"https:\/\/www.blogdothame.blog.br\/v1\/wp-json\/wp\/v2\/media\/162121"}],"wp:attachment":[{"href":"https:\/\/www.blogdothame.blog.br\/v1\/wp-json\/wp\/v2\/media?parent=162120"}],"wp:term":[{"taxonomy":"category","embeddable":true,"href":"https:\/\/www.blogdothame.blog.br\/v1\/wp-json\/wp\/v2\/categories?post=162120"},{"taxonomy":"post_tag","embeddable":true,"href":"https:\/\/www.blogdothame.blog.br\/v1\/wp-json\/wp\/v2\/tags?post=162120"}],"curies":[{"name":"wp","href":"https:\/\/api.w.org\/{rel}","templated":true}]}}