{"id":162056,"date":"2024-04-22T08:00:15","date_gmt":"2024-04-22T11:00:15","guid":{"rendered":"https:\/\/www.blogdothame.blog.br\/v1\/?p=162056"},"modified":"2024-04-22T10:12:41","modified_gmt":"2024-04-22T13:12:41","slug":"enquete-mostra-augusto-castro-e-tom-ribeiro-como-melhor-dupla-nas-eleicoes-em-itabuna","status":"publish","type":"post","link":"https:\/\/www.blogdothame.blog.br\/v1\/2024\/04\/22\/enquete-mostra-augusto-castro-e-tom-ribeiro-como-melhor-dupla-nas-eleicoes-em-itabuna\/","title":{"rendered":"Enquete mostra Augusto Castro e Tom Ribeiro como melhor dupla nas elei\u00e7\u00f5es em Itabuna"},"content":{"rendered":"<p><img loading=\"lazy\" class=\"aligncenter wp-image-162057\" src=\"https:\/\/www.blogdothame.blog.br\/v1\/wp-content\/uploads\/2024\/04\/Tom-e-Augusto.jpg\" alt=\"\" width=\"479\" height=\"370\" srcset=\"https:\/\/www.blogdothame.blog.br\/v1\/wp-content\/uploads\/2024\/04\/Tom-e-Augusto.jpg 600w, https:\/\/www.blogdothame.blog.br\/v1\/wp-content\/uploads\/2024\/04\/Tom-e-Augusto-300x232.jpg 300w\" sizes=\"(max-width: 479px) 100vw, 479px\" \/><\/p>\n<p>Uma enquete realizada nas redes sociais por de Souza, do programa A Voz e a Vez da Juventude, na Radio Difusora, perguntou qual a melhor dupla para prefeito e vice-prefeito nas elei\u00e7\u00f5es municipais em Itabuna.<\/p>\n<p>&nbsp;<\/p>\n<p>A enquete apontou que para 51,23% dos internautas, o atual prefeito Augusto Castro, candidato \u00e0 reelei\u00e7\u00e3o, e o apresentador do Balan\u00e7o Geral da TV Cabr\u00e1lia, Tom Ribeiro, formam a dupla ideal na sucess\u00e3o municipal.<\/p>\n<p>&nbsp;<\/p>\n<p>Em segundo lugar, aparecem Capit\u00e3o Azevedo e Issac Nery com 33,95%, Pancadinha e Sandra Neilma com 14,81%. Chico Fran\u00e7a e Neto Badar\u00f3 n\u00e3o pontuaram.<\/p>\n<p>&nbsp;<\/p>\n<p>Filiado ao Republicanos, uma das maiores audi\u00eancias da televis\u00e3o sulbaiana e com grande penetra\u00e7\u00e3o nos bairros, Tom Ribeiro j\u00e1 colocou oficialmente seu nome \u00e0 disposi\u00e7\u00e3o para ser candidato a vice na chapa encabe\u00e7ada por Augusto Castro.<\/p>\n<p>&nbsp;<\/p>\n<p>Vale acrescentar que enquete n\u00e3o \u00e9 pesquisa eleitoral e serve apenas como informa\u00e7\u00e3o.<\/p>\n","protected":false},"excerpt":{"rendered":"<p>Uma enquete realizada nas redes sociais por de Souza, do programa A Voz e a Vez da Juventude, na Radio Difusora, perguntou qual a melhor dupla para prefeito e vice-prefeito nas elei\u00e7\u00f5es municipais em Itabuna. &nbsp; A enquete apontou que para 51,23% dos internautas, o atual prefeito Augusto Castro, candidato \u00e0 reelei\u00e7\u00e3o, e o apresentador [&hellip;]<\/p>\n","protected":false},"author":2,"featured_media":162057,"comment_status":"open","ping_status":"open","sticky":false,"template":"","format":"standard","meta":{"_links_to":"","_links_to_target":""},"categories":[33434],"tags":[188,35878,39,1038],"_links":{"self":[{"href":"https:\/\/www.blogdothame.blog.br\/v1\/wp-json\/wp\/v2\/posts\/162056"}],"collection":[{"href":"https:\/\/www.blogdothame.blog.br\/v1\/wp-json\/wp\/v2\/posts"}],"about":[{"href":"https:\/\/www.blogdothame.blog.br\/v1\/wp-json\/wp\/v2\/types\/post"}],"author":[{"embeddable":true,"href":"https:\/\/www.blogdothame.blog.br\/v1\/wp-json\/wp\/v2\/users\/2"}],"replies":[{"embeddable":true,"href":"https:\/\/www.blogdothame.blog.br\/v1\/wp-json\/wp\/v2\/comments?post=162056"}],"version-history":[{"count":3,"href":"https:\/\/www.blogdothame.blog.br\/v1\/wp-json\/wp\/v2\/posts\/162056\/revisions"}],"predecessor-version":[{"id":162064,"href":"https:\/\/www.blogdothame.blog.br\/v1\/wp-json\/wp\/v2\/posts\/162056\/revisions\/162064"}],"wp:featuredmedia":[{"embeddable":true,"href":"https:\/\/www.blogdothame.blog.br\/v1\/wp-json\/wp\/v2\/media\/162057"}],"wp:attachment":[{"href":"https:\/\/www.blogdothame.blog.br\/v1\/wp-json\/wp\/v2\/media?parent=162056"}],"wp:term":[{"taxonomy":"category","embeddable":true,"href":"https:\/\/www.blogdothame.blog.br\/v1\/wp-json\/wp\/v2\/categories?post=162056"},{"taxonomy":"post_tag","embeddable":true,"href":"https:\/\/www.blogdothame.blog.br\/v1\/wp-json\/wp\/v2\/tags?post=162056"}],"curies":[{"name":"wp","href":"https:\/\/api.w.org\/{rel}","templated":true}]}}