{"id":162043,"date":"2024-04-22T08:20:26","date_gmt":"2024-04-22T11:20:26","guid":{"rendered":"https:\/\/www.blogdothame.blog.br\/v1\/?p=162043"},"modified":"2024-04-22T08:20:26","modified_gmt":"2024-04-22T11:20:26","slug":"abertas-as-inscricoes-para-o-congresso-de-acao-social-da-convencao-batista-baiana","status":"publish","type":"post","link":"https:\/\/www.blogdothame.blog.br\/v1\/2024\/04\/22\/abertas-as-inscricoes-para-o-congresso-de-acao-social-da-convencao-batista-baiana\/","title":{"rendered":"Abertas as inscri\u00e7\u00f5es para o Congresso de A\u00e7\u00e3o Social da Conven\u00e7\u00e3o Batista Baiana"},"content":{"rendered":"<p><img loading=\"lazy\" class=\"aligncenter size-full wp-image-162044\" src=\"https:\/\/www.blogdothame.blog.br\/v1\/wp-content\/uploads\/2024\/04\/PHOTO-2024-04-21-18-44-37.jpg\" alt=\"\" width=\"520\" height=\"330\" srcset=\"https:\/\/www.blogdothame.blog.br\/v1\/wp-content\/uploads\/2024\/04\/PHOTO-2024-04-21-18-44-37.jpg 520w, https:\/\/www.blogdothame.blog.br\/v1\/wp-content\/uploads\/2024\/04\/PHOTO-2024-04-21-18-44-37-300x190.jpg 300w\" sizes=\"(max-width: 520px) 100vw, 520px\" \/><\/p>\n<p style=\"text-align: center;\"><strong>Evento acontecer\u00e1 de 3 a 5 de maio e contar\u00e1 com oficinas <\/strong><\/p>\n<p style=\"text-align: center;\"><strong>e prele\u00e7\u00e3o do coach Maur\u00edcio Cunha<\/strong><\/p>\n<p>Est\u00e3o abertas as inscri\u00e7\u00f5es para o Congresso da A\u00e7\u00e3o Social, promovido pela Conven\u00e7\u00e3o Batista Baiana, nos dias 3 a 5 de maio. Em 2024, a Igreja Batista Teos\u00f3polis de Itabuna ser\u00e1 a grande anfitri\u00e3 do evento. Com inscri\u00e7\u00e3o gratuita, o Congresso ter\u00e1 como tema &#8220;Amar e Servir&#8221; e trar\u00e1 muitas novidades, segundo a organiza\u00e7\u00e3o.<\/p>\n<p>As tradicionais oficinas ganharam uma nova roupagem e contar\u00e1 tamb\u00e9m com palestras, mesas redondas e momentos de comunh\u00e3o. A prele\u00e7\u00e3o \u00e9 do engenheiro agr\u00f4nomo, administrador de empresas, mestre em Antropologia Social e coach de empreendedores sociais Maur\u00edcio Cunha.<\/p>\n<p>As inscri\u00e7\u00f5es podem ser feitas pela internet pelo link<br \/>\nhttps:\/\/Bit.ly\/amareservir, presencialmente, na secretaria da Igreja Batista Teos\u00f3polis, no bairro da Concei\u00e7\u00e3o, em Itabuna.<br \/>\nAs oficinas acontecer\u00e3o no Col\u00e9gio Batista de Itabuna e no Instituto Teos\u00f3polis.<\/p>\n<p><!--more--><\/p>\n<p>A abertura do Congresso ser\u00e1 no dia 3 de maio, \u00e0s 18h, com recep\u00e7\u00e3o e credenciamento. Naquele dia haver\u00e1 palestra com o tema &#8220;Inspire-se&#8221;, e Palavra.<\/p>\n<p>A programa\u00e7\u00e3o prosseguir\u00e1 no s\u00e1bado (4), com in\u00edcio \u00e0s 7h30min, com caf\u00e9 da manh\u00e3 com os pastores. Das 8h30min \u00e0s 9h40min haver\u00e1 mesa redonda com o tema &#8220;Desafios do Servi\u00e7o Social Crist\u00e3o na Igreja, para o crescimento do Reino&#8221;. Das 10h \u00e0s 11h40min, palestra com o tema &#8220;Viol\u00eancia e Viola\u00e7\u00e3o dos Direitos da Crian\u00e7a e Adolescentes, Mulheres e Idosos&#8221; com o pastor Maur\u00edcio Cunha e Leidiane Moura.<\/p>\n<p>A programa\u00e7\u00e3o ser\u00e1 retomada \u00e0s 13h30min com a oficina &#8220;Como iniciar e organizar uma OSC, com a elabora\u00e7\u00e3o de ata de funda\u00e7\u00e3o Estatuto e Regimento Interno&#8221;, tendo como palestrantes Jocenil Soares e J\u00f4natas Gon\u00e7alves. Uma outra oficina, a de &#8220;Capacita\u00e7\u00e3o para Elabora\u00e7\u00e3o de Projetos com Interpreta\u00e7\u00e3o de Editais com capta\u00e7\u00e3o de Recursos&#8221;; ser\u00e1 ministrada por Perivane Silva.<\/p>\n<p>A terceira oficina ser\u00e1 de &#8220;Orienta\u00e7\u00e3o na Presta\u00e7\u00e3o de Contas dos Projetos e Relat\u00f3rio Anual&#8221;, tendo como preletor Vinicius Porto, do Centro de Assist\u00eancia e Desenvolvimento Integral (CADI) de Valen\u00e7a na Bahia.<\/p>\n<p>\u00c0 noite, a programa\u00e7\u00e3o ter\u00e1 inicio \u00e0s 18h30min, com Louvor. Das 19h \u00e0s 20h ocorrer\u00e1 a mesa redonda &#8220;Exercendo a Justi\u00e7a Social nos Espa\u00e7os de Controle Social&#8221;, mediada por Jocenil Soares e Gilson Pinheiro.<\/p>\n<p>No domingo (5), \u00faltimo dia do Congresso, a programa\u00e7\u00e3o ter\u00e1 in\u00edcio \u00e0s 8h30min com Louvor. \u00c0s 9h Palestra &#8220;Diagn\u00f3stico do Social no cen\u00e1rio Evang\u00e9lico e Batista&#8221;. \u00c0s 9h30min, ser\u00e1 proferida a palestra sobre &#8220;Boas Pr\u00e1ticas&#8221;. O encerramento est\u00e1 previsto para as 11h40min.<\/p>\n<p>\u201cPara n\u00f3s, \u00e9 uma honra poder sediar esse importante congresso, instrumento de f\u00e9 e capacita\u00e7\u00e3o\u201d, disse Gilson Pinheiro, ministro de A\u00e7\u00e3o Social da Igreja Batista Teos\u00f3polis de Itabuna\u201d.<\/p>\n<p>Informa\u00e7\u00f5es podem ser obtidas atrav\u00e9s do telefone (71) 99694-1363 e-mail:\u00a0cbba.grs@gmail.com<\/p>\n<p>Quem \u00e9 o preletor:<\/p>\n<p>Mauricio Cunha \u00e9 engenheiro agr\u00f4nomo, administrador de empresas, mestre em antropologia social e coach de empreendedores sociais. Atuou como mission\u00e1rio em diversos pa\u00edses e \u00e9 autor dos livros O Reino entre n\u00f3s \u2013 Transforma\u00e7\u00e3o de comunidades pelo evangelho integral e Cosmovis\u00e3o Crist\u00e3 e Transforma\u00e7\u00e3o. \u00c9 fundador e presidente do CADI \u2013 Centro de Assist\u00eancia e Desenvolvimento Integral, coaliz\u00e3o de onze organiza\u00e7\u00f5es que atuam em oito estados brasileiros. \u00c9 assessor da Alian\u00e7a Evang\u00e9lica Brasileira para o tema \u201cIgreja e Pol\u00edticas P\u00fablicas\u201d e conselheiro nacional de assist\u00eancia social. Foi secret\u00e1rio nacional dos Direitos da Crian\u00e7a e do Adolescente.<\/p>\n","protected":false},"excerpt":{"rendered":"<p>Evento acontecer\u00e1 de 3 a 5 de maio e contar\u00e1 com oficinas e prele\u00e7\u00e3o do coach Maur\u00edcio Cunha Est\u00e3o abertas as inscri\u00e7\u00f5es para o Congresso da A\u00e7\u00e3o Social, promovido pela Conven\u00e7\u00e3o Batista Baiana, nos dias 3 a 5 de maio. Em 2024, a Igreja Batista Teos\u00f3polis de Itabuna ser\u00e1 a grande anfitri\u00e3 do evento. Com [&hellip;]<\/p>\n","protected":false},"author":2,"featured_media":162044,"comment_status":"open","ping_status":"open","sticky":false,"template":"","format":"standard","meta":{"_links_to":"","_links_to_target":""},"categories":[33433],"tags":[37434,24598],"_links":{"self":[{"href":"https:\/\/www.blogdothame.blog.br\/v1\/wp-json\/wp\/v2\/posts\/162043"}],"collection":[{"href":"https:\/\/www.blogdothame.blog.br\/v1\/wp-json\/wp\/v2\/posts"}],"about":[{"href":"https:\/\/www.blogdothame.blog.br\/v1\/wp-json\/wp\/v2\/types\/post"}],"author":[{"embeddable":true,"href":"https:\/\/www.blogdothame.blog.br\/v1\/wp-json\/wp\/v2\/users\/2"}],"replies":[{"embeddable":true,"href":"https:\/\/www.blogdothame.blog.br\/v1\/wp-json\/wp\/v2\/comments?post=162043"}],"version-history":[{"count":1,"href":"https:\/\/www.blogdothame.blog.br\/v1\/wp-json\/wp\/v2\/posts\/162043\/revisions"}],"predecessor-version":[{"id":162045,"href":"https:\/\/www.blogdothame.blog.br\/v1\/wp-json\/wp\/v2\/posts\/162043\/revisions\/162045"}],"wp:featuredmedia":[{"embeddable":true,"href":"https:\/\/www.blogdothame.blog.br\/v1\/wp-json\/wp\/v2\/media\/162044"}],"wp:attachment":[{"href":"https:\/\/www.blogdothame.blog.br\/v1\/wp-json\/wp\/v2\/media?parent=162043"}],"wp:term":[{"taxonomy":"category","embeddable":true,"href":"https:\/\/www.blogdothame.blog.br\/v1\/wp-json\/wp\/v2\/categories?post=162043"},{"taxonomy":"post_tag","embeddable":true,"href":"https:\/\/www.blogdothame.blog.br\/v1\/wp-json\/wp\/v2\/tags?post=162043"}],"curies":[{"name":"wp","href":"https:\/\/api.w.org\/{rel}","templated":true}]}}