{"id":161988,"date":"2024-04-19T17:00:53","date_gmt":"2024-04-19T20:00:53","guid":{"rendered":"https:\/\/www.blogdothame.blog.br\/v1\/?p=161988"},"modified":"2024-04-19T10:58:03","modified_gmt":"2024-04-19T13:58:03","slug":"itacare-atrai-negocios-na-maior-feira-de-turismo-da-america-latina","status":"publish","type":"post","link":"https:\/\/www.blogdothame.blog.br\/v1\/2024\/04\/19\/itacare-atrai-negocios-na-maior-feira-de-turismo-da-america-latina\/","title":{"rendered":"Itacar\u00e9 atrai neg\u00f3cios na maior feira de turismo da Am\u00e9rica Latina"},"content":{"rendered":"<div id=\"attachment_161989\" style=\"width: 439px\" class=\"wp-caption aligncenter\"><img aria-describedby=\"caption-attachment-161989\" loading=\"lazy\" class=\" wp-image-161989\" src=\"https:\/\/www.blogdothame.blog.br\/v1\/wp-content\/uploads\/2024\/04\/aaita-1.jpg\" alt=\"\" width=\"429\" height=\"241\" srcset=\"https:\/\/www.blogdothame.blog.br\/v1\/wp-content\/uploads\/2024\/04\/aaita-1.jpg 600w, https:\/\/www.blogdothame.blog.br\/v1\/wp-content\/uploads\/2024\/04\/aaita-1-300x169.jpg 300w\" sizes=\"(max-width: 429px) 100vw, 429px\" \/><p id=\"caption-attachment-161989\" class=\"wp-caption-text\">Itacar\u00e9 foi \u00fanico munic\u00edpio da Costa do Cacau no WTM Latin America, em SP<\/p><\/div>\n<p>O trade tur\u00edstico de Itacar\u00e9 p\u00f4de gerar novas oportunidades de neg\u00f3cios em sua participa\u00e7\u00e3o na WTM Latin America 2024. O munic\u00edpio sul-baiano foi o \u00fanico da Costa do Cacau com representante do poder p\u00fablico no evento que re\u00fane empresas e agentes de turismo de 40 pa\u00edses dos v\u00e1rios continentes, a exemplo de Estados Unidos, It\u00e1lia, Espanha, Alemanha, Chile, Holanda, M\u00e9xico e Uruguai.<\/p>\n<p>Secret\u00e1rio de Turismo de Itacar\u00e9, Marcos Japu diz que a edi\u00e7\u00e3o de 2024 foi ainda mais intensa, com movimenta\u00e7\u00e3o 23% superior \u00e0 registrada em 2023, o que permitiu resultados tanto para o poder p\u00fablico como para a iniciativa privada. \u201cFizemos atendimentos e reuni\u00f5es com operadoras, jornalistas e ag\u00eancias de turismo\u201d, disse Japu.<\/p>\n<div id=\"attachment_161990\" style=\"width: 349px\" class=\"wp-caption aligncenter\"><img aria-describedby=\"caption-attachment-161990\" loading=\"lazy\" class=\" wp-image-161990\" src=\"https:\/\/www.blogdothame.blog.br\/v1\/wp-content\/uploads\/2024\/04\/aaita-2.jpg\" alt=\"\" width=\"339\" height=\"254\" srcset=\"https:\/\/www.blogdothame.blog.br\/v1\/wp-content\/uploads\/2024\/04\/aaita-2.jpg 600w, https:\/\/www.blogdothame.blog.br\/v1\/wp-content\/uploads\/2024\/04\/aaita-2-300x225.jpg 300w\" sizes=\"(max-width: 339px) 100vw, 339px\" \/><p id=\"caption-attachment-161990\" class=\"wp-caption-text\">Feira internacional teve tr\u00eas dias de evento com estandes lotados<\/p><\/div>\n<p>Segundo ele, uma das tratativas foi com Pedro Gramacho, diretor nacional e internacional de Promo\u00e7\u00e3o do Turismo, e Jos\u00e9 Wilson, da ABIH-BA, quando foi sinalizada agenda em Itacar\u00e9, em maio, voltada para o trade da Costa do Cacau. A ideia \u00e9 construir evento com todos os munic\u00edpios da regi\u00e3o baiana em a\u00e7\u00e3o futura em S\u00e3o Paulo (SP).<\/p>\n<p>O secret\u00e1rio tamb\u00e9m compartilhou experi\u00eancias e conheceu din\u00e2micas de destinos nacionais e de grande relev\u00e2ncia, a exemplo de Porto Seguro e Mata de S\u00e3o Jo\u00e3o. \u201cPorto e Mata de S\u00e3o Jo\u00e3o s\u00e3o exemplos de sucesso no Brasil e no mundo. Foi um enorme prazer rever os secret\u00e1rios Guto Jones (Porto Seguro) e Alexandre Rossi (Mata de S\u00e3o Jo\u00e3o), um aprendizado constante com esses excelentes gestores\u201d, disse o secret\u00e1rio de Turismo de Itacar\u00e9, que convidou ambos a visitar o destino sul-baiano.<\/p>\n<p>OPORTUNIDADES PARA O SETOR PRIVADO<\/p>\n<div id=\"attachment_161991\" style=\"width: 408px\" class=\"wp-caption aligncenter\"><img aria-describedby=\"caption-attachment-161991\" loading=\"lazy\" class=\" wp-image-161991\" src=\"https:\/\/www.blogdothame.blog.br\/v1\/wp-content\/uploads\/2024\/04\/aaita-3.jpg\" alt=\"\" width=\"398\" height=\"298\" srcset=\"https:\/\/www.blogdothame.blog.br\/v1\/wp-content\/uploads\/2024\/04\/aaita-3.jpg 600w, https:\/\/www.blogdothame.blog.br\/v1\/wp-content\/uploads\/2024\/04\/aaita-3-300x225.jpg 300w\" sizes=\"(max-width: 398px) 100vw, 398px\" \/><p id=\"caption-attachment-161991\" class=\"wp-caption-text\">Iniciativa privada e poder p\u00fablico se unem para divulgar destino na WTM<\/p><\/div>\n<p>Os participantes do WTM Latin America destacaram as experi\u00eancias no evento internacional. \u201cFico feliz em compartilhar o sucesso da nossa participa\u00e7\u00e3o na WTM. A miss\u00e3o Sebrae viabilizou a presen\u00e7a de empres\u00e1rios da Costa do Cacau e foi incr\u00edvel ver os empreendimentos de Itacar\u00e9 e Ilh\u00e9us brilhando no evento, mostrando todo o potencial tur\u00edstico da nossa regi\u00e3o. J\u00e1 planejamos a\u00e7\u00f5es futuras empolgantes, junto com a Secretaria de Turismo de Itacar\u00e9. Firmamos boas parcerias em prol do desenvolvimento do setor, que certamente levar\u00e3o nosso turismo a novos patamares. Mal posso esperar para ver os frutos desses esfor\u00e7os\u201d, pontua Evelin Gomes, gestora de Turismo do Sebrae.<\/p>\n<p><!--more--><\/p>\n<p>Dentre os empreendimentos da Costa do Cacau que estavam na WTM, o consultor de neg\u00f3cios Samuel Reis citou a participa\u00e7\u00e3o da UP Hot\u00e9is como oportunidade estrat\u00e9gica para consolidar parcerias com as principais operadoras do setor hoteleiro. \u201cDurante o evento, a equipe da UP Hot\u00e9is dedicou-se a fortalecer os la\u00e7os com esses parceiros, al\u00e9m de aproveitar para conhecer novos executivos de cada operadora\u201d, afirmou Samuel.<\/p>\n<p>DIVULGA\u00c7\u00c3O DO DESTINO<\/p>\n<p>Ainda dentre os neg\u00f3cios e oportunidades gerados pelo trade sul-baiano no evento, discutiu-se uma\u00a0press trip\u00a0com jornalistas do Paran\u00e1, Santa Catarina e Rio Grande do Sul em Itacar\u00e9. A Secretaria de Turismo e a Ertour Receptivo se reuniram com a QG Comunica para viabilizar a a\u00e7\u00e3o que abre espa\u00e7o para o destino em alguns dos principais ve\u00edculos de comunica\u00e7\u00e3o do Sul do pa\u00eds.<\/p>\n<p>Dos resultados obtidos, o Grupo Aguiar Lima, representado pela executiva Daniela Quadros, informa ter prospectado neg\u00f3cios para o longo do ano de 2024. \u201cEstamos muito felizes e continuaremos fortalecendo e ampliando nosso networking e conhecimento. Provoco todos os empreendimentos para que participem mais dessas agendas. O fortalecimento do setor tur\u00edstico depende de a\u00e7\u00f5es envolvendo o poder p\u00fablico e a iniciativa privada. Parabenizo a gest\u00e3o de Itacar\u00e9 por investir nessas a\u00e7\u00f5es\u201d, frisou Daniela. (do Pimenta)<\/p>\n<p>&nbsp;<\/p>\n","protected":false},"excerpt":{"rendered":"<p>O trade tur\u00edstico de Itacar\u00e9 p\u00f4de gerar novas oportunidades de neg\u00f3cios em sua participa\u00e7\u00e3o na WTM Latin America 2024. O munic\u00edpio sul-baiano foi o \u00fanico da Costa do Cacau com representante do poder p\u00fablico no evento que re\u00fane empresas e agentes de turismo de 40 pa\u00edses dos v\u00e1rios continentes, a exemplo de Estados Unidos, It\u00e1lia, [&hellip;]<\/p>\n","protected":false},"author":2,"featured_media":161989,"comment_status":"open","ping_status":"open","sticky":false,"template":"","format":"standard","meta":{"_links_to":"","_links_to_target":""},"categories":[1],"tags":[991,30081,185,149,37420],"_links":{"self":[{"href":"https:\/\/www.blogdothame.blog.br\/v1\/wp-json\/wp\/v2\/posts\/161988"}],"collection":[{"href":"https:\/\/www.blogdothame.blog.br\/v1\/wp-json\/wp\/v2\/posts"}],"about":[{"href":"https:\/\/www.blogdothame.blog.br\/v1\/wp-json\/wp\/v2\/types\/post"}],"author":[{"embeddable":true,"href":"https:\/\/www.blogdothame.blog.br\/v1\/wp-json\/wp\/v2\/users\/2"}],"replies":[{"embeddable":true,"href":"https:\/\/www.blogdothame.blog.br\/v1\/wp-json\/wp\/v2\/comments?post=161988"}],"version-history":[{"count":1,"href":"https:\/\/www.blogdothame.blog.br\/v1\/wp-json\/wp\/v2\/posts\/161988\/revisions"}],"predecessor-version":[{"id":161992,"href":"https:\/\/www.blogdothame.blog.br\/v1\/wp-json\/wp\/v2\/posts\/161988\/revisions\/161992"}],"wp:featuredmedia":[{"embeddable":true,"href":"https:\/\/www.blogdothame.blog.br\/v1\/wp-json\/wp\/v2\/media\/161989"}],"wp:attachment":[{"href":"https:\/\/www.blogdothame.blog.br\/v1\/wp-json\/wp\/v2\/media?parent=161988"}],"wp:term":[{"taxonomy":"category","embeddable":true,"href":"https:\/\/www.blogdothame.blog.br\/v1\/wp-json\/wp\/v2\/categories?post=161988"},{"taxonomy":"post_tag","embeddable":true,"href":"https:\/\/www.blogdothame.blog.br\/v1\/wp-json\/wp\/v2\/tags?post=161988"}],"curies":[{"name":"wp","href":"https:\/\/api.w.org\/{rel}","templated":true}]}}