{"id":161978,"date":"2024-04-19T15:13:56","date_gmt":"2024-04-19T18:13:56","guid":{"rendered":"https:\/\/www.blogdothame.blog.br\/v1\/?p=161978"},"modified":"2024-04-19T11:44:49","modified_gmt":"2024-04-19T14:44:49","slug":"bahia-ira-sediar-reunioes-que-antecedem-a-cupula-do-g20","status":"publish","type":"post","link":"https:\/\/www.blogdothame.blog.br\/v1\/2024\/04\/19\/bahia-ira-sediar-reunioes-que-antecedem-a-cupula-do-g20\/","title":{"rendered":"Bahia ir\u00e1 sediar reuni\u00f5es que antecedem a C\u00fapula do G20"},"content":{"rendered":"<p><img loading=\"lazy\" class=\"aligncenter wp-image-161979\" src=\"https:\/\/www.blogdothame.blog.br\/v1\/wp-content\/uploads\/2024\/04\/Bahia-ira-sediar-reunioes-que-antecedem-a-Cupula-do-G20-Foto-Tatiana-Azeviche-Ascom-SeturBA-1.jpg\" alt=\"\" width=\"376\" height=\"250\" srcset=\"https:\/\/www.blogdothame.blog.br\/v1\/wp-content\/uploads\/2024\/04\/Bahia-ira-sediar-reunioes-que-antecedem-a-Cupula-do-G20-Foto-Tatiana-Azeviche-Ascom-SeturBA-1.jpg 320w, https:\/\/www.blogdothame.blog.br\/v1\/wp-content\/uploads\/2024\/04\/Bahia-ira-sediar-reunioes-que-antecedem-a-Cupula-do-G20-Foto-Tatiana-Azeviche-Ascom-SeturBA-1-300x200.jpg 300w\" sizes=\"(max-width: 376px) 100vw, 376px\" \/><\/p>\n<p>Representantes de \u00f3rg\u00e3os estaduais e federais envolvidos na organiza\u00e7\u00e3o do encontro do G20, grupo de pa\u00edses com as maiores economias do mundo, presidido pelo Brasil, estiveram reunidos na Secretaria de Turismo da Bahia (Setur-BA), nesta semana, em Salvador. Eles discutiram temas como seguran\u00e7a, log\u00edstica, sa\u00fade, comunica\u00e7\u00e3o, receptivo, roteiro tur\u00edstico e programa\u00e7\u00e3o cultural. A capital baiana ir\u00e1 sediar reuni\u00f5es que antecedem a C\u00fapula do G20, marcada\u00a0para 18 e 19 de novembro, no Rio de Janeiro.\u00a0S\u00e3o esperados mais de 30 chefes de Estado e cerca de 15 mil visitantes internacionais.<\/p>\n<p>&nbsp;<\/p>\n<p>\u201cComo as atividades\u00a0envolvem diversas delega\u00e7\u00f5es estrangeiras e autoridades de alto n\u00edvel, existem v\u00e1rios desafios log\u00edsticos para a organiza\u00e7\u00e3o. Foi muito importante conversar com representantes de v\u00e1rios setores do governo baiano, para o alinhamento desses pontos e o in\u00edcio do planejamento dos eventos que ser\u00e3o realizados em Salvador\u201d, declarou o diplomata Guilherme Gondim, da Coordena\u00e7\u00e3o Nacional do G20, ligada ao Minist\u00e9rio das Rela\u00e7\u00f5es Exteriores.<\/p>\n<p>&nbsp;<\/p>\n<p>\u201cAs reuni\u00f5es ir\u00e3o trazer novos olhares para a Bahia, abordando quest\u00f5es do desenvolvimento, sa\u00fade e cultura. Teremos um per\u00edodo proveitoso para o estado, que ser\u00e1 transformado numa vitrine mundial\u201d, ressaltou a coordenadora de Coopera\u00e7\u00e3o Internacional do Gabinete do Governador, Nat\u00e1lia Oliveira.<\/p>\n<p>&nbsp;<\/p>\n<p>Segundo a chefe de gabinete da Setur-BA, Giulliana Brito, \u201crecepcionar as delega\u00e7\u00f5es do G20 ser\u00e1 uma grande oportunidade para promover o destino Bahia, mostrando ao mundo seus atrativos, e tamb\u00e9m prospectar investimentos tur\u00edsticos para o estado, discutindo temas relevantes que impactam o setor\u201d.<\/p>\n<p>&nbsp;<\/p>\n","protected":false},"excerpt":{"rendered":"<p>Representantes de \u00f3rg\u00e3os estaduais e federais envolvidos na organiza\u00e7\u00e3o do encontro do G20, grupo de pa\u00edses com as maiores economias do mundo, presidido pelo Brasil, estiveram reunidos na Secretaria de Turismo da Bahia (Setur-BA), nesta semana, em Salvador. Eles discutiram temas como seguran\u00e7a, log\u00edstica, sa\u00fade, comunica\u00e7\u00e3o, receptivo, roteiro tur\u00edstico e programa\u00e7\u00e3o cultural. A capital baiana [&hellip;]<\/p>\n","protected":false},"author":2,"featured_media":161979,"comment_status":"open","ping_status":"open","sticky":false,"template":"","format":"standard","meta":{"_links_to":"","_links_to_target":""},"categories":[33435],"tags":[51,37417,12032],"_links":{"self":[{"href":"https:\/\/www.blogdothame.blog.br\/v1\/wp-json\/wp\/v2\/posts\/161978"}],"collection":[{"href":"https:\/\/www.blogdothame.blog.br\/v1\/wp-json\/wp\/v2\/posts"}],"about":[{"href":"https:\/\/www.blogdothame.blog.br\/v1\/wp-json\/wp\/v2\/types\/post"}],"author":[{"embeddable":true,"href":"https:\/\/www.blogdothame.blog.br\/v1\/wp-json\/wp\/v2\/users\/2"}],"replies":[{"embeddable":true,"href":"https:\/\/www.blogdothame.blog.br\/v1\/wp-json\/wp\/v2\/comments?post=161978"}],"version-history":[{"count":1,"href":"https:\/\/www.blogdothame.blog.br\/v1\/wp-json\/wp\/v2\/posts\/161978\/revisions"}],"predecessor-version":[{"id":161980,"href":"https:\/\/www.blogdothame.blog.br\/v1\/wp-json\/wp\/v2\/posts\/161978\/revisions\/161980"}],"wp:featuredmedia":[{"embeddable":true,"href":"https:\/\/www.blogdothame.blog.br\/v1\/wp-json\/wp\/v2\/media\/161979"}],"wp:attachment":[{"href":"https:\/\/www.blogdothame.blog.br\/v1\/wp-json\/wp\/v2\/media?parent=161978"}],"wp:term":[{"taxonomy":"category","embeddable":true,"href":"https:\/\/www.blogdothame.blog.br\/v1\/wp-json\/wp\/v2\/categories?post=161978"},{"taxonomy":"post_tag","embeddable":true,"href":"https:\/\/www.blogdothame.blog.br\/v1\/wp-json\/wp\/v2\/tags?post=161978"}],"curies":[{"name":"wp","href":"https:\/\/api.w.org\/{rel}","templated":true}]}}