{"id":161956,"date":"2024-04-20T09:30:06","date_gmt":"2024-04-20T12:30:06","guid":{"rendered":"https:\/\/www.blogdothame.blog.br\/v1\/?p=161956"},"modified":"2024-04-19T09:05:16","modified_gmt":"2024-04-19T12:05:16","slug":"sua-cidade-e-a-sua-amazonia","status":"publish","type":"post","link":"https:\/\/www.blogdothame.blog.br\/v1\/2024\/04\/20\/sua-cidade-e-a-sua-amazonia\/","title":{"rendered":"Sua cidade \u00e9 a sua Amaz\u00f4nia"},"content":{"rendered":"<p>&nbsp;<\/p>\n<p>&nbsp;<\/p>\n<p>&nbsp;<\/p>\n<p>&nbsp;<\/p>\n<p>&nbsp;<\/p>\n<p>&nbsp;<\/p>\n<p style=\"text-align: right;\"><strong><img loading=\"lazy\" class=\"aligncenter  wp-image-161957\" src=\"https:\/\/www.blogdothame.blog.br\/v1\/wp-content\/uploads\/2024\/04\/PHOTO-2024-04-18-21-08-39.jpg\" alt=\"\" width=\"486\" height=\"280\" srcset=\"https:\/\/www.blogdothame.blog.br\/v1\/wp-content\/uploads\/2024\/04\/PHOTO-2024-04-18-21-08-39.jpg 600w, https:\/\/www.blogdothame.blog.br\/v1\/wp-content\/uploads\/2024\/04\/PHOTO-2024-04-18-21-08-39-300x173.jpg 300w\" sizes=\"(max-width: 486px) 100vw, 486px\" \/>Cleber Isaac Filho<\/strong><\/p>\n<p><span data-contrast=\"auto\"><img loading=\"lazy\" class=\"alignleft  wp-image-159956\" src=\"https:\/\/www.blogdothame.blog.br\/v1\/wp-content\/uploads\/2024\/02\/cleber-isaac-300x266.jpg\" alt=\"\" width=\"183\" height=\"162\" srcset=\"https:\/\/www.blogdothame.blog.br\/v1\/wp-content\/uploads\/2024\/02\/cleber-isaac-300x266.jpg 300w, https:\/\/www.blogdothame.blog.br\/v1\/wp-content\/uploads\/2024\/02\/cleber-isaac.jpg 472w\" sizes=\"(max-width: 183px) 100vw, 183px\" \/>Leio muito sobre o tema \u201cEconomia Verde\u201d e recentemente deparei com artigo do Professor Georges Humbert; um dos fundadores do Instituto Brasileiro de Direito e Sustentabilidade e me inspirei nele para escrever a coluna dessa semana.<\/span><span data-ccp-props=\"{}\">\u00a0<\/span><\/p>\n<p><span data-contrast=\"auto\">Acaba sendo homenagem pelo trabalho que ele e a Diretoria da Associa\u00e7\u00e3o Comercial da Bahia vem fazendo na \u00e1rea de sustentabilidade; em especial com a produ\u00e7\u00e3o do segundo F\u00f3rum de Direito e Sustentabilidade que vai ocorrer em julho.<\/span><span data-ccp-props=\"{}\">\u00a0<\/span><\/p>\n<p><span data-contrast=\"auto\">Vamos ao texto :<\/span><span data-ccp-props=\"{}\">\u00a0<\/span><\/p>\n<p><span data-contrast=\"auto\">\u201c Sustentabilidade \u00e9 um trip\u00e9: ecologia, economia e social. O Brasil tem 60% de mata nativa preservada, mas milh\u00f5es de pessoas sem emprego, sem habita\u00e7\u00e3o ou morando em \u00e1reas de risco, sem \u00e1gua encanada e esgoto, com lix\u00e3o a c\u00e9u aberto.<\/span><span data-ccp-props=\"{}\">\u00a0<\/span><\/p>\n<p><img loading=\"lazy\" class=\"aligncenter  wp-image-161958\" src=\"https:\/\/www.blogdothame.blog.br\/v1\/wp-content\/uploads\/2024\/04\/PHOTO-2024-04-18-21-08-40.jpg\" alt=\"\" width=\"404\" height=\"224\" srcset=\"https:\/\/www.blogdothame.blog.br\/v1\/wp-content\/uploads\/2024\/04\/PHOTO-2024-04-18-21-08-40.jpg 600w, https:\/\/www.blogdothame.blog.br\/v1\/wp-content\/uploads\/2024\/04\/PHOTO-2024-04-18-21-08-40-300x166.jpg 300w\" sizes=\"(max-width: 404px) 100vw, 404px\" \/><\/p>\n<p><span data-contrast=\"auto\">Portanto, com todos os problemas com desmatamentos e inc\u00eandios irregulares, nosso maior d\u00e9ficit na equa\u00e7\u00e3o e no equil\u00edbrio sustent\u00e1vel \u00e9 social e econ\u00f4mico \u201c\u00a0<\/span><span data-ccp-props=\"{}\">\u00a0<\/span><\/p>\n<p><span data-contrast=\"auto\">Posto isso comento :\u00a0<\/span><span data-ccp-props=\"{}\">\u00a0<\/span><\/p>\n<p><span data-contrast=\"auto\">Como podemos falar de camada de oz\u00f4nio como prioridade se a pessoa est\u00e1 desempregada ?\u00a0 Se tem esgoto a c\u00e9u aberto e um lix\u00e3o como vizinho?<\/span><span data-ccp-props=\"{}\">\u00a0<\/span><\/p>\n<p><!--more--><\/p>\n<p><span data-contrast=\"auto\">Afinal\u00a0 \u201c Sem\u00a0 o social e o econ\u00f4mico n\u00e3o somos sustent\u00e1veis, mas apenas ecol\u00f3gicos \u201c\u00a0<\/span><span data-ccp-props=\"{}\">\u00a0<\/span><\/p>\n<p><span data-contrast=\"auto\">O homem sem a economia e o social, em especial renda e educa\u00e7\u00e3o, acaba por depredar o meio ambiente mais acentuadamente.<\/span><span data-ccp-props=\"{}\">\u00a0<\/span><\/p>\n<p><span data-contrast=\"auto\">E assim segue Dr. Georges no texto :\u00a0<\/span><span data-ccp-props=\"{}\">\u00a0<\/span><\/p>\n<p><span data-contrast=\"auto\">\u201c No Brasil, segundo dados do Instituto Brasileiro de Geografia e Estat\u00edstica (IBGE), mais de 11 milh\u00f5es de pessoas vivem em favelas ou em moradias consideradas prec\u00e1rias.\u00a0<\/span><span data-ccp-props=\"{}\">\u00a0<\/span><\/p>\n<p><span data-contrast=\"auto\">Se considerarmos que uma moradia adequada \u00e9 um local que apresenta sistema de fornecimento de \u00e1gua, esgoto, coleta de lixo e, no m\u00e1ximo, duas pessoas por dormit\u00f3rio, apenas 52% da popula\u00e7\u00e3o brasileira vive em condi\u00e7\u00f5es regulares de resid\u00eancia, segundo o pr\u00f3prio IBGE.\u00a0<\/span><span data-ccp-props=\"{}\">\u00a0<\/span><\/p>\n<p><span data-contrast=\"auto\">Vale destaque tamb\u00e9m para o fato de mais de 32 mil pessoas viverem em situa\u00e7\u00e3o de rua no pa\u00eds. Em 2017, uma pesquisa promovida pelo Projeto Ax\u00e9, UFBA e Movimento Nacional da Popula\u00e7\u00e3o de Rua estimou que naquele ano existiam entre 14 e 17 mil pessoas em situa\u00e7\u00e3o de rua na cidade de Salvador.\u00a0<\/span><span data-ccp-props=\"{}\">\u00a0<\/span><\/p>\n<p><span data-contrast=\"auto\">Isso prova que os grandes problemas ambientais do Brasil est\u00e3o nas \u00e1reas urbanas, n\u00e3o nas florestas. \u201c<\/span><span data-ccp-props=\"{}\">\u00a0<\/span><\/p>\n<p><span data-contrast=\"auto\">Precis\u00e3o e realismo nas palavras; na pr\u00f3xima coluna sigo com exemplos pr\u00e1ticos da nossa Salvador; inclusive relatos de l\u00edderes comunit\u00e1rios.<\/span><span data-ccp-props=\"{}\">\u00a0<\/span><\/p>\n<p><span data-contrast=\"auto\">At\u00e9 semana que vem !<\/span><span data-ccp-props=\"{}\">\u00a0<\/span><\/p>\n<p><span data-ccp-props=\"{}\">\u00a0<\/span><\/p>\n<p>(Fotos a\u00e9reas de Ilh\u00e9us: Jos\u00e9 Nazal)<\/p>\n","protected":false},"excerpt":{"rendered":"<p>&nbsp; &nbsp; &nbsp; &nbsp; &nbsp; &nbsp; Cleber Isaac Filho Leio muito sobre o tema \u201cEconomia Verde\u201d e recentemente deparei com artigo do Professor Georges Humbert; um dos fundadores do Instituto Brasileiro de Direito e Sustentabilidade e me inspirei nele para escrever a coluna dessa semana.\u00a0 Acaba sendo homenagem pelo trabalho que ele e a Diretoria [&hellip;]<\/p>\n","protected":false},"author":2,"featured_media":161957,"comment_status":"open","ping_status":"open","sticky":false,"template":"","format":"standard","meta":{"_links_to":"","_links_to_target":""},"categories":[33434],"tags":[12885,31909,218],"_links":{"self":[{"href":"https:\/\/www.blogdothame.blog.br\/v1\/wp-json\/wp\/v2\/posts\/161956"}],"collection":[{"href":"https:\/\/www.blogdothame.blog.br\/v1\/wp-json\/wp\/v2\/posts"}],"about":[{"href":"https:\/\/www.blogdothame.blog.br\/v1\/wp-json\/wp\/v2\/types\/post"}],"author":[{"embeddable":true,"href":"https:\/\/www.blogdothame.blog.br\/v1\/wp-json\/wp\/v2\/users\/2"}],"replies":[{"embeddable":true,"href":"https:\/\/www.blogdothame.blog.br\/v1\/wp-json\/wp\/v2\/comments?post=161956"}],"version-history":[{"count":1,"href":"https:\/\/www.blogdothame.blog.br\/v1\/wp-json\/wp\/v2\/posts\/161956\/revisions"}],"predecessor-version":[{"id":161959,"href":"https:\/\/www.blogdothame.blog.br\/v1\/wp-json\/wp\/v2\/posts\/161956\/revisions\/161959"}],"wp:featuredmedia":[{"embeddable":true,"href":"https:\/\/www.blogdothame.blog.br\/v1\/wp-json\/wp\/v2\/media\/161957"}],"wp:attachment":[{"href":"https:\/\/www.blogdothame.blog.br\/v1\/wp-json\/wp\/v2\/media?parent=161956"}],"wp:term":[{"taxonomy":"category","embeddable":true,"href":"https:\/\/www.blogdothame.blog.br\/v1\/wp-json\/wp\/v2\/categories?post=161956"},{"taxonomy":"post_tag","embeddable":true,"href":"https:\/\/www.blogdothame.blog.br\/v1\/wp-json\/wp\/v2\/tags?post=161956"}],"curies":[{"name":"wp","href":"https:\/\/api.w.org\/{rel}","templated":true}]}}