{"id":161868,"date":"2024-04-17T15:00:16","date_gmt":"2024-04-17T18:00:16","guid":{"rendered":"https:\/\/www.blogdothame.blog.br\/v1\/?p=161868"},"modified":"2024-04-17T10:24:17","modified_gmt":"2024-04-17T13:24:17","slug":"com-o-lema-agricultura-familiar-as-maos-que-alimentam-a-nacao-fetraf-ba-completa-20-anos-de-atuacao","status":"publish","type":"post","link":"https:\/\/www.blogdothame.blog.br\/v1\/2024\/04\/17\/com-o-lema-agricultura-familiar-as-maos-que-alimentam-a-nacao-fetraf-ba-completa-20-anos-de-atuacao\/","title":{"rendered":"Com o lema \u2018agricultura familiar, as m\u00e3os que alimentam a na\u00e7\u00e3o\u2019, Fetraf-BA completa 20 anos de atua\u00e7\u00e3o"},"content":{"rendered":"<p><img loading=\"lazy\" class=\"aligncenter  wp-image-161869\" src=\"https:\/\/www.blogdothame.blog.br\/v1\/wp-content\/uploads\/2024\/04\/FETRAF-Fotos-Fernando-VivasGOVBA-2.jpeg\" alt=\"\" width=\"439\" height=\"293\" srcset=\"https:\/\/www.blogdothame.blog.br\/v1\/wp-content\/uploads\/2024\/04\/FETRAF-Fotos-Fernando-VivasGOVBA-2.jpeg 512w, https:\/\/www.blogdothame.blog.br\/v1\/wp-content\/uploads\/2024\/04\/FETRAF-Fotos-Fernando-VivasGOVBA-2-300x200.jpeg 300w\" sizes=\"(max-width: 439px) 100vw, 439px\" \/><\/p>\n<p>Celebrado nesta ter\u00e7a-feira (16), o ato pelos 20 anos de funda\u00e7\u00e3o da Federa\u00e7\u00e3o dos Trabalhadores da Agricultura Familiar da Bahia foi marcado por um grande encontro no Instituto An\u00edsio Teixeira (IAT), em Salvador, e contou com a presen\u00e7a do governador Jer\u00f4nimo Rodrigues. O Governo do Estado homenageia a Fetraf-BA, que entre 2015 e 2022 beneficiou mais de 1260 fam\u00edlias de agricultores por meio de chamadas p\u00fabicas, com apoio da Secretaria de Desenvolvimento Rural (SDR).<\/p>\n<p>&nbsp;<\/p>\n<p><img loading=\"lazy\" class=\"aligncenter  wp-image-161870\" src=\"https:\/\/www.blogdothame.blog.br\/v1\/wp-content\/uploads\/2024\/04\/FETRAF-Fotos-Fernando-VivasGOVBA-8.jpeg\" alt=\"\" width=\"388\" height=\"259\" srcset=\"https:\/\/www.blogdothame.blog.br\/v1\/wp-content\/uploads\/2024\/04\/FETRAF-Fotos-Fernando-VivasGOVBA-8.jpeg 512w, https:\/\/www.blogdothame.blog.br\/v1\/wp-content\/uploads\/2024\/04\/FETRAF-Fotos-Fernando-VivasGOVBA-8-300x200.jpeg 300w\" sizes=\"(max-width: 388px) 100vw, 388px\" \/><\/p>\n<p>O chefe do Executivo destacou as lutas e conquistas da Fetraf-BA. \u201cCelebramos hoje os 20 anos dessa importante organiza\u00e7\u00e3o sindical, unindo for\u00e7as \u00e0s lideran\u00e7as, homens e mulheres do campo, que participam ativamente dessa constru\u00e7\u00e3o e luta por direitos e melhoria da vida social da classe\u201d, declarou Jer\u00f4nimo Rodrigues.<\/p>\n<p>&nbsp;<\/p>\n<p><img loading=\"lazy\" class=\"aligncenter  wp-image-161871\" src=\"https:\/\/www.blogdothame.blog.br\/v1\/wp-content\/uploads\/2024\/04\/FETRAF-Fotos-Fernando-VivasGOVBA-4.jpeg\" alt=\"\" width=\"386\" height=\"257\" srcset=\"https:\/\/www.blogdothame.blog.br\/v1\/wp-content\/uploads\/2024\/04\/FETRAF-Fotos-Fernando-VivasGOVBA-4.jpeg 600w, https:\/\/www.blogdothame.blog.br\/v1\/wp-content\/uploads\/2024\/04\/FETRAF-Fotos-Fernando-VivasGOVBA-4-300x200.jpeg 300w\" sizes=\"(max-width: 386px) 100vw, 386px\" \/><br \/>\nCom a miss\u00e3o de consolidar a organiza\u00e7\u00e3o sindical da agricultura familiar na diversidade organizativa, pautados no desenvolvimento econ\u00f4mico e melhoria da vida social no estado, a Fetraf-BA foi criada em 16 de abril de 2004.<\/p>\n<p><!--more--><br \/>\nQuem tamb\u00e9m participou do ato foi o diretor da Companhia de Desenvolvimento e A\u00e7\u00e3o Regional, (CAR), Jeandro Ribeiro. Ele destacou a import\u00e2ncia da institui\u00e7\u00e3o, para defesa e desenvolvimento dos agricultores familiares que representam quase 80% dos estabelecimentos produtivos. \u201cA Fetraf tem a participa\u00e7\u00e3o ativa em todas as conquistas que n\u00f3s temos aqui na Bahia. A Fetraf tem a participa\u00e7\u00e3o muito ativa nessas decis\u00f5es de executar pol\u00edticas p\u00fablicas para esse segmento da agricultura familiar, que \u00e9 t\u00e3o importante para o estado da Bahia\u201d.<\/p>\n<p>J\u00e1 para o coordenador da Fetraf-BA, D\u00e9 do Oeste, a parceria com o governo baiano \u00e9 importante para ampliar a atua\u00e7\u00e3o da Federa\u00e7\u00e3o. \u201c\u00c9 importante na organiza\u00e7\u00e3o das associa\u00e7\u00f5es, das cooperativas, na organiza\u00e7\u00e3o da produ\u00e7\u00e3o para o agricultor familiar, para que ele tenha a possibilidade de ter melhorias das condi\u00e7\u00f5es de vida. Ent\u00e3o, o Governo do Estado d\u00e1 condi\u00e7\u00e3o com assist\u00eancia t\u00e9cnica, com cr\u00e9dito, com estrutura, com as \u00e1guas ind\u00fastriais da agricultura familiar\u201d.<\/p>\n<p>Bahiater<\/p>\n<p><img loading=\"lazy\" class=\"aligncenter  wp-image-161872\" src=\"https:\/\/www.blogdothame.blog.br\/v1\/wp-content\/uploads\/2024\/04\/FETRAF-Fotos-Fernando-VivasGOVBA-3.jpeg\" alt=\"\" width=\"435\" height=\"290\" srcset=\"https:\/\/www.blogdothame.blog.br\/v1\/wp-content\/uploads\/2024\/04\/FETRAF-Fotos-Fernando-VivasGOVBA-3.jpeg 600w, https:\/\/www.blogdothame.blog.br\/v1\/wp-content\/uploads\/2024\/04\/FETRAF-Fotos-Fernando-VivasGOVBA-3-300x200.jpeg 300w\" sizes=\"(max-width: 435px) 100vw, 435px\" \/><\/p>\n<p>Como exemplo desse trabalho conjunto, a Secretaria de Desenvolvimento Rural (SDR), atrav\u00e9s da Superintend\u00eancia Baiana de Assist\u00eancia T\u00e9cnica e Extens\u00e3o Rural (Bahiater), celebrou em 2015 o primeiro contrato de assist\u00eancia t\u00e9cnica e extens\u00e3o rural com a Fetraf, no \u00e2mbito da Chamada P\u00fablica de Sustentabilidade. Foram investidos quase R$ 2,7 milh\u00f5es, atrav\u00e9s do contrato n\u00ba 030\/2015, para atender 720 fam\u00edlias nos munic\u00edpios de Andorinha, Ant\u00f4nio Gon\u00e7alves, Campo Formoso, Jaguarari, Ponto Novo e Senhor do Bonfim; que compreendem o Territ\u00f3rio do Piemonte Norte do Itapicuru.<\/p>\n<p>No ano de 2022, foi celebrado mais um contrato no \u00e2mbito da Chamada P\u00fablica de Biomas, com previs\u00e3o de aporte or\u00e7ament\u00e1rio de R$ 3,4 milh\u00f5es, atrav\u00e9s do contrato n\u00ba 056\/2022. Cerca de 540 fam\u00edlias, no Territ\u00f3rio da Bacia do Rio Grande, compreendendo os munic\u00edpios de Formosa do Rio Preto, Santa Rita de C\u00e1ssia, Mansid\u00e3o e Cotegipe, foram contempladas.<\/p>\n<p>Jer\u00f4nimo Rodrigues refor\u00e7ou ainda o compromisso do Governo junto \u00e0 institui\u00e7\u00e3o. \u201cSeguiremos juntos, ecoando e fortalecendo a nossa agricultura familiar. Pela garantia de direitos e desenvolvimento justo para todos\u201d, concluiu o governador.<\/p>\n<p>Fotos: Fernando Vivas\/GOVBA<\/p>\n","protected":false},"excerpt":{"rendered":"<p>Celebrado nesta ter\u00e7a-feira (16), o ato pelos 20 anos de funda\u00e7\u00e3o da Federa\u00e7\u00e3o dos Trabalhadores da Agricultura Familiar da Bahia foi marcado por um grande encontro no Instituto An\u00edsio Teixeira (IAT), em Salvador, e contou com a presen\u00e7a do governador Jer\u00f4nimo Rodrigues. O Governo do Estado homenageia a Fetraf-BA, que entre 2015 e 2022 beneficiou [&hellip;]<\/p>\n","protected":false},"author":2,"featured_media":161869,"comment_status":"open","ping_status":"open","sticky":false,"template":"","format":"standard","meta":{"_links_to":"","_links_to_target":""},"categories":[33433],"tags":[6548,311,37404,12213],"_links":{"self":[{"href":"https:\/\/www.blogdothame.blog.br\/v1\/wp-json\/wp\/v2\/posts\/161868"}],"collection":[{"href":"https:\/\/www.blogdothame.blog.br\/v1\/wp-json\/wp\/v2\/posts"}],"about":[{"href":"https:\/\/www.blogdothame.blog.br\/v1\/wp-json\/wp\/v2\/types\/post"}],"author":[{"embeddable":true,"href":"https:\/\/www.blogdothame.blog.br\/v1\/wp-json\/wp\/v2\/users\/2"}],"replies":[{"embeddable":true,"href":"https:\/\/www.blogdothame.blog.br\/v1\/wp-json\/wp\/v2\/comments?post=161868"}],"version-history":[{"count":1,"href":"https:\/\/www.blogdothame.blog.br\/v1\/wp-json\/wp\/v2\/posts\/161868\/revisions"}],"predecessor-version":[{"id":161873,"href":"https:\/\/www.blogdothame.blog.br\/v1\/wp-json\/wp\/v2\/posts\/161868\/revisions\/161873"}],"wp:featuredmedia":[{"embeddable":true,"href":"https:\/\/www.blogdothame.blog.br\/v1\/wp-json\/wp\/v2\/media\/161869"}],"wp:attachment":[{"href":"https:\/\/www.blogdothame.blog.br\/v1\/wp-json\/wp\/v2\/media?parent=161868"}],"wp:term":[{"taxonomy":"category","embeddable":true,"href":"https:\/\/www.blogdothame.blog.br\/v1\/wp-json\/wp\/v2\/categories?post=161868"},{"taxonomy":"post_tag","embeddable":true,"href":"https:\/\/www.blogdothame.blog.br\/v1\/wp-json\/wp\/v2\/tags?post=161868"}],"curies":[{"name":"wp","href":"https:\/\/api.w.org\/{rel}","templated":true}]}}