{"id":161822,"date":"2024-04-16T18:00:33","date_gmt":"2024-04-16T21:00:33","guid":{"rendered":"https:\/\/www.blogdothame.blog.br\/v1\/?p=161822"},"modified":"2024-04-16T12:20:18","modified_gmt":"2024-04-16T15:20:18","slug":"nos-estamos-aqui-querendo-existir-afirma-primeira-paciente-atendida-no-ambulatorio-trans-do-hmijs","status":"publish","type":"post","link":"https:\/\/www.blogdothame.blog.br\/v1\/2024\/04\/16\/nos-estamos-aqui-querendo-existir-afirma-primeira-paciente-atendida-no-ambulatorio-trans-do-hmijs\/","title":{"rendered":"\u00b4N\u00f3s estamos aqui querendo existir\u00b4, afirma primeira paciente atendida no Ambulat\u00f3rio Trans do HMIJS"},"content":{"rendered":"<p><img loading=\"lazy\" class=\"aligncenter  wp-image-161823\" src=\"https:\/\/www.blogdothame.blog.br\/v1\/wp-content\/uploads\/2024\/04\/PHOTO-2024-04-16-12-12-36.jpg\" alt=\"\" width=\"408\" height=\"271\" srcset=\"https:\/\/www.blogdothame.blog.br\/v1\/wp-content\/uploads\/2024\/04\/PHOTO-2024-04-16-12-12-36.jpg 600w, https:\/\/www.blogdothame.blog.br\/v1\/wp-content\/uploads\/2024\/04\/PHOTO-2024-04-16-12-12-36-300x200.jpg 300w\" sizes=\"(max-width: 408px) 100vw, 408px\" \/><\/p>\n<p>Mais um momento hist\u00f3rico do Hospital Materno-Infantil Dr. Joaquim Sampaio, em Ilh\u00e9us, foi registrado da manh\u00e3 de hoje (16), com os primeiros atendimentos ambulatoriais \u00e0 comunidade trans da regi\u00e3o. O projeto-piloto passou a permitir a realiza\u00e7\u00e3o de exames de rotina e hormonais em pacientes que passam pela afirma\u00e7\u00e3o de g\u00eanero. Aproximadamente 20 pacientes foram atendidos no Ambulat\u00f3rio do HMIJS onde, tamb\u00e9m, nas pr\u00f3ximas semanas, ser\u00e3o iniciadas consultas nas especialidades de endocrinologia e ginecologia. Mas a dire\u00e7\u00e3o do hospital trabalha para oferecer, ainda neste primeiro semestre, servi\u00e7os nas especialidades de psicologia, psiquiatria e urologia. O Materno-Infantil \u00e9 uma obra do Governo da Bahia administrada pela Funda\u00e7\u00e3o Estatal Sa\u00fade da Fam\u00edlia (FESF SUS).<\/p>\n<p><img loading=\"lazy\" class=\"aligncenter  wp-image-161824\" src=\"https:\/\/www.blogdothame.blog.br\/v1\/wp-content\/uploads\/2024\/04\/PHOTO-2024-04-16-12-12-38.jpg\" alt=\"\" width=\"382\" height=\"254\" srcset=\"https:\/\/www.blogdothame.blog.br\/v1\/wp-content\/uploads\/2024\/04\/PHOTO-2024-04-16-12-12-38.jpg 600w, https:\/\/www.blogdothame.blog.br\/v1\/wp-content\/uploads\/2024\/04\/PHOTO-2024-04-16-12-12-38-300x200.jpg 300w\" sizes=\"(max-width: 382px) 100vw, 382px\" \/><\/p>\n<p>Este \u00e9 um passo para recuperar a dignidade de pessoas que foram t\u00e3o apagadas, segregadas, por uma sociedade que nos v\u00ea como coisas malignas. N\u00f3s s\u00f3 estamos aqui querendo existir\u201d, comemorou Leslie S\u00e1, a primeira paciente a ser atendida no ambulat\u00f3rio. Ela passou pela triagem e, logo em seguida, a equipe do hospital fez a coleta de sangue para exames hormonais, de sorologias e exames de rotina. \u201cSomos cidad\u00e3os, cidad\u00e3s como outras pessoas e queremos apenas os nossos direitos\u201d, afirmou, acrescentando que o que ela quer \u00e9 viver com o m\u00ednimo de dignidade. \u201cE esse laborat\u00f3rio \u00e9 um passo para que a gente consiga se colocar de uma maneira mais digna, com a representatividade maior, com acesso \u00e0 sa\u00fade de qualidade que \u00e9 um direito de todos e dever do estado. Essa iniciativa acaba cumprindo com esse objetivo\u201d, disse Leslie.<\/p>\n<p>Perto de casa<\/p>\n<p><!--more--><\/p>\n<p>Deste mesmo sentimento compactua o jornalista Gael Figueiredo. Ele iniciou a afirma\u00e7\u00e3o de g\u00eanero h\u00e1 seis anos e para ter acesso ao SUS sempre teve que se deslocar at\u00e9 Salvador, especialmente para atendimentos de endocrinologia e ginecologia. \u201cSaber que hoje, aqui em Ilh\u00e9us, que \u00e9 a minha cidade, no bairro da Conquista, que \u00e9 o bairro onde moro, saber que n\u00e3o preciso sair daqui pra lugar nenhum para ser atendido e ter acesso \u00e0 sa\u00fade especializada, sem sofrer transfobia, por ser um ambulat\u00f3rio trans, isso \u00e9 uma vit\u00f3ria\u201d, comemora.<\/p>\n<p>Pela primeira vez no sul da Bahia o atendimento \u00e0 comunidade trans passa a ser gratuito. Leslie explica que at\u00e9 ent\u00e3o os exames tinham que ser em cl\u00ednicas particulares. \u201cA quantidade de profissionais qualificados para trabalhar com esse assunto \u00e9 muito reduzida. Demanda alta para poucos profissionais. O valor fica alt\u00edssimo. Exames caros, por que trabalham com dosagens hormonais. Um exame mais demorado e trabalhoso. Sa\u00eda caro\u201d, revela, trazendo tamb\u00e9m uma grande preocupa\u00e7\u00e3o. \u201cMuitas pessoas buscavam fazer harmoniza\u00e7\u00e3o por conta pr\u00f3pria, procurando fotos na internet, que, agora, com o ambulat\u00f3rio, poderemos encontrar melhor essa informa\u00e7\u00e3o e um lugar para nos acolher\u201d, comemora.<\/p>\n<p>Prepara\u00e7\u00e3o<\/p>\n<p>H\u00e1 mais de um ano o Hospital Materno-Infantil se prepara para ofertar este servi\u00e7o ambulatorial. O primeiro, de acolhimento, com um abra\u00e7o simb\u00f3lico \u00e0 causa. Depois, palestras durante as comemora\u00e7\u00f5es do Orgulho LGBTIAPN+. A dire\u00e7\u00e3o do hospital tamb\u00e9m visitou a Maternidade Clim\u00e9rio Oliveira, em Salvador, considerada refer\u00eancia nesse modelo de atendimento, onde s\u00e3o realizados partos de homens trans. E foi visitada pela assessora t\u00e9cnica da \u00e1rea de sa\u00fade LGBT, da Secretaria Estadual da Sa\u00fade, Fabiana Brand\u00e3o, que veio conhecer as condi\u00e7\u00f5es propostas pela dire\u00e7\u00e3o da unidade, debater e construir juntas o formato de um novo e in\u00e9dito servi\u00e7o na regi\u00e3o. Cursos, palestras e sensibiliza\u00e7\u00e3o dos colaboradores do HMIJS antecederam o momento desta ter\u00e7a-feira.<\/p>\n<p>A unidade de Ilh\u00e9us ainda reivindica a habilita\u00e7\u00e3o do servi\u00e7o. Al\u00e9m de Salvador, j\u00e1 h\u00e1 outros projetos em estudo para o interior. Com a implanta\u00e7\u00e3o do ambulat\u00f3rio no HMIJS, ser\u00e1 poss\u00edvel ampliar mais essa pol\u00edtica p\u00fablica de sa\u00fade na regi\u00e3o. Enquanto a habilita\u00e7\u00e3o n\u00e3o sai, a inten\u00e7\u00e3o, de acordo com a diretoria, \u00e9 construir uma s\u00e9rie hist\u00f3rica no atendimento, mostrando a demanda e a import\u00e2ncia deste atendimento para o sul e extremo sul da Bahia.<\/p>\n<p>\u201cFoi assim que tamb\u00e9m constru\u00edmos o projeto do primeiro hospital da Bahia especializado no atendimento aos Povos Origin\u00e1rios, que \u00e9 uma realidade conquistada\u201d, lembra a diretora-geral do HMIJS, Domilene Borges. O HMIJS \u00e9 o primeiro hospital da Bahia com esse perfil de atendimento aos ind\u00edgenas. O diretor-m\u00e9dico Samuel Branco destaca que o Sistema \u00danico de Sa\u00fade (SUS) tem em uma das suas diretrizes a consolida\u00e7\u00e3o da Pol\u00edtica Nacional de Sa\u00fade Integral de L\u00e9sbicas, Gays, Bissexuais, Travestis e Transexuais. \u201cE O SUS, em sua plenitude, em condi\u00e7\u00f5es de igualdade para todo cidad\u00e3o e cidad\u00e3 brasileiros \u00e9 uma luta permanente travada pela Sesab e pela FESF, que d\u00e3o o aporte necess\u00e1rio para avan\u00e7armos\u201d, afirma.<\/p>\n","protected":false},"excerpt":{"rendered":"<p>Mais um momento hist\u00f3rico do Hospital Materno-Infantil Dr. Joaquim Sampaio, em Ilh\u00e9us, foi registrado da manh\u00e3 de hoje (16), com os primeiros atendimentos ambulatoriais \u00e0 comunidade trans da regi\u00e3o. O projeto-piloto passou a permitir a realiza\u00e7\u00e3o de exames de rotina e hormonais em pacientes que passam pela afirma\u00e7\u00e3o de g\u00eanero. Aproximadamente 20 pacientes foram atendidos [&hellip;]<\/p>\n","protected":false},"author":2,"featured_media":161823,"comment_status":"open","ping_status":"open","sticky":false,"template":"","format":"standard","meta":{"_links_to":"","_links_to_target":""},"categories":[33434],"tags":[37399,29719],"_links":{"self":[{"href":"https:\/\/www.blogdothame.blog.br\/v1\/wp-json\/wp\/v2\/posts\/161822"}],"collection":[{"href":"https:\/\/www.blogdothame.blog.br\/v1\/wp-json\/wp\/v2\/posts"}],"about":[{"href":"https:\/\/www.blogdothame.blog.br\/v1\/wp-json\/wp\/v2\/types\/post"}],"author":[{"embeddable":true,"href":"https:\/\/www.blogdothame.blog.br\/v1\/wp-json\/wp\/v2\/users\/2"}],"replies":[{"embeddable":true,"href":"https:\/\/www.blogdothame.blog.br\/v1\/wp-json\/wp\/v2\/comments?post=161822"}],"version-history":[{"count":1,"href":"https:\/\/www.blogdothame.blog.br\/v1\/wp-json\/wp\/v2\/posts\/161822\/revisions"}],"predecessor-version":[{"id":161825,"href":"https:\/\/www.blogdothame.blog.br\/v1\/wp-json\/wp\/v2\/posts\/161822\/revisions\/161825"}],"wp:featuredmedia":[{"embeddable":true,"href":"https:\/\/www.blogdothame.blog.br\/v1\/wp-json\/wp\/v2\/media\/161823"}],"wp:attachment":[{"href":"https:\/\/www.blogdothame.blog.br\/v1\/wp-json\/wp\/v2\/media?parent=161822"}],"wp:term":[{"taxonomy":"category","embeddable":true,"href":"https:\/\/www.blogdothame.blog.br\/v1\/wp-json\/wp\/v2\/categories?post=161822"},{"taxonomy":"post_tag","embeddable":true,"href":"https:\/\/www.blogdothame.blog.br\/v1\/wp-json\/wp\/v2\/tags?post=161822"}],"curies":[{"name":"wp","href":"https:\/\/api.w.org\/{rel}","templated":true}]}}