{"id":161062,"date":"2024-03-25T10:02:18","date_gmt":"2024-03-25T13:02:18","guid":{"rendered":"https:\/\/www.blogdothame.blog.br\/v1\/?p=161062"},"modified":"2024-03-25T10:02:18","modified_gmt":"2024-03-25T13:02:18","slug":"hospital-regional-costa-do-cacau-promove-semana-de-mobilizacao-de-combate-ao-aedes-aegypti","status":"publish","type":"post","link":"https:\/\/www.blogdothame.blog.br\/v1\/2024\/03\/25\/hospital-regional-costa-do-cacau-promove-semana-de-mobilizacao-de-combate-ao-aedes-aegypti\/","title":{"rendered":"Hospital Regional Costa do Cacau promove semana de mobiliza\u00e7\u00e3o de combate ao Aedes aegypti"},"content":{"rendered":"<p><img loading=\"lazy\" class=\"aligncenter  wp-image-161063\" src=\"https:\/\/www.blogdothame.blog.br\/v1\/wp-content\/uploads\/2024\/03\/Combate-ao-Aedes-aegypti_HRCC-4.jpeg\" alt=\"\" width=\"404\" height=\"303\" srcset=\"https:\/\/www.blogdothame.blog.br\/v1\/wp-content\/uploads\/2024\/03\/Combate-ao-Aedes-aegypti_HRCC-4.jpeg 600w, https:\/\/www.blogdothame.blog.br\/v1\/wp-content\/uploads\/2024\/03\/Combate-ao-Aedes-aegypti_HRCC-4-300x225.jpeg 300w\" sizes=\"(max-width: 404px) 100vw, 404px\" \/><\/p>\n<p>&nbsp;<\/p>\n<p>O Hospital Regional Costa do Cacau (HRCC), em Ilh\u00e9us, sob gest\u00e3o do Instituto de Desenvolvimento e Administra\u00e7\u00e3o Hospitalar (IBDAH), integrante de rede da Secretaria da Sa\u00fade do Estado da Bahia (Sesab), estendeu sua semana de mobiliza\u00e7\u00e3o de combate ao Aedes aegypti, mosquito transmissor da dengue, chikungunya, Zika e a febre amarela urbana, doen\u00e7as chamadas de arboviroses.<\/p>\n<p><img loading=\"lazy\" class=\"aligncenter  wp-image-161064\" src=\"https:\/\/www.blogdothame.blog.br\/v1\/wp-content\/uploads\/2024\/03\/Combate-ao-Aedes-aegypti_HRCC-8-1.jpeg\" alt=\"\" width=\"367\" height=\"275\" srcset=\"https:\/\/www.blogdothame.blog.br\/v1\/wp-content\/uploads\/2024\/03\/Combate-ao-Aedes-aegypti_HRCC-8-1.jpeg 512w, https:\/\/www.blogdothame.blog.br\/v1\/wp-content\/uploads\/2024\/03\/Combate-ao-Aedes-aegypti_HRCC-8-1-300x225.jpeg 300w\" sizes=\"(max-width: 367px) 100vw, 367px\" \/><\/p>\n<p>A unidade hospitalar atendeu ao chamado da Diretoria Geral de Gest\u00e3o de Unidades Pr\u00f3prias da Sesab para a mobiliza\u00e7\u00e3o, educa\u00e7\u00e3o em sa\u00fade e refor\u00e7o \u00e0s orienta\u00e7\u00f5es de manejo cl\u00ednico das arboviroses. Entre os dias 11 e 15 de mar\u00e7o, o HRCC promoveu atividades com orienta\u00e7\u00f5es sobre o combate \u00e0 prolifera\u00e7\u00e3o do inseto vetor e os sintomas que as doen\u00e7as transmitidas por ele provocaram.<\/p>\n<p><!--more--><\/p>\n<p>Na ter\u00e7a-feira (12\/03), integrantes dos n\u00facleos de Educa\u00e7\u00e3o Permanente em Sa\u00fade (NEPS), Hospitalar de Epidemiologia (NHE) e Seguran\u00e7a do Paciente (NSP) do HRCC orientaram pacientes e acompanhantes nos setores do ambulat\u00f3rio e da emerg\u00eancia.<\/p>\n<p>&nbsp;<\/p>\n<p>Na quinta-feira (14\/03), o m\u00e9dico infectologista Gustavo Cunha ministrou uma aula sobre manejo cl\u00ednico em dengue, zika e chikungunya para o corpo cl\u00ednico e assistencial do HRCC. Na ocasi\u00e3o, tamb\u00e9m participaram da atividade alunos dos cursos de enfermagem e de medicina da Universidade Estadual de Santa Cruz (UESC), al\u00e9m de m\u00e9dicos residentes.<\/p>\n<p><img loading=\"lazy\" class=\"aligncenter  wp-image-161065\" src=\"https:\/\/www.blogdothame.blog.br\/v1\/wp-content\/uploads\/2024\/03\/Combate-ao-Aedes-aegypti_HRCC-7.jpeg\" alt=\"\" width=\"400\" height=\"312\" srcset=\"https:\/\/www.blogdothame.blog.br\/v1\/wp-content\/uploads\/2024\/03\/Combate-ao-Aedes-aegypti_HRCC-7.jpeg 512w, https:\/\/www.blogdothame.blog.br\/v1\/wp-content\/uploads\/2024\/03\/Combate-ao-Aedes-aegypti_HRCC-7-300x234.jpeg 300w\" sizes=\"(max-width: 400px) 100vw, 400px\" \/><\/p>\n<p>Gustavo Cunha abordou durante a sua apresenta\u00e7\u00e3o temas como: hist\u00f3ria da doen\u00e7a, epidemiologia, aspectos cl\u00ednicos, atendimento ao paciente com caso suspeito, entre outros assuntos. A exposi\u00e7\u00e3o do especialista teve como objetivo principal revisar e atualizar o protocolo para o manejo cl\u00ednico dos pacientes com dengue, zika e chikungunya durante este ano de 2024.<\/p>\n<p>&nbsp;<\/p>\n<p>Ainda na quinta-feira (14\/03), o NEPS juntamente com alunos de enfermagem, da UESC da disciplina de gest\u00e3o, realizou atividade de orienta\u00e7\u00e3o nas salas de espera do ambulat\u00f3rio, do servi\u00e7o social e da emerg\u00eancia sobre o combate ao mosquito Aedes aegypti, sintomas das arboviroses e como agir em caso de suspeita de cont\u00e1gio por essas doen\u00e7as.<\/p>\n<p>Na manh\u00e3 da \u00faltima quarta-feira (20\/03), o NEPS e NHE do HRCC realizaram uma mobiliza\u00e7\u00e3o de combate ao Aedes aegypti, em parceria com a equipe de Educa\u00e7\u00e3o em Sa\u00fade no Combate as Endemias do munic\u00edpio de Ilh\u00e9us. A atividade encerrou a semana prologada de mobiliza\u00e7\u00e3o na unidade hospitalar.<\/p>\n<p>&nbsp;<\/p>\n<p>A enfermeira Adrielle Ac\u00e1ssia, do NEPS do HRCC, ressaltou que a atividade teve como objetivo refor\u00e7ar as orienta\u00e7\u00f5es j\u00e1 realizada na unidade sobre a dengue. \u201cContemplando a mobiliza\u00e7\u00e3o, educa\u00e7\u00e3o em sa\u00fade e refor\u00e7ando \u00e0s orienta\u00e7\u00f5es de manejo cl\u00ednico das arboviroses\u201d, destacou.<\/p>\n<p>&nbsp;<\/p>\n<p>Ela ainda disse que apesar dessa a\u00e7\u00e3o espec\u00edfica ter terminado, as orienta\u00e7\u00f5es no combate ao mosquito e as formas de preven\u00e7\u00e3o continuar\u00e3o no calend\u00e1rio de atividades do hospital. \u201cVamos continuar nossas atividades para contribuir no combate ao Aedes aegypti e no enfrentamento da prolifera\u00e7\u00e3o das arboviroses\u201d, concluiu.<\/p>\n<p>&nbsp;<\/p>\n","protected":false},"excerpt":{"rendered":"<p>&nbsp; O Hospital Regional Costa do Cacau (HRCC), em Ilh\u00e9us, sob gest\u00e3o do Instituto de Desenvolvimento e Administra\u00e7\u00e3o Hospitalar (IBDAH), integrante de rede da Secretaria da Sa\u00fade do Estado da Bahia (Sesab), estendeu sua semana de mobiliza\u00e7\u00e3o de combate ao Aedes aegypti, mosquito transmissor da dengue, chikungunya, Zika e a febre amarela urbana, doen\u00e7as chamadas [&hellip;]<\/p>\n","protected":false},"author":2,"featured_media":161065,"comment_status":"open","ping_status":"open","sticky":false,"template":"","format":"standard","meta":{"_links_to":"","_links_to_target":""},"categories":[33436],"tags":[18987,218,37281],"_links":{"self":[{"href":"https:\/\/www.blogdothame.blog.br\/v1\/wp-json\/wp\/v2\/posts\/161062"}],"collection":[{"href":"https:\/\/www.blogdothame.blog.br\/v1\/wp-json\/wp\/v2\/posts"}],"about":[{"href":"https:\/\/www.blogdothame.blog.br\/v1\/wp-json\/wp\/v2\/types\/post"}],"author":[{"embeddable":true,"href":"https:\/\/www.blogdothame.blog.br\/v1\/wp-json\/wp\/v2\/users\/2"}],"replies":[{"embeddable":true,"href":"https:\/\/www.blogdothame.blog.br\/v1\/wp-json\/wp\/v2\/comments?post=161062"}],"version-history":[{"count":1,"href":"https:\/\/www.blogdothame.blog.br\/v1\/wp-json\/wp\/v2\/posts\/161062\/revisions"}],"predecessor-version":[{"id":161066,"href":"https:\/\/www.blogdothame.blog.br\/v1\/wp-json\/wp\/v2\/posts\/161062\/revisions\/161066"}],"wp:featuredmedia":[{"embeddable":true,"href":"https:\/\/www.blogdothame.blog.br\/v1\/wp-json\/wp\/v2\/media\/161065"}],"wp:attachment":[{"href":"https:\/\/www.blogdothame.blog.br\/v1\/wp-json\/wp\/v2\/media?parent=161062"}],"wp:term":[{"taxonomy":"category","embeddable":true,"href":"https:\/\/www.blogdothame.blog.br\/v1\/wp-json\/wp\/v2\/categories?post=161062"},{"taxonomy":"post_tag","embeddable":true,"href":"https:\/\/www.blogdothame.blog.br\/v1\/wp-json\/wp\/v2\/tags?post=161062"}],"curies":[{"name":"wp","href":"https:\/\/api.w.org\/{rel}","templated":true}]}}