{"id":160942,"date":"2024-03-21T06:51:07","date_gmt":"2024-03-21T09:51:07","guid":{"rendered":"https:\/\/www.blogdothame.blog.br\/v1\/?p=160942"},"modified":"2024-03-20T16:54:50","modified_gmt":"2024-03-20T19:54:50","slug":"faculdades-anhanguera-realiza-feira-de-empregabilidade-em-itabuna","status":"publish","type":"post","link":"https:\/\/www.blogdothame.blog.br\/v1\/2024\/03\/21\/faculdades-anhanguera-realiza-feira-de-empregabilidade-em-itabuna\/","title":{"rendered":"Faculdades Anhanguera  realiza Feira de Empregabilidade  em Itabuna"},"content":{"rendered":"<p><img loading=\"lazy\" class=\"alignright size-full wp-image-160943\" src=\"https:\/\/www.blogdothame.blog.br\/v1\/wp-content\/uploads\/2024\/03\/unnamed-1.jpg\" alt=\"\" width=\"320\" height=\"320\" srcset=\"https:\/\/www.blogdothame.blog.br\/v1\/wp-content\/uploads\/2024\/03\/unnamed-1.jpg 320w, https:\/\/www.blogdothame.blog.br\/v1\/wp-content\/uploads\/2024\/03\/unnamed-1-300x300.jpg 300w, https:\/\/www.blogdothame.blog.br\/v1\/wp-content\/uploads\/2024\/03\/unnamed-1-150x150.jpg 150w\" sizes=\"(max-width: 320px) 100vw, 320px\" \/>A Faculdade Anhanguera de Itabuna realiza nesta quinta-feira, 21 de mar\u00e7o, das 9h \u00e0s 17h, a sua 3\u00aa edi\u00e7\u00e3o da Feira de Empregabilidade, evento que tem por objetivo divulgar vagas de emprego e de est\u00e1gio para a popula\u00e7\u00e3o e alunos, e oportunizar o relacionamento entre candidatos e empresas empregadoras. Ser\u00e3o oferecidas mais de 200 vagas de emprego, com oportunidade para est\u00e1gio, CLT e com vagas exclusivas para Pessoa com Defici\u00eancia (PCD).<\/p>\n<p>&nbsp;<\/p>\n<p>A programa\u00e7\u00e3o \u00e9 gratuita e \u00e9 direcionada para a comunidade em geral. Para participar, bastar acessar o\u00a0link, preencher o formul\u00e1rio e comparecer na data e hora do evento com o curr\u00edculo, RG, CPF, Carteira de Trabalho e comprovante de resid\u00eancia.<\/p>\n<p>&nbsp;<\/p>\n<p>As empresas participantes no evento apresentar\u00e3o as vagas de emprego e est\u00e1gio em aberto e atuar\u00e3o no cadastramento dos curr\u00edculos dos participantes. Al\u00e9m disso, a programa\u00e7\u00e3o contar\u00e1 com exposi\u00e7\u00f5es e palestras sobre temas voltados \u00e0 empregabilidade a partir de diversas \u00e1reas.<\/p>\n<p>&nbsp;<\/p>\n<p>Segundo o Prof. Santo \u00c1damo, diretor da\u00a0Faculdade Anhanguera de Itabuna,\u00a0a programa\u00e7\u00e3o tem por objetivo contribuir para a diminui\u00e7\u00e3o dos \u00edndices de desemprego na regi\u00e3o.<\/p>\n<p><!--more--><\/p>\n<p>\u201cA programa\u00e7\u00e3o \u00e9 uma oportunidade de promovermos a inclus\u00e3o no mercado de trabalho aos nossos alunos e participantes em geral. Para quem est\u00e1 em busca de uma recoloca\u00e7\u00e3o ou de um primeiro emprego, a feira possibilita que a pessoa seja encontrada pelos recrutadores e seja inserida nos processos seletivos. Al\u00e9m disso, a a\u00e7\u00e3o visa potencializar o networking entre os envolvidos e marcas empregadoras que estar\u00e3o no evento e assim, contribuir com o desenvolvimento social e econ\u00f4mico da cidade. Teremos muitas oportunidades de trabalho para PCD e refor\u00e7amos para que tragam seus curr\u00edculos e participem das sele\u00e7\u00f5es que faremos aqui\u201d, ressalta.<\/p>\n<p>&nbsp;<\/p>\n<p>Entre as empresas parceiras, est\u00e3o: Head Est\u00e1gio, CIEE, IEL, SineBahia, Mix Mateus, Atacad\u00e3o e Novo Toque.<\/p>\n","protected":false},"excerpt":{"rendered":"<p>A Faculdade Anhanguera de Itabuna realiza nesta quinta-feira, 21 de mar\u00e7o, das 9h \u00e0s 17h, a sua 3\u00aa edi\u00e7\u00e3o da Feira de Empregabilidade, evento que tem por objetivo divulgar vagas de emprego e de est\u00e1gio para a popula\u00e7\u00e3o e alunos, e oportunizar o relacionamento entre candidatos e empresas empregadoras. Ser\u00e3o oferecidas mais de 200 vagas [&hellip;]<\/p>\n","protected":false},"author":2,"featured_media":160943,"comment_status":"open","ping_status":"open","sticky":false,"template":"","format":"standard","meta":{"_links_to":"","_links_to_target":""},"categories":[33435,1],"tags":[],"_links":{"self":[{"href":"https:\/\/www.blogdothame.blog.br\/v1\/wp-json\/wp\/v2\/posts\/160942"}],"collection":[{"href":"https:\/\/www.blogdothame.blog.br\/v1\/wp-json\/wp\/v2\/posts"}],"about":[{"href":"https:\/\/www.blogdothame.blog.br\/v1\/wp-json\/wp\/v2\/types\/post"}],"author":[{"embeddable":true,"href":"https:\/\/www.blogdothame.blog.br\/v1\/wp-json\/wp\/v2\/users\/2"}],"replies":[{"embeddable":true,"href":"https:\/\/www.blogdothame.blog.br\/v1\/wp-json\/wp\/v2\/comments?post=160942"}],"version-history":[{"count":1,"href":"https:\/\/www.blogdothame.blog.br\/v1\/wp-json\/wp\/v2\/posts\/160942\/revisions"}],"predecessor-version":[{"id":160944,"href":"https:\/\/www.blogdothame.blog.br\/v1\/wp-json\/wp\/v2\/posts\/160942\/revisions\/160944"}],"wp:featuredmedia":[{"embeddable":true,"href":"https:\/\/www.blogdothame.blog.br\/v1\/wp-json\/wp\/v2\/media\/160943"}],"wp:attachment":[{"href":"https:\/\/www.blogdothame.blog.br\/v1\/wp-json\/wp\/v2\/media?parent=160942"}],"wp:term":[{"taxonomy":"category","embeddable":true,"href":"https:\/\/www.blogdothame.blog.br\/v1\/wp-json\/wp\/v2\/categories?post=160942"},{"taxonomy":"post_tag","embeddable":true,"href":"https:\/\/www.blogdothame.blog.br\/v1\/wp-json\/wp\/v2\/tags?post=160942"}],"curies":[{"name":"wp","href":"https:\/\/api.w.org\/{rel}","templated":true}]}}