{"id":160801,"date":"2024-03-15T18:30:39","date_gmt":"2024-03-15T21:30:39","guid":{"rendered":"https:\/\/www.blogdothame.blog.br\/v1\/?p=160801"},"modified":"2024-03-15T16:44:08","modified_gmt":"2024-03-15T19:44:08","slug":"sec-disponibiliza-mais-de-148-mil-tablets-para-estudantes-do-ensino-medio","status":"publish","type":"post","link":"https:\/\/www.blogdothame.blog.br\/v1\/2024\/03\/15\/sec-disponibiliza-mais-de-148-mil-tablets-para-estudantes-do-ensino-medio\/","title":{"rendered":"SEC disponibiliza mais de 148 mil tablets para estudantes do Ensino M\u00e9dio"},"content":{"rendered":"<p>&nbsp;<\/p>\n<p><img loading=\"lazy\" class=\"aligncenter wp-image-160802\" src=\"https:\/\/www.blogdothame.blog.br\/v1\/wp-content\/uploads\/2024\/03\/PHOTO-2024-03-15-14-45-39.jpg\" alt=\"\" width=\"423\" height=\"282\" srcset=\"https:\/\/www.blogdothame.blog.br\/v1\/wp-content\/uploads\/2024\/03\/PHOTO-2024-03-15-14-45-39.jpg 600w, https:\/\/www.blogdothame.blog.br\/v1\/wp-content\/uploads\/2024\/03\/PHOTO-2024-03-15-14-45-39-300x200.jpg 300w\" sizes=\"(max-width: 423px) 100vw, 423px\" \/>Buscando avan\u00e7ar ainda mais no processo de moderniza\u00e7\u00e3o da sua rede escolar, a Secretaria da Educa\u00e7\u00e3o do Estado (SEC) far\u00e1, nesta segunda-feira (18), a entrega de 148.804 tablets para estudantes do 2\u00ba ano do Ensino M\u00e9dio de toda Bahia, cujo investimento foi de R$ 159.815.496. Em Ilh\u00e9us, um ato, \u00e0s 9h, no Col\u00e9gio Estadual de Tempo Integral Professor Carlos Roberto \u00c1rleo Barbosa, com a presen\u00e7a da titular da SEC, Ad\u00e9lia Pinheiro, vai marcar o in\u00edcio da entrega dos equipamentos, que j\u00e1 vir\u00e3o com chip ativado e aplicativos para estudo instalados.<\/p>\n<p><img loading=\"lazy\" class=\"alignleft size-medium wp-image-160803\" src=\"https:\/\/www.blogdothame.blog.br\/v1\/wp-content\/uploads\/2024\/03\/PHOTO-2024-03-15-14-45-35-300x200.jpg\" alt=\"\" width=\"300\" height=\"200\" srcset=\"https:\/\/www.blogdothame.blog.br\/v1\/wp-content\/uploads\/2024\/03\/PHOTO-2024-03-15-14-45-35-300x200.jpg 300w, https:\/\/www.blogdothame.blog.br\/v1\/wp-content\/uploads\/2024\/03\/PHOTO-2024-03-15-14-45-35.jpg 600w\" sizes=\"(max-width: 300px) 100vw, 300px\" \/>Ciente das transforma\u00e7\u00f5es e dos desafios que surgem com as novas tecnologias, a SEC reconhece a import\u00e2ncia de incorporar dispositivos digitais nas salas de aula. O objetivo \u00e9 proporcionar o desenvolvimento de pr\u00e1ticas pedag\u00f3gicas alinhadas com o atual contexto tecnol\u00f3gico e comprometidas com a promo\u00e7\u00e3o da inclus\u00e3o digital.<\/p>\n<p>Os aplicativos pedag\u00f3gicos instalados nos tablets atendem os diferentes eixos do conhecimento: Matem\u00e1tica (Calculadora Gr\u00e1fica, Geometria e Geogebra); Portugu\u00eas e Libras (Dicio, FioLibras, Hand Talk, Jamboard e Google tradutor); Empreendedorismo (Canva, Escola Virtual Gov, Notas de Keep, Planilhas, Adobe Scan, Agenda, Documentos, Drive e Meet); Estrat\u00e9gias de Comunica\u00e7\u00e3o (Cap Cut, C\u00e2mera, Youtube e VLC); Outras Palavras (Duolingo e Google Tradutor); Conhecendo a Bahia (Maps e Google Earth); e Jogos Pedag\u00f3gicos (Scratch e Kahoolt!).<\/p>\n<p><!--more--><\/p>\n<p>Esta \u00e9 a segunda etapa de entrega de tablets destinados \u00e0s escolas da rede. Em 2023, os primeiros 5 mil equipamentos chegaram \u00e0s unidades escolares baianas e foram utilizados com foco no Programa da Gest\u00e3o da Aprendizagem. Outros equipamentos ser\u00e3o disponibilizados, ao longo deste ano, para atender novas demandas da rede estadual, como a implanta\u00e7\u00e3o do Di\u00e1rio de Classe Digital, que permitir\u00e1 melhor acompanhamento da vida escolar dos alunos e ado\u00e7\u00e3o de estrat\u00e9gias para melhorar seu desempenho.<\/p>\n<p>Ilh\u00e9us &#8211; Na cidade do Sul do Estado, a entrega dos tablets contar\u00e1, ainda, com a participa\u00e7\u00e3o de professores, estudantes e gestores das seguintes unidades: Col\u00e9gio Modelo Lu\u00eds Eduardo Magalh\u00e3es, Col\u00e9gio Estadual Professor Fabio Araripe Goulart, Col\u00e9gio Estadual Moyses Bohana, Col\u00e9gio da Pol\u00edcia Militar (CPM R\u00f4mulo Galv\u00e3o), Centro Estadual de Educa\u00e7\u00e3o Profissional em Gest\u00e3o e Tecnologia da Informa\u00e7\u00e3o \u00c1lvaro Melo Vieira, Centro Estadual de Educa\u00e7\u00e3o Profissional do Chocolate Nelson Schaun e Col\u00e9gio Estadual do Iguape.<\/p>\n<p>(Fotos Luiz Carrera)<\/p>\n","protected":false},"excerpt":{"rendered":"<p>&nbsp; Buscando avan\u00e7ar ainda mais no processo de moderniza\u00e7\u00e3o da sua rede escolar, a Secretaria da Educa\u00e7\u00e3o do Estado (SEC) far\u00e1, nesta segunda-feira (18), a entrega de 148.804 tablets para estudantes do 2\u00ba ano do Ensino M\u00e9dio de toda Bahia, cujo investimento foi de R$ 159.815.496. Em Ilh\u00e9us, um ato, \u00e0s 9h, no Col\u00e9gio Estadual [&hellip;]<\/p>\n","protected":false},"author":2,"featured_media":160802,"comment_status":"open","ping_status":"open","sticky":false,"template":"","format":"standard","meta":{"_links_to":"","_links_to_target":""},"categories":[33432],"tags":[81,51,37244,9036,5926],"_links":{"self":[{"href":"https:\/\/www.blogdothame.blog.br\/v1\/wp-json\/wp\/v2\/posts\/160801"}],"collection":[{"href":"https:\/\/www.blogdothame.blog.br\/v1\/wp-json\/wp\/v2\/posts"}],"about":[{"href":"https:\/\/www.blogdothame.blog.br\/v1\/wp-json\/wp\/v2\/types\/post"}],"author":[{"embeddable":true,"href":"https:\/\/www.blogdothame.blog.br\/v1\/wp-json\/wp\/v2\/users\/2"}],"replies":[{"embeddable":true,"href":"https:\/\/www.blogdothame.blog.br\/v1\/wp-json\/wp\/v2\/comments?post=160801"}],"version-history":[{"count":2,"href":"https:\/\/www.blogdothame.blog.br\/v1\/wp-json\/wp\/v2\/posts\/160801\/revisions"}],"predecessor-version":[{"id":160809,"href":"https:\/\/www.blogdothame.blog.br\/v1\/wp-json\/wp\/v2\/posts\/160801\/revisions\/160809"}],"wp:featuredmedia":[{"embeddable":true,"href":"https:\/\/www.blogdothame.blog.br\/v1\/wp-json\/wp\/v2\/media\/160802"}],"wp:attachment":[{"href":"https:\/\/www.blogdothame.blog.br\/v1\/wp-json\/wp\/v2\/media?parent=160801"}],"wp:term":[{"taxonomy":"category","embeddable":true,"href":"https:\/\/www.blogdothame.blog.br\/v1\/wp-json\/wp\/v2\/categories?post=160801"},{"taxonomy":"post_tag","embeddable":true,"href":"https:\/\/www.blogdothame.blog.br\/v1\/wp-json\/wp\/v2\/tags?post=160801"}],"curies":[{"name":"wp","href":"https:\/\/api.w.org\/{rel}","templated":true}]}}