{"id":160291,"date":"2024-03-03T11:06:59","date_gmt":"2024-03-03T14:06:59","guid":{"rendered":"https:\/\/www.blogdothame.blog.br\/v1\/?p=160291"},"modified":"2024-03-03T11:06:59","modified_gmt":"2024-03-03T14:06:59","slug":"atletas-femininas-sao-destaque-na-etapa-do-projeto-verao-costa-a-costa-em-ilheus","status":"publish","type":"post","link":"https:\/\/www.blogdothame.blog.br\/v1\/2024\/03\/03\/atletas-femininas-sao-destaque-na-etapa-do-projeto-verao-costa-a-costa-em-ilheus\/","title":{"rendered":"Atletas femininas s\u00e3o destaque na etapa do projeto Ver\u00e3o Costa a Costa, em Ilh\u00e9us"},"content":{"rendered":"<p><img loading=\"lazy\" class=\"aligncenter size-full wp-image-160292\" src=\"https:\/\/www.blogdothame.blog.br\/v1\/wp-content\/uploads\/2024\/03\/PHOTO-2024-03-03-10-54-26-1.jpg\" alt=\"\" width=\"448\" height=\"299\" srcset=\"https:\/\/www.blogdothame.blog.br\/v1\/wp-content\/uploads\/2024\/03\/PHOTO-2024-03-03-10-54-26-1.jpg 448w, https:\/\/www.blogdothame.blog.br\/v1\/wp-content\/uploads\/2024\/03\/PHOTO-2024-03-03-10-54-26-1-300x200.jpg 300w\" sizes=\"(max-width: 448px) 100vw, 448px\" \/><\/p>\n<p>A participa\u00e7\u00e3o expressiva das mulheres na etapa de Ilh\u00e9us do projeto Ver\u00e3o Costa a Costa surpreendeu os organizadores, que tiveram que abrir mais vagas em modalidades como o futev\u00f4lei para atender \u00e0 demanda. A etapa termina neste domingo (03\/03) com as finais das principais modalidades, na arena montada na praia da Avenida Soares Lopes.<\/p>\n<p><img loading=\"lazy\" class=\"aligncenter  wp-image-160293\" src=\"https:\/\/www.blogdothame.blog.br\/v1\/wp-content\/uploads\/2024\/03\/PHOTO-2024-03-03-10-54-28.jpg\" alt=\"\" width=\"273\" height=\"341\" srcset=\"https:\/\/www.blogdothame.blog.br\/v1\/wp-content\/uploads\/2024\/03\/PHOTO-2024-03-03-10-54-28.jpg 359w, https:\/\/www.blogdothame.blog.br\/v1\/wp-content\/uploads\/2024\/03\/PHOTO-2024-03-03-10-54-28-240x300.jpg 240w\" sizes=\"(max-width: 273px) 100vw, 273px\" \/><\/p>\n<p>O futev\u00f4lei foi a modalidade com maior participa\u00e7\u00e3o feminina: 32 atletas que formaram 16 duplas. &#8220;N\u00f3s tivemos que encerrar as inscri\u00e7\u00f5es e criamos uma lista de espera&#8221;, disse Marcelo de Almeida, chefe de arbitragem da Federa\u00e7\u00e3o Baiana de Futev\u00f4lei. &#8220;As mulheres querem conquistar o espa\u00e7o delas em todos os lugares, inclusive no esporte. E elas gostam de esporte de praia&#8221;, completou.<\/p>\n<p><img loading=\"lazy\" class=\"aligncenter  wp-image-160294\" src=\"https:\/\/www.blogdothame.blog.br\/v1\/wp-content\/uploads\/2024\/03\/PHOTO-2024-03-03-10-54-26.jpg\" alt=\"\" width=\"300\" height=\"374\" srcset=\"https:\/\/www.blogdothame.blog.br\/v1\/wp-content\/uploads\/2024\/03\/PHOTO-2024-03-03-10-54-26.jpg 359w, https:\/\/www.blogdothame.blog.br\/v1\/wp-content\/uploads\/2024\/03\/PHOTO-2024-03-03-10-54-26-240x300.jpg 240w\" sizes=\"(max-width: 300px) 100vw, 300px\" \/><\/p>\n<p>A m\u00e9dica Beatriz do Amor e a pedagoga Paulinha Silva formam uma das duplas mais competitivas. Elas jogam bola desde crian\u00e7a e conciliam as profiss\u00f5es com a paix\u00e3o pelo futev\u00f4lei. &#8220;Come\u00e7amos no esporte durante a pandemia e desde entao jogamos juntas. \u00c9 onde a gente relaxa, \u00e9 um momento de lazer&#8221;, disse Beatriz. &#8220;\u00c9 meu esporte favorito. Nao me vejo longe do futev\u00f4lei&#8221;, acrescentou Paulinha.<\/p>\n<p><!--more--><\/p>\n<p>Beach Soccer &#8211; al\u00e9m do futev\u00f4lei e de modalidades como o v\u00f4lei de praia e baleado, esportes que j\u00e1 contam com expressiva participa\u00e7\u00e3o feminina, o beach soccer tamb\u00e9m se destacou atraindo as mulheres . Oito equipes femininas disputaram a competi\u00e7\u00e3o em Ilh\u00e9us.<\/p>\n<p>Entre as atletas, Jaqueline Pereira, de 30 anos, trabalha em uma cafeteria e sempre que poss\u00edvel pratica o beach soccer, nas horas vagas. &#8220;\u00c9 minha vida. Eu me realizo&#8221;, afirmou enquanto servia caf\u00e9 aos clientes. \u00c0 tarde, depois de cumprir o hor\u00e1rio de trabalho, vestiu o uniforme e foi para a quadra se preparar para a competi\u00e7\u00e3o.<\/p>\n<p><img loading=\"lazy\" class=\"aligncenter  wp-image-160295\" src=\"https:\/\/www.blogdothame.blog.br\/v1\/wp-content\/uploads\/2024\/03\/PHOTO-2024-03-03-10-54-22.jpg\" alt=\"\" width=\"334\" height=\"418\" srcset=\"https:\/\/www.blogdothame.blog.br\/v1\/wp-content\/uploads\/2024\/03\/PHOTO-2024-03-03-10-54-22.jpg 362w, https:\/\/www.blogdothame.blog.br\/v1\/wp-content\/uploads\/2024\/03\/PHOTO-2024-03-03-10-54-22-240x300.jpg 240w\" sizes=\"(max-width: 334px) 100vw, 334px\" \/><\/p>\n<p>A quadra de beach soccer, totalmente iluminada, \u00e9 um dos legados do projeto Ver\u00e3o Costa a Costa para o munic\u00edpio. &#8220;Vamos deixar essa quadra, al\u00e9m da quadra de futmesa, cumprindo nosso objetivo de estimular a pr\u00e1tica esportiva&#8221;, disse o coordenador geral da Uni\u00e3o das Federa\u00e7\u00f5es de Esporte Amador (Unisport), parceira do Governo da Bahia na realiza\u00e7\u00e3o do evento.<\/p>\n<p>Crian\u00e7as &#8211; Assim como as mulheres, as crian\u00e7as tamb\u00e9m marcaram presen\u00e7a, mas em outras duas modalidades: xadrez e skate. O estudante Bernardo Nascimento come\u00e7ou a jogar xadrez h\u00e1 um ano, como atividade escolar. J\u00e1 venceu um torneio na escola e saiu da competi\u00e7\u00e3o do Costa a Costa com uma medalha. &#8221; Eu gosto muito de desafios mentais. O xadrez \u00e9 desafiador, estimula o c\u00e9rebro, ajuda a pensar pra fazer as jogas e sempre que tem uma competi\u00e7\u00e3o eu venho participar. Estou me divertindo muito&#8221;.<\/p>\n<p><img loading=\"lazy\" class=\"aligncenter  wp-image-160296\" src=\"https:\/\/www.blogdothame.blog.br\/v1\/wp-content\/uploads\/2024\/03\/PHOTO-2024-03-03-10-54-28-1.jpg\" alt=\"\" width=\"351\" height=\"235\" srcset=\"https:\/\/www.blogdothame.blog.br\/v1\/wp-content\/uploads\/2024\/03\/PHOTO-2024-03-03-10-54-28-1.jpg 320w, https:\/\/www.blogdothame.blog.br\/v1\/wp-content\/uploads\/2024\/03\/PHOTO-2024-03-03-10-54-28-1-300x201.jpg 300w\" sizes=\"(max-width: 351px) 100vw, 351px\" \/><\/p>\n<p>Pela primeira vez o xadrez fez parte da programa\u00e7\u00e3o do Costa a Costa. Se depender da crian\u00e7ada, a modalidade veio pra ficar. Amiga e colega de Bernardo na escola, Indira Paes, de 12 anos, desde que conheceu o xadrez, se apaixonou. &#8220;Eu venho aprimorando os meus conhecimentos. Gosto muito&#8221;, disse.<\/p>\n<p>A crian\u00e7ada \u00e9 destaque tamb\u00e9m na pista de skate. O baiano Anthony Ferreira, de 11 anos, terceiro lugar no campeonato brasileiro na categoria mirim, foi uma das atra\u00e7\u00f5es da competi\u00e7\u00e3o em Ilh\u00e9us. Apoiado pelo programa Faz Atleta do Governo da Bahia, Anthony viaja o pa\u00eds participando de competi\u00e7\u00f5es.<\/p>\n<p>Neste domingo est\u00e3o sendo disputadas as finais de varias modalidades, com destaque para o baleado, tamb\u00e9m estreando no projeto. O Ver\u00e3o Costa a Costa II \u00e9 uma iniciativa do Governo da Bahia sob a coordena\u00e7\u00e3o da Secretaria do Trabalho, Emprego, Renda e Esporte (Setre) por meio da Superintend\u00eancia de Desportos do Estado da Bahia (Sudesb) em parceria com a Unisport, com organiza\u00e7\u00e3o da MCS Marketing Esportivo e apoio da Prefeitura Municipal de Ilh\u00e9us.<\/p>\n","protected":false},"excerpt":{"rendered":"<p>A participa\u00e7\u00e3o expressiva das mulheres na etapa de Ilh\u00e9us do projeto Ver\u00e3o Costa a Costa surpreendeu os organizadores, que tiveram que abrir mais vagas em modalidades como o futev\u00f4lei para atender \u00e0 demanda. A etapa termina neste domingo (03\/03) com as finais das principais modalidades, na arena montada na praia da Avenida Soares Lopes. O [&hellip;]<\/p>\n","protected":false},"author":2,"featured_media":160293,"comment_status":"open","ping_status":"open","sticky":false,"template":"","format":"standard","meta":{"_links_to":"","_links_to_target":""},"categories":[33433],"tags":[37151,218,26203],"_links":{"self":[{"href":"https:\/\/www.blogdothame.blog.br\/v1\/wp-json\/wp\/v2\/posts\/160291"}],"collection":[{"href":"https:\/\/www.blogdothame.blog.br\/v1\/wp-json\/wp\/v2\/posts"}],"about":[{"href":"https:\/\/www.blogdothame.blog.br\/v1\/wp-json\/wp\/v2\/types\/post"}],"author":[{"embeddable":true,"href":"https:\/\/www.blogdothame.blog.br\/v1\/wp-json\/wp\/v2\/users\/2"}],"replies":[{"embeddable":true,"href":"https:\/\/www.blogdothame.blog.br\/v1\/wp-json\/wp\/v2\/comments?post=160291"}],"version-history":[{"count":1,"href":"https:\/\/www.blogdothame.blog.br\/v1\/wp-json\/wp\/v2\/posts\/160291\/revisions"}],"predecessor-version":[{"id":160297,"href":"https:\/\/www.blogdothame.blog.br\/v1\/wp-json\/wp\/v2\/posts\/160291\/revisions\/160297"}],"wp:featuredmedia":[{"embeddable":true,"href":"https:\/\/www.blogdothame.blog.br\/v1\/wp-json\/wp\/v2\/media\/160293"}],"wp:attachment":[{"href":"https:\/\/www.blogdothame.blog.br\/v1\/wp-json\/wp\/v2\/media?parent=160291"}],"wp:term":[{"taxonomy":"category","embeddable":true,"href":"https:\/\/www.blogdothame.blog.br\/v1\/wp-json\/wp\/v2\/categories?post=160291"},{"taxonomy":"post_tag","embeddable":true,"href":"https:\/\/www.blogdothame.blog.br\/v1\/wp-json\/wp\/v2\/tags?post=160291"}],"curies":[{"name":"wp","href":"https:\/\/api.w.org\/{rel}","templated":true}]}}