{"id":160283,"date":"2024-03-03T09:12:46","date_gmt":"2024-03-03T12:12:46","guid":{"rendered":"https:\/\/www.blogdothame.blog.br\/v1\/?p=160283"},"modified":"2024-03-03T09:12:46","modified_gmt":"2024-03-03T12:12:46","slug":"apertamos-ainda-mais-o-cerco-afirma-governador-sobre-acoes-de-combate-a-dengue-na-bahia-que-ja-somam-investimento-de-r-19-milhoes","status":"publish","type":"post","link":"https:\/\/www.blogdothame.blog.br\/v1\/2024\/03\/03\/apertamos-ainda-mais-o-cerco-afirma-governador-sobre-acoes-de-combate-a-dengue-na-bahia-que-ja-somam-investimento-de-r-19-milhoes\/","title":{"rendered":"&#8220;Apertamos ainda mais o cerco &#8220;, afirma governador sobre a\u00e7\u00f5es de combate \u00e0 dengue na Bahia que j\u00e1 somam investimento de R$ 19 milh\u00f5es"},"content":{"rendered":"<p><img loading=\"lazy\" class=\"aligncenter  wp-image-160284\" src=\"https:\/\/www.blogdothame.blog.br\/v1\/wp-content\/uploads\/2024\/03\/dengue-6.jpg\" alt=\"\" width=\"458\" height=\"305\" srcset=\"https:\/\/www.blogdothame.blog.br\/v1\/wp-content\/uploads\/2024\/03\/dengue-6.jpg 600w, https:\/\/www.blogdothame.blog.br\/v1\/wp-content\/uploads\/2024\/03\/dengue-6-300x200.jpg 300w\" sizes=\"(max-width: 458px) 100vw, 458px\" \/><\/p>\n<p>O Governo do Estado j\u00e1 investiu mais de R$ 19 milh\u00f5es em a\u00e7\u00f5es e aderiu ao Dia D de mobiliza\u00e7\u00e3o nacional contra a Dengue, que acontece neste s\u00e1bado (2). Em Ibipitanga, nesta manh\u00e3, o governador Jer\u00f4nimo Rodrigues lan\u00e7ou oficialmente a campanha estadual de combate \u00e0 doen\u00e7a, e conheceu as equipes formadas por agentes de endemias, agentes comunit\u00e1rios de sa\u00fade e bombeiros militares que realizam visitas t\u00e9cnicas \u00e0s resid\u00eancias dialogando com a popula\u00e7\u00e3o e entregando material da campanha de combate \u00e0 dengue.<\/p>\n<p><img loading=\"lazy\" class=\"aligncenter  wp-image-160285\" src=\"https:\/\/www.blogdothame.blog.br\/v1\/wp-content\/uploads\/2024\/03\/dengue-5.jpg\" alt=\"\" width=\"362\" height=\"250\" srcset=\"https:\/\/www.blogdothame.blog.br\/v1\/wp-content\/uploads\/2024\/03\/dengue-5.jpg 600w, https:\/\/www.blogdothame.blog.br\/v1\/wp-content\/uploads\/2024\/03\/dengue-5-300x207.jpg 300w\" sizes=\"(max-width: 362px) 100vw, 362px\" \/><br \/>\nO dia come\u00e7ou com a visita do governador \u00e0 resid\u00eancia de uma moradora da cidade, juntamente com a secret\u00e1ria estadual da Sa\u00fade, Roberta Santana, e equipe de combate \u00e0s endemias, para inspe\u00e7\u00e3o e o in\u00edcio das atividades da campanha de mobiliza\u00e7\u00e3o. Jer\u00f4nimo Rodrigues ressaltou a movimenta\u00e7\u00e3o em toda a Bahia.<\/p>\n<p><img loading=\"lazy\" class=\"aligncenter  wp-image-160286\" src=\"https:\/\/www.blogdothame.blog.br\/v1\/wp-content\/uploads\/2024\/03\/dengue-3.jpg\" alt=\"\" width=\"422\" height=\"281\" srcset=\"https:\/\/www.blogdothame.blog.br\/v1\/wp-content\/uploads\/2024\/03\/dengue-3.jpg 600w, https:\/\/www.blogdothame.blog.br\/v1\/wp-content\/uploads\/2024\/03\/dengue-3-300x200.jpg 300w\" sizes=\"(max-width: 422px) 100vw, 422px\" \/><br \/>\n\u201cApertamos ainda mais o cerco e estamos convocando a participa\u00e7\u00e3o de todos nessa grande mobiliza\u00e7\u00e3o contra a dengue na Bahia. Aproveitamos o dia 2 de mar\u00e7o para abrir em todo estado o dia D contra a dengue. Aqui, hoje, visitamos a resid\u00eancia de dona Joana, numa demonstra\u00e7\u00e3o do trabalho que \u00e9 feito diariamente pelos agentes nas casas das pessoas. As equipes s\u00e3o formadas por agentes de sa\u00fade do munic\u00edpio, Corpo de Bombeiros e pelo N\u00facleo Regional de Sa\u00fade.\u201d, ressaltou o governador.<\/p>\n<p><!--more--><br \/>\nTamb\u00e9m na ocasi\u00e3o, foram distribu\u00eddos 3.685 kits para agentes de combate \u00e0s endemias em 129 munic\u00edpios que est\u00e3o em estado de epidemia ou alerta, de um total de 11.750 adquiridos pelo governo estadual. Os kits restantes ser\u00e3o gradualmente entregues aos 288 munic\u00edpios restantes. O governador ainda anunciou a amplia\u00e7\u00e3o frota estadual de Ultra Baixo Volume (UBV), tamb\u00e9m conhecido como fumac\u00ea. Ap\u00f3s a aquisi\u00e7\u00e3o de nove ve\u00edculos, agora o Governo do Estado possui 36 equipamentos dispon\u00edveis.<\/p>\n<p>A secret\u00e1ria estadual da Sa\u00fade, Roberta Santana, refor\u00e7ou que o governo vem atuando e investindo em a\u00e7\u00f5es de combate \u00e0 dengue, mas lembrou que a participa\u00e7\u00e3o de todos \u00e9 fundamental. \u201cCada um pode tirar 10 minutos do seu dia para verificar os focos de dengue na sua casa, olhar as caixas d\u2019\u00e1gua, calhas e poss\u00edveis plantas que tenha. A gente faz essa grande chamada para a popula\u00e7\u00e3o. Essa \u00e9 uma estrat\u00e9gia de enfrentamento do governo do estado da Bahia que se faz presente, s\u00f3 falta voc\u00ea fazer a sua parte\u201d.<\/p>\n<p><img loading=\"lazy\" class=\"aligncenter  wp-image-160287\" src=\"https:\/\/www.blogdothame.blog.br\/v1\/wp-content\/uploads\/2024\/03\/dengue-1.jpg\" alt=\"\" width=\"414\" height=\"277\" srcset=\"https:\/\/www.blogdothame.blog.br\/v1\/wp-content\/uploads\/2024\/03\/dengue-1.jpg 600w, https:\/\/www.blogdothame.blog.br\/v1\/wp-content\/uploads\/2024\/03\/dengue-1-300x201.jpg 300w\" sizes=\"(max-width: 414px) 100vw, 414px\" \/><br \/>\nO Chefe de Endemias e Entomologia da prefeitura de Ibipitanga, Eduardo Nonato, ressaltou a ajuda do Corpo de Bombeiros nessa a\u00e7\u00e3o, bem como a popula\u00e7\u00e3o imbu\u00edda para diminuir os casos de dengue na cidade. \u201cVamos fazer esse trabalho de rotina e agora com outras pessoas envolvidas, entrando nas casas, averiguando caixas para ver se tem o foco da dengue e passar orienta\u00e7\u00f5es para essas pessoas\u201d, frisou.<\/p>\n<p><img loading=\"lazy\" class=\"aligncenter  wp-image-160288\" src=\"https:\/\/www.blogdothame.blog.br\/v1\/wp-content\/uploads\/2024\/03\/dengue-4.jpg\" alt=\"\" width=\"365\" height=\"243\" srcset=\"https:\/\/www.blogdothame.blog.br\/v1\/wp-content\/uploads\/2024\/03\/dengue-4.jpg 600w, https:\/\/www.blogdothame.blog.br\/v1\/wp-content\/uploads\/2024\/03\/dengue-4-300x200.jpg 300w\" sizes=\"(max-width: 365px) 100vw, 365px\" \/><br \/>\nA a\u00e7\u00e3o de mobiliza\u00e7\u00e3o nacional \u00e9 coordenada pelo Minist\u00e9rio da Sa\u00fade e na Bahia, a Secretaria da Sa\u00fade do Estado contou com a parceria do Conselho Estadual dos Secret\u00e1rios Municipais de Sa\u00fade da Bahia (Cosems-BA), da Uni\u00e3o dos Munic\u00edpios da Bahia (UPB) e do Conselho Estadual de Sa\u00fade (CES) para mobilizar gestores e a sociedade.<\/p>\n<p>Cen\u00e1rio da Dengue na Bahia<\/p>\n<p><img loading=\"lazy\" class=\"aligncenter  wp-image-160289\" src=\"https:\/\/www.blogdothame.blog.br\/v1\/wp-content\/uploads\/2024\/03\/dengue-2.jpg\" alt=\"\" width=\"405\" height=\"282\" srcset=\"https:\/\/www.blogdothame.blog.br\/v1\/wp-content\/uploads\/2024\/03\/dengue-2.jpg 597w, https:\/\/www.blogdothame.blog.br\/v1\/wp-content\/uploads\/2024\/03\/dengue-2-300x209.jpg 300w\" sizes=\"(max-width: 405px) 100vw, 405px\" \/><\/p>\n<p>A Bahia registra 23.458 casos prov\u00e1veis at\u00e9 o dia 29 de fevereiro de 2024, marcando um aumento de 179% em compara\u00e7\u00e3o ao mesmo per\u00edodo do ano anterior. Ao todo, ?64 cidades est\u00e3o em epidemia, com destaque para a regi\u00e3o Sudoeste. At\u00e9 o momento, oito mortes foram confirmadas pela C\u00e2mara T\u00e9cnica Estadual de An\u00e1lise de \u00d3bito nos munic\u00edpios de Ibiassuc\u00ea, Jacaraci, Pirip\u00e1, Irec\u00ea, Vit\u00f3ria da Conquista, Feira de Santana e Barra do Cho\u00e7a.<\/p>\n<p>Fotos Mateus Pereira GOVBA<\/p>\n","protected":false},"excerpt":{"rendered":"<p>O Governo do Estado j\u00e1 investiu mais de R$ 19 milh\u00f5es em a\u00e7\u00f5es e aderiu ao Dia D de mobiliza\u00e7\u00e3o nacional contra a Dengue, que acontece neste s\u00e1bado (2). Em Ibipitanga, nesta manh\u00e3, o governador Jer\u00f4nimo Rodrigues lan\u00e7ou oficialmente a campanha estadual de combate \u00e0 doen\u00e7a, e conheceu as equipes formadas por agentes de endemias, [&hellip;]<\/p>\n","protected":false},"author":2,"featured_media":160284,"comment_status":"open","ping_status":"open","sticky":false,"template":"","format":"standard","meta":{"_links_to":"","_links_to_target":""},"categories":[33432],"tags":[37132,16,12213],"_links":{"self":[{"href":"https:\/\/www.blogdothame.blog.br\/v1\/wp-json\/wp\/v2\/posts\/160283"}],"collection":[{"href":"https:\/\/www.blogdothame.blog.br\/v1\/wp-json\/wp\/v2\/posts"}],"about":[{"href":"https:\/\/www.blogdothame.blog.br\/v1\/wp-json\/wp\/v2\/types\/post"}],"author":[{"embeddable":true,"href":"https:\/\/www.blogdothame.blog.br\/v1\/wp-json\/wp\/v2\/users\/2"}],"replies":[{"embeddable":true,"href":"https:\/\/www.blogdothame.blog.br\/v1\/wp-json\/wp\/v2\/comments?post=160283"}],"version-history":[{"count":1,"href":"https:\/\/www.blogdothame.blog.br\/v1\/wp-json\/wp\/v2\/posts\/160283\/revisions"}],"predecessor-version":[{"id":160290,"href":"https:\/\/www.blogdothame.blog.br\/v1\/wp-json\/wp\/v2\/posts\/160283\/revisions\/160290"}],"wp:featuredmedia":[{"embeddable":true,"href":"https:\/\/www.blogdothame.blog.br\/v1\/wp-json\/wp\/v2\/media\/160284"}],"wp:attachment":[{"href":"https:\/\/www.blogdothame.blog.br\/v1\/wp-json\/wp\/v2\/media?parent=160283"}],"wp:term":[{"taxonomy":"category","embeddable":true,"href":"https:\/\/www.blogdothame.blog.br\/v1\/wp-json\/wp\/v2\/categories?post=160283"},{"taxonomy":"post_tag","embeddable":true,"href":"https:\/\/www.blogdothame.blog.br\/v1\/wp-json\/wp\/v2\/tags?post=160283"}],"curies":[{"name":"wp","href":"https:\/\/api.w.org\/{rel}","templated":true}]}}